{"id":10722,"date":"2023-01-31T13:53:31","date_gmt":"2023-01-31T12:53:31","guid":{"rendered":"https:\/\/3zskadan.cz\/?p=10722"},"modified":"2023-01-31T13:53:34","modified_gmt":"2023-01-31T12:53:34","slug":"mlade-ekonomky","status":"publish","type":"post","link":"https:\/\/3zskadan.cz\/?p=10722","title":{"rendered":"Mlad\u00e9 ekonomky"},"content":{"rendered":"<p>Minul\u00fd t\u00fdden se d\u011bv\u010data z\u00a0dev\u00e1t\u00fdch ro\u010dn\u00edk\u016f, Anna Hercl\u00edkov\u00e1, Julie Svobodov\u00e1 a Roz\u00e1rka Vy\u010dichlov\u00e1, z\u00fa\u010dastnila krajsk\u00e9ho kola sout\u011b\u017ee Mlad\u00fd ekonom \u00dasteck\u00e9ho kraje, kam postoupila d\u00edky v\u00fdh\u0159e v\u00a0oblastn\u00edm kole. Ani v\u00a0krajsk\u00e9 sout\u011b\u017ei, kter\u00e1 se konala v\u00a0dalek\u00e9m D\u011b\u010d\u00edn\u011b, n\u00e1\u0161 t\u00fdm nezklamal a ve velmi vyrovnan\u00e9m startovn\u00edm poli se um\u00edstil na skv\u011bl\u00e9m \u0161est\u00e9m m\u00edst\u011b. Gratulujeme!<\/p>\n<p>Mgr. Polda<\/p>\n\n\n<figure class=\"wp-block-gallery has-nested-images columns-default is-cropped wp-block-gallery-1 is-layout-flex wp-block-gallery-is-layout-flex\">\n<figure class=\"wp-block-image size-large\"><img data-recalc-dims=\"1\" fetchpriority=\"high\" decoding=\"async\" width=\"1024\" height=\"683\" data-attachment-id=\"10721\" data-permalink=\"https:\/\/3zskadan.cz\/?attachment_id=10721\" data-orig-file=\"https:\/\/i0.wp.com\/3zskadan.cz\/wp-content\/uploads\/PHOTO-2023-01-31-09-05-02.jpg?fit=2048%2C1365&amp;ssl=1\" data-orig-size=\"2048,1365\" data-comments-opened=\"1\" data-image-meta=\"{&quot;aperture&quot;:&quot;0&quot;,&quot;credit&quot;:&quot;&quot;,&quot;camera&quot;:&quot;&quot;,&quot;caption&quot;:&quot;&quot;,&quot;created_timestamp&quot;:&quot;0&quot;,&quot;copyright&quot;:&quot;&quot;,&quot;focal_length&quot;:&quot;0&quot;,&quot;iso&quot;:&quot;0&quot;,&quot;shutter_speed&quot;:&quot;0&quot;,&quot;title&quot;:&quot;&quot;,&quot;orientation&quot;:&quot;0&quot;}\" data-image-title=\"Finan\u010dn\u00ed gramotnost\" data-image-description=\"\" data-image-caption=\"\" data-large-file=\"https:\/\/i0.wp.com\/3zskadan.cz\/wp-content\/uploads\/PHOTO-2023-01-31-09-05-02.jpg?fit=1024%2C683&amp;ssl=1\" data-id=\"10721\" src=\"https:\/\/i0.wp.com\/3zskadan.cz\/wp-content\/uploads\/PHOTO-2023-01-31-09-05-02.jpg?resize=1024%2C683&#038;ssl=1\" alt=\"\" class=\"wp-image-10721\" srcset=\"https:\/\/i0.wp.com\/3zskadan.cz\/wp-content\/uploads\/PHOTO-2023-01-31-09-05-02.jpg?resize=1024%2C683&amp;ssl=1 1024w, https:\/\/i0.wp.com\/3zskadan.cz\/wp-content\/uploads\/PHOTO-2023-01-31-09-05-02.jpg?resize=300%2C200&amp;ssl=1 300w, https:\/\/i0.wp.com\/3zskadan.cz\/wp-content\/uploads\/PHOTO-2023-01-31-09-05-02.jpg?resize=768%2C512&amp;ssl=1 768w, https:\/\/i0.wp.com\/3zskadan.cz\/wp-content\/uploads\/PHOTO-2023-01-31-09-05-02.jpg?resize=1536%2C1024&amp;ssl=1 1536w, https:\/\/i0.wp.com\/3zskadan.cz\/wp-content\/uploads\/PHOTO-2023-01-31-09-05-02.jpg?resize=272%2C182&amp;ssl=1 272w, https:\/\/i0.wp.com\/3zskadan.cz\/wp-content\/uploads\/PHOTO-2023-01-31-09-05-02.jpg?w=2048&amp;ssl=1 2048w\" sizes=\"(max-width: 1024px) 100vw, 1024px\" \/><\/figure>\n\n\n\n<figure class=\"wp-block-image size-large\"><img data-recalc-dims=\"1\" decoding=\"async\" width=\"1024\" height=\"683\" data-attachment-id=\"10720\" data-permalink=\"https:\/\/3zskadan.cz\/?attachment_id=10720\" data-orig-file=\"https:\/\/i0.wp.com\/3zskadan.cz\/wp-content\/uploads\/PHOTO-2023-01-31-09-05-022.jpg?fit=2048%2C1365&amp;ssl=1\" data-orig-size=\"2048,1365\" data-comments-opened=\"1\" data-image-meta=\"{&quot;aperture&quot;:&quot;0&quot;,&quot;credit&quot;:&quot;&quot;,&quot;camera&quot;:&quot;&quot;,&quot;caption&quot;:&quot;&quot;,&quot;created_timestamp&quot;:&quot;0&quot;,&quot;copyright&quot;:&quot;&quot;,&quot;focal_length&quot;:&quot;0&quot;,&quot;iso&quot;:&quot;0&quot;,&quot;shutter_speed&quot;:&quot;0&quot;,&quot;title&quot;:&quot;&quot;,&quot;orientation&quot;:&quot;0&quot;}\" data-image-title=\"Finan\u010dn\u00ed gramotnost\" data-image-description=\"\" data-image-caption=\"\" data-large-file=\"https:\/\/i0.wp.com\/3zskadan.cz\/wp-content\/uploads\/PHOTO-2023-01-31-09-05-022.jpg?fit=1024%2C683&amp;ssl=1\" data-id=\"10720\" src=\"https:\/\/i0.wp.com\/3zskadan.cz\/wp-content\/uploads\/PHOTO-2023-01-31-09-05-022.jpg?resize=1024%2C683&#038;ssl=1\" alt=\"\" class=\"wp-image-10720\" srcset=\"https:\/\/i0.wp.com\/3zskadan.cz\/wp-content\/uploads\/PHOTO-2023-01-31-09-05-022.jpg?resize=1024%2C683&amp;ssl=1 1024w, https:\/\/i0.wp.com\/3zskadan.cz\/wp-content\/uploads\/PHOTO-2023-01-31-09-05-022.jpg?resize=300%2C200&amp;ssl=1 300w, https:\/\/i0.wp.com\/3zskadan.cz\/wp-content\/uploads\/PHOTO-2023-01-31-09-05-022.jpg?resize=768%2C512&amp;ssl=1 768w, https:\/\/i0.wp.com\/3zskadan.cz\/wp-content\/uploads\/PHOTO-2023-01-31-09-05-022.jpg?resize=1536%2C1024&amp;ssl=1 1536w, https:\/\/i0.wp.com\/3zskadan.cz\/wp-content\/uploads\/PHOTO-2023-01-31-09-05-022.jpg?resize=272%2C182&amp;ssl=1 272w, https:\/\/i0.wp.com\/3zskadan.cz\/wp-content\/uploads\/PHOTO-2023-01-31-09-05-022.jpg?w=2048&amp;ssl=1 2048w\" sizes=\"(max-width: 1024px) 100vw, 1024px\" \/><\/figure>\n\n\n\n<figure class=\"wp-block-image size-large\"><img data-recalc-dims=\"1\" decoding=\"async\" width=\"461\" height=\"1024\" data-attachment-id=\"10719\" data-permalink=\"https:\/\/3zskadan.cz\/?attachment_id=10719\" data-orig-file=\"https:\/\/i0.wp.com\/3zskadan.cz\/wp-content\/uploads\/PHOTO-2023-01-31-09-05-021.jpg?fit=900%2C2000&amp;ssl=1\" data-orig-size=\"900,2000\" data-comments-opened=\"1\" data-image-meta=\"{&quot;aperture&quot;:&quot;0&quot;,&quot;credit&quot;:&quot;&quot;,&quot;camera&quot;:&quot;&quot;,&quot;caption&quot;:&quot;&quot;,&quot;created_timestamp&quot;:&quot;0&quot;,&quot;copyright&quot;:&quot;&quot;,&quot;focal_length&quot;:&quot;0&quot;,&quot;iso&quot;:&quot;0&quot;,&quot;shutter_speed&quot;:&quot;0&quot;,&quot;title&quot;:&quot;&quot;,&quot;orientation&quot;:&quot;0&quot;}\" data-image-title=\"Finan\u010dn\u00ed gramotnost\" data-image-description=\"\" data-image-caption=\"\" data-large-file=\"https:\/\/i0.wp.com\/3zskadan.cz\/wp-content\/uploads\/PHOTO-2023-01-31-09-05-021.jpg?fit=461%2C1024&amp;ssl=1\" data-id=\"10719\" src=\"https:\/\/i0.wp.com\/3zskadan.cz\/wp-content\/uploads\/PHOTO-2023-01-31-09-05-021.jpg?resize=461%2C1024&#038;ssl=1\" alt=\"\" class=\"wp-image-10719\" srcset=\"https:\/\/i0.wp.com\/3zskadan.cz\/wp-content\/uploads\/PHOTO-2023-01-31-09-05-021.jpg?resize=461%2C1024&amp;ssl=1 461w, https:\/\/i0.wp.com\/3zskadan.cz\/wp-content\/uploads\/PHOTO-2023-01-31-09-05-021.jpg?resize=135%2C300&amp;ssl=1 135w, https:\/\/i0.wp.com\/3zskadan.cz\/wp-content\/uploads\/PHOTO-2023-01-31-09-05-021.jpg?resize=768%2C1707&amp;ssl=1 768w, https:\/\/i0.wp.com\/3zskadan.cz\/wp-content\/uploads\/PHOTO-2023-01-31-09-05-021.jpg?resize=691%2C1536&amp;ssl=1 691w, https:\/\/i0.wp.com\/3zskadan.cz\/wp-content\/uploads\/PHOTO-2023-01-31-09-05-021.jpg?w=900&amp;ssl=1 900w\" sizes=\"(max-width: 461px) 100vw, 461px\" \/><\/figure>\n<\/figure>\n","protected":false},"excerpt":{"rendered":"<p>Minul\u00fd t\u00fdden se d\u011bv\u010data z\u00a0dev\u00e1t\u00fdch ro\u010dn\u00edk\u016f, Anna Hercl\u00edkov\u00e1, Julie Svobodov\u00e1 a Roz\u00e1rka Vy\u010dichlov\u00e1, z\u00fa\u010dastnila krajsk\u00e9ho kola sout\u011b\u017ee Mlad\u00fd ekonom \u00dasteck\u00e9ho kraje, kam postoupila d\u00edky v\u00fdh\u0159e v\u00a0oblastn\u00edm kole. Ani v\u00a0krajsk\u00e9 sout\u011b\u017ei, kter\u00e1 se konala v\u00a0dalek\u00e9m D\u011b\u010d\u00edn\u011b, n\u00e1\u0161 t\u00fdm nezklamal a ve velmi vyrovnan\u00e9m startovn\u00edm poli se um\u00edstil na skv\u011bl\u00e9m \u0161est\u00e9m m\u00edst\u011b. Gratulujeme! Mgr. Polda<\/p>\n","protected":false},"author":1,"featured_media":10719,"comment_status":"open","ping_status":"open","sticky":false,"template":"","format":"standard","meta":{"jetpack_post_was_ever_published":false,"_jetpack_newsletter_access":"","_jetpack_dont_email_post_to_subs":false,"_jetpack_newsletter_tier_id":0,"_jetpack_memberships_contains_paywalled_content":false,"_jetpack_memberships_contains_paid_content":false,"footnotes":"","jetpack_publicize_message":"","jetpack_publicize_feature_enabled":true,"jetpack_social_post_already_shared":true,"jetpack_social_options":{"image_generator_settings":{"template":"highway","default_image_id":0,"font":"","enabled":false},"version":2}},"categories":[15,4,41,47],"tags":[51],"class_list":{"0":"post-10722","1":"post","2":"type-post","3":"status-publish","4":"format-standard","5":"has-post-thumbnail","7":"category-aktuality","8":"category-informace","9":"category-soutez","10":"category-vedomostni-soutez","11":"tag-vedomostni-soutez","12":"czr-hentry"},"yoast_head":"<!-- This site is optimized with the Yoast SEO plugin v27.4 - https:\/\/yoast.com\/product\/yoast-seo-wordpress\/ -->\n<title>Mlad\u00e9 ekonomky - Z\u00e1kladn\u00ed \u0161kola Kada\u0148, ul. Chomutovsk\u00e1 1683<\/title>\n<meta name=\"robots\" content=\"index, follow, max-snippet:-1, max-image-preview:large, max-video-preview:-1\" \/>\n<link rel=\"canonical\" href=\"https:\/\/3zskadan.cz\/?p=10722\" \/>\n<meta property=\"og:locale\" content=\"cs_CZ\" \/>\n<meta property=\"og:type\" content=\"article\" \/>\n<meta property=\"og:title\" content=\"Mlad\u00e9 ekonomky - Z\u00e1kladn\u00ed \u0161kola Kada\u0148, ul. Chomutovsk\u00e1 1683\" \/>\n<meta property=\"og:description\" content=\"Minul\u00fd t\u00fdden se d\u011bv\u010data z\u00a0dev\u00e1t\u00fdch ro\u010dn\u00edk\u016f, Anna Hercl\u00edkov\u00e1, Julie Svobodov\u00e1 a Roz\u00e1rka Vy\u010dichlov\u00e1, z\u00fa\u010dastnila krajsk\u00e9ho kola sout\u011b\u017ee Mlad\u00fd ekonom \u00dasteck\u00e9ho kraje, kam postoupila d\u00edky v\u00fdh\u0159e v\u00a0oblastn\u00edm kole. Ani v\u00a0krajsk\u00e9 sout\u011b\u017ei, kter\u00e1 se konala v\u00a0dalek\u00e9m D\u011b\u010d\u00edn\u011b, n\u00e1\u0161 t\u00fdm nezklamal a ve velmi vyrovnan\u00e9m startovn\u00edm poli se um\u00edstil na skv\u011bl\u00e9m \u0161est\u00e9m m\u00edst\u011b. Gratulujeme! Mgr. Polda\" \/>\n<meta property=\"og:url\" content=\"https:\/\/3zskadan.cz\/?p=10722\" \/>\n<meta property=\"og:site_name\" content=\"Z\u00e1kladn\u00ed \u0161kola Kada\u0148, ul. Chomutovsk\u00e1 1683\" \/>\n<meta property=\"article:published_time\" content=\"2023-01-31T12:53:31+00:00\" \/>\n<meta property=\"article:modified_time\" content=\"2023-01-31T12:53:34+00:00\" \/>\n<meta property=\"og:image\" content=\"https:\/\/3zskadan.cz\/wp-content\/uploads\/PHOTO-2023-01-31-09-05-021.jpg\" \/>\n\t<meta property=\"og:image:width\" content=\"900\" \/>\n\t<meta property=\"og:image:height\" content=\"2000\" \/>\n\t<meta property=\"og:image:type\" content=\"image\/jpeg\" \/>\n<meta name=\"author\" content=\"Radek Vinick\u00fd\" \/>\n<meta name=\"twitter:card\" content=\"summary_large_image\" \/>\n<meta name=\"twitter:label1\" content=\"Napsal(a)\" \/>\n\t<meta name=\"twitter:data1\" content=\"Radek Vinick\u00fd\" \/>\n\t<meta name=\"twitter:label2\" content=\"Odhadovan\u00e1 doba \u010dten\u00ed\" \/>\n\t<meta name=\"twitter:data2\" content=\"1 minuta\" \/>\n<script type=\"application\/ld+json\" class=\"yoast-schema-graph\">{\"@context\":\"https:\\\/\\\/schema.org\",\"@graph\":[{\"@type\":\"Article\",\"@id\":\"https:\\\/\\\/3zskadan.cz\\\/?p=10722#article\",\"isPartOf\":{\"@id\":\"https:\\\/\\\/3zskadan.cz\\\/?p=10722\"},\"author\":{\"name\":\"Radek Vinick\u00fd\",\"@id\":\"https:\\\/\\\/3zskadan.cz\\\/#\\\/schema\\\/person\\\/a2724b0431f00279441bbceb4e37b1a5\"},\"headline\":\"Mlad\u00e9 ekonomky\",\"datePublished\":\"2023-01-31T12:53:31+00:00\",\"dateModified\":\"2023-01-31T12:53:34+00:00\",\"mainEntityOfPage\":{\"@id\":\"https:\\\/\\\/3zskadan.cz\\\/?p=10722\"},\"wordCount\":88,\"commentCount\":0,\"image\":{\"@id\":\"https:\\\/\\\/3zskadan.cz\\\/?p=10722#primaryimage\"},\"thumbnailUrl\":\"https:\\\/\\\/i0.wp.com\\\/3zskadan.cz\\\/wp-content\\\/uploads\\\/PHOTO-2023-01-31-09-05-021.jpg?fit=900%2C2000&ssl=1\",\"keywords\":[\"V\u011bdomostn\u00ed sout\u011b\u017e\"],\"articleSection\":[\"Aktuality\",\"Informace\",\"Sout\u011b\u017e\",\"V\u011bdomostn\u00ed\"],\"inLanguage\":\"cs\",\"potentialAction\":[{\"@type\":\"CommentAction\",\"name\":\"Comment\",\"target\":[\"https:\\\/\\\/3zskadan.cz\\\/?p=10722#respond\"]}]},{\"@type\":\"WebPage\",\"@id\":\"https:\\\/\\\/3zskadan.cz\\\/?p=10722\",\"url\":\"https:\\\/\\\/3zskadan.cz\\\/?p=10722\",\"name\":\"Mlad\u00e9 ekonomky - Z\u00e1kladn\u00ed \u0161kola Kada\u0148, ul. Chomutovsk\u00e1 1683\",\"isPartOf\":{\"@id\":\"https:\\\/\\\/3zskadan.cz\\\/#website\"},\"primaryImageOfPage\":{\"@id\":\"https:\\\/\\\/3zskadan.cz\\\/?p=10722#primaryimage\"},\"image\":{\"@id\":\"https:\\\/\\\/3zskadan.cz\\\/?p=10722#primaryimage\"},\"thumbnailUrl\":\"https:\\\/\\\/i0.wp.com\\\/3zskadan.cz\\\/wp-content\\\/uploads\\\/PHOTO-2023-01-31-09-05-021.jpg?fit=900%2C2000&ssl=1\",\"datePublished\":\"2023-01-31T12:53:31+00:00\",\"dateModified\":\"2023-01-31T12:53:34+00:00\",\"author\":{\"@id\":\"https:\\\/\\\/3zskadan.cz\\\/#\\\/schema\\\/person\\\/a2724b0431f00279441bbceb4e37b1a5\"},\"breadcrumb\":{\"@id\":\"https:\\\/\\\/3zskadan.cz\\\/?p=10722#breadcrumb\"},\"inLanguage\":\"cs\",\"potentialAction\":[{\"@type\":\"ReadAction\",\"target\":[\"https:\\\/\\\/3zskadan.cz\\\/?p=10722\"]}]},{\"@type\":\"ImageObject\",\"inLanguage\":\"cs\",\"@id\":\"https:\\\/\\\/3zskadan.cz\\\/?p=10722#primaryimage\",\"url\":\"https:\\\/\\\/i0.wp.com\\\/3zskadan.cz\\\/wp-content\\\/uploads\\\/PHOTO-2023-01-31-09-05-021.jpg?fit=900%2C2000&ssl=1\",\"contentUrl\":\"https:\\\/\\\/i0.wp.com\\\/3zskadan.cz\\\/wp-content\\\/uploads\\\/PHOTO-2023-01-31-09-05-021.jpg?fit=900%2C2000&ssl=1\",\"width\":900,\"height\":2000},{\"@type\":\"BreadcrumbList\",\"@id\":\"https:\\\/\\\/3zskadan.cz\\\/?p=10722#breadcrumb\",\"itemListElement\":[{\"@type\":\"ListItem\",\"position\":1,\"name\":\"Dom\u016f\",\"item\":\"https:\\\/\\\/3zskadan.cz\\\/\"},{\"@type\":\"ListItem\",\"position\":2,\"name\":\"Mlad\u00e9 ekonomky\"}]},{\"@type\":\"WebSite\",\"@id\":\"https:\\\/\\\/3zskadan.cz\\\/#website\",\"url\":\"https:\\\/\\\/3zskadan.cz\\\/\",\"name\":\"Z\u00e1kladn\u00ed \u0161kola Kada\u0148, ul. Chomutovsk\u00e1 1683\",\"description\":\"\",\"potentialAction\":[{\"@type\":\"SearchAction\",\"target\":{\"@type\":\"EntryPoint\",\"urlTemplate\":\"https:\\\/\\\/3zskadan.cz\\\/?s={search_term_string}\"},\"query-input\":{\"@type\":\"PropertyValueSpecification\",\"valueRequired\":true,\"valueName\":\"search_term_string\"}}],\"inLanguage\":\"cs\"},{\"@type\":\"Person\",\"@id\":\"https:\\\/\\\/3zskadan.cz\\\/#\\\/schema\\\/person\\\/a2724b0431f00279441bbceb4e37b1a5\",\"name\":\"Radek Vinick\u00fd\",\"image\":{\"@type\":\"ImageObject\",\"inLanguage\":\"cs\",\"@id\":\"https:\\\/\\\/secure.gravatar.com\\\/avatar\\\/eda0a90e46343fd9908cdf92cc69b075f7f5b586cf33b05c8dd68cb1209f00d6?s=96&d=wavatar&r=g\",\"url\":\"https:\\\/\\\/secure.gravatar.com\\\/avatar\\\/eda0a90e46343fd9908cdf92cc69b075f7f5b586cf33b05c8dd68cb1209f00d6?s=96&d=wavatar&r=g\",\"contentUrl\":\"https:\\\/\\\/secure.gravatar.com\\\/avatar\\\/eda0a90e46343fd9908cdf92cc69b075f7f5b586cf33b05c8dd68cb1209f00d6?s=96&d=wavatar&r=g\",\"caption\":\"Radek Vinick\u00fd\"},\"url\":\"https:\\\/\\\/3zskadan.cz\\\/?author=1\"}]}<\/script>\n<!-- \/ Yoast SEO plugin. -->","yoast_head_json":{"title":"Mlad\u00e9 ekonomky - Z\u00e1kladn\u00ed \u0161kola Kada\u0148, ul. Chomutovsk\u00e1 1683","robots":{"index":"index","follow":"follow","max-snippet":"max-snippet:-1","max-image-preview":"max-image-preview:large","max-video-preview":"max-video-preview:-1"},"canonical":"https:\/\/3zskadan.cz\/?p=10722","og_locale":"cs_CZ","og_type":"article","og_title":"Mlad\u00e9 ekonomky - Z\u00e1kladn\u00ed \u0161kola Kada\u0148, ul. Chomutovsk\u00e1 1683","og_description":"Minul\u00fd t\u00fdden se d\u011bv\u010data z\u00a0dev\u00e1t\u00fdch ro\u010dn\u00edk\u016f, Anna Hercl\u00edkov\u00e1, Julie Svobodov\u00e1 a Roz\u00e1rka Vy\u010dichlov\u00e1, z\u00fa\u010dastnila krajsk\u00e9ho kola sout\u011b\u017ee Mlad\u00fd ekonom \u00dasteck\u00e9ho kraje, kam postoupila d\u00edky v\u00fdh\u0159e v\u00a0oblastn\u00edm kole. Ani v\u00a0krajsk\u00e9 sout\u011b\u017ei, kter\u00e1 se konala v\u00a0dalek\u00e9m D\u011b\u010d\u00edn\u011b, n\u00e1\u0161 t\u00fdm nezklamal a ve velmi vyrovnan\u00e9m startovn\u00edm poli se um\u00edstil na skv\u011bl\u00e9m \u0161est\u00e9m m\u00edst\u011b. Gratulujeme! Mgr. Polda","og_url":"https:\/\/3zskadan.cz\/?p=10722","og_site_name":"Z\u00e1kladn\u00ed \u0161kola Kada\u0148, ul. Chomutovsk\u00e1 1683","article_published_time":"2023-01-31T12:53:31+00:00","article_modified_time":"2023-01-31T12:53:34+00:00","og_image":[{"width":900,"height":2000,"url":"https:\/\/3zskadan.cz\/wp-content\/uploads\/PHOTO-2023-01-31-09-05-021.jpg","type":"image\/jpeg"}],"author":"Radek Vinick\u00fd","twitter_card":"summary_large_image","twitter_misc":{"Napsal(a)":"Radek Vinick\u00fd","Odhadovan\u00e1 doba \u010dten\u00ed":"1 minuta"},"schema":{"@context":"https:\/\/schema.org","@graph":[{"@type":"Article","@id":"https:\/\/3zskadan.cz\/?p=10722#article","isPartOf":{"@id":"https:\/\/3zskadan.cz\/?p=10722"},"author":{"name":"Radek Vinick\u00fd","@id":"https:\/\/3zskadan.cz\/#\/schema\/person\/a2724b0431f00279441bbceb4e37b1a5"},"headline":"Mlad\u00e9 ekonomky","datePublished":"2023-01-31T12:53:31+00:00","dateModified":"2023-01-31T12:53:34+00:00","mainEntityOfPage":{"@id":"https:\/\/3zskadan.cz\/?p=10722"},"wordCount":88,"commentCount":0,"image":{"@id":"https:\/\/3zskadan.cz\/?p=10722#primaryimage"},"thumbnailUrl":"https:\/\/i0.wp.com\/3zskadan.cz\/wp-content\/uploads\/PHOTO-2023-01-31-09-05-021.jpg?fit=900%2C2000&ssl=1","keywords":["V\u011bdomostn\u00ed sout\u011b\u017e"],"articleSection":["Aktuality","Informace","Sout\u011b\u017e","V\u011bdomostn\u00ed"],"inLanguage":"cs","potentialAction":[{"@type":"CommentAction","name":"Comment","target":["https:\/\/3zskadan.cz\/?p=10722#respond"]}]},{"@type":"WebPage","@id":"https:\/\/3zskadan.cz\/?p=10722","url":"https:\/\/3zskadan.cz\/?p=10722","name":"Mlad\u00e9 ekonomky - Z\u00e1kladn\u00ed \u0161kola Kada\u0148, ul. Chomutovsk\u00e1 1683","isPartOf":{"@id":"https:\/\/3zskadan.cz\/#website"},"primaryImageOfPage":{"@id":"https:\/\/3zskadan.cz\/?p=10722#primaryimage"},"image":{"@id":"https:\/\/3zskadan.cz\/?p=10722#primaryimage"},"thumbnailUrl":"https:\/\/i0.wp.com\/3zskadan.cz\/wp-content\/uploads\/PHOTO-2023-01-31-09-05-021.jpg?fit=900%2C2000&ssl=1","datePublished":"2023-01-31T12:53:31+00:00","dateModified":"2023-01-31T12:53:34+00:00","author":{"@id":"https:\/\/3zskadan.cz\/#\/schema\/person\/a2724b0431f00279441bbceb4e37b1a5"},"breadcrumb":{"@id":"https:\/\/3zskadan.cz\/?p=10722#breadcrumb"},"inLanguage":"cs","potentialAction":[{"@type":"ReadAction","target":["https:\/\/3zskadan.cz\/?p=10722"]}]},{"@type":"ImageObject","inLanguage":"cs","@id":"https:\/\/3zskadan.cz\/?p=10722#primaryimage","url":"https:\/\/i0.wp.com\/3zskadan.cz\/wp-content\/uploads\/PHOTO-2023-01-31-09-05-021.jpg?fit=900%2C2000&ssl=1","contentUrl":"https:\/\/i0.wp.com\/3zskadan.cz\/wp-content\/uploads\/PHOTO-2023-01-31-09-05-021.jpg?fit=900%2C2000&ssl=1","width":900,"height":2000},{"@type":"BreadcrumbList","@id":"https:\/\/3zskadan.cz\/?p=10722#breadcrumb","itemListElement":[{"@type":"ListItem","position":1,"name":"Dom\u016f","item":"https:\/\/3zskadan.cz\/"},{"@type":"ListItem","position":2,"name":"Mlad\u00e9 ekonomky"}]},{"@type":"WebSite","@id":"https:\/\/3zskadan.cz\/#website","url":"https:\/\/3zskadan.cz\/","name":"Z\u00e1kladn\u00ed \u0161kola Kada\u0148, ul. Chomutovsk\u00e1 1683","description":"","potentialAction":[{"@type":"SearchAction","target":{"@type":"EntryPoint","urlTemplate":"https:\/\/3zskadan.cz\/?s={search_term_string}"},"query-input":{"@type":"PropertyValueSpecification","valueRequired":true,"valueName":"search_term_string"}}],"inLanguage":"cs"},{"@type":"Person","@id":"https:\/\/3zskadan.cz\/#\/schema\/person\/a2724b0431f00279441bbceb4e37b1a5","name":"Radek Vinick\u00fd","image":{"@type":"ImageObject","inLanguage":"cs","@id":"https:\/\/secure.gravatar.com\/avatar\/eda0a90e46343fd9908cdf92cc69b075f7f5b586cf33b05c8dd68cb1209f00d6?s=96&d=wavatar&r=g","url":"https:\/\/secure.gravatar.com\/avatar\/eda0a90e46343fd9908cdf92cc69b075f7f5b586cf33b05c8dd68cb1209f00d6?s=96&d=wavatar&r=g","contentUrl":"https:\/\/secure.gravatar.com\/avatar\/eda0a90e46343fd9908cdf92cc69b075f7f5b586cf33b05c8dd68cb1209f00d6?s=96&d=wavatar&r=g","caption":"Radek Vinick\u00fd"},"url":"https:\/\/3zskadan.cz\/?author=1"}]}},"jetpack_publicize_connections":[],"jetpack_featured_media_url":"https:\/\/i0.wp.com\/3zskadan.cz\/wp-content\/uploads\/PHOTO-2023-01-31-09-05-021.jpg?fit=900%2C2000&ssl=1","jetpack_sharing_enabled":true,"jetpack_shortlink":"https:\/\/wp.me\/p7YYLP-2MW","_links":{"self":[{"href":"https:\/\/3zskadan.cz\/index.php?rest_route=\/wp\/v2\/posts\/10722","targetHints":{"allow":["GET"]}}],"collection":[{"href":"https:\/\/3zskadan.cz\/index.php?rest_route=\/wp\/v2\/posts"}],"about":[{"href":"https:\/\/3zskadan.cz\/index.php?rest_route=\/wp\/v2\/types\/post"}],"author":[{"embeddable":true,"href":"https:\/\/3zskadan.cz\/index.php?rest_route=\/wp\/v2\/users\/1"}],"replies":[{"embeddable":true,"href":"https:\/\/3zskadan.cz\/index.php?rest_route=%2Fwp%2Fv2%2Fcomments&post=10722"}],"version-history":[{"count":2,"href":"https:\/\/3zskadan.cz\/index.php?rest_route=\/wp\/v2\/posts\/10722\/revisions"}],"predecessor-version":[{"id":10724,"href":"https:\/\/3zskadan.cz\/index.php?rest_route=\/wp\/v2\/posts\/10722\/revisions\/10724"}],"wp:featuredmedia":[{"embeddable":true,"href":"https:\/\/3zskadan.cz\/index.php?rest_route=\/wp\/v2\/media\/10719"}],"wp:attachment":[{"href":"https:\/\/3zskadan.cz\/index.php?rest_route=%2Fwp%2Fv2%2Fmedia&parent=10722"}],"wp:term":[{"taxonomy":"category","embeddable":true,"href":"https:\/\/3zskadan.cz\/index.php?rest_route=%2Fwp%2Fv2%2Fcategories&post=10722"},{"taxonomy":"post_tag","embeddable":true,"href":"https:\/\/3zskadan.cz\/index.php?rest_route=%2Fwp%2Fv2%2Ftags&post=10722"}],"curies":[{"name":"wp","href":"https:\/\/api.w.org\/{rel}","templated":true}]}}