{"id":11215,"date":"2023-05-05T13:20:51","date_gmt":"2023-05-05T11:20:51","guid":{"rendered":"https:\/\/3zskadan.cz\/?p=11215"},"modified":"2023-05-05T13:20:53","modified_gmt":"2023-05-05T11:20:53","slug":"vylet-na-letiste","status":"publish","type":"post","link":"https:\/\/3zskadan.cz\/?p=11215","title":{"rendered":"V\u00fdlet na leti\u0161t\u011b"},"content":{"rendered":"<p>Leti\u0161t\u011b V\u00e1clava Havla Praha bylo c\u00edlem skupiny nadan\u00fdch, sna\u017eiv\u00fdch a zv\u00eddav\u00fdch \u017e\u00e1k\u016f na\u0161\u00ed \u0161koly b\u011bhem v\u00fdletu za odm\u011bnu. Nominovali je jejich vyu\u010duj\u00edc\u00ed za \u00fasp\u011bchy a snahu ve v\u011bdomostn\u00edch sout\u011b\u017e\u00edch, za spolupr\u00e1ci p\u0159i tvorb\u011b \u0161koln\u00ed report\u00e1\u017ee a za aktivitu v z\u00e1jmov\u00e9m \u00fatvaru Koum\u00e1ci. Byla to zaslou\u017een\u00e1 odm\u011bna, p\u0159i n\u00ed\u017e se v\u0161ichni pod\u00edvali i do v\u00fdcvikov\u00e9ho st\u0159ediska pilot\u016f a stevard\u016f. Sladkou te\u010dkou na z\u00e1v\u011br byla palubn\u00ed sva\u010dina.<\/p>\n<p>V\u00fdlet o\u010dima d\u011bt\u00ed:<\/p>\n<p>L\u00edbila se n\u00e1m prohl\u00eddka letadla, ne ka\u017ed\u00fd v letadle byl, tak si to mohl prohl\u00e9dnout. Zaj\u00edmav\u00fdm z\u00e1\u017eitkem bylo i to, kdy\u017e jsme se obl\u00e9kali do b\u00edl\u00fdch ochrann\u00fdch oblek\u016f. Nejv\u011bt\u0161\u00ed \u00fasp\u011bch ale m\u011bla skluzavka z letadla a n\u00e1v\u0161t\u011bva kokpitu. Po n\u00e1ro\u010dn\u00e9m programu n\u00e1s \u010dekala dal\u0161\u00ed sl\u00edben\u00e1 odm\u011bna, tentokr\u00e1t v podob\u011b sva\u010dinky.<\/p>\n<p>(Terka P., 9. ro\u010dn\u00edk)<\/p>\n<p>Do Prahy na leti\u0161t\u011b s n\u00e1mi vyrazila pan\u00ed \u0159editelka a pan\u00ed u\u010ditelka Kaiserov\u00e1. Jeli jsme autobusem. Na leti\u0161ti v obchod\u011b se suven\u00fdry u\u017e na n\u00e1s \u010dekal p\u00e1n, kter\u00fd n\u00e1m \u0159ekl pot\u0159ebn\u00e9 instrukce. Potom jsme s n\u00edm \u0161li na takov\u00fd rentgen, kter\u00fdm v\u011bt\u0161ina z n\u00e1s pro\u0161la bez p\u00edp\u00e1n\u00ed. Pak jsme nastoupili do autobusu. \u0158\u00edkal n\u00e1m n\u011bco o letadlech a tak\u00e9 n\u00e1m je z okna autobusu ukazoval. Po exkurzi n\u00e1s p\u0159edal jin\u00e9 pan\u00ed, se kterou jsme chodili po budov\u011b V\u00fdcvikov\u00e9ho centra. Ukazovala n\u00e1m, jak se cvi\u010d\u00ed piloti. Dokonce jsme si vyzkou\u0161eli sjet po evakua\u010dn\u00ed skluzavce. Stihli jsme si koupit i suven\u00fdry, a n\u011bkdo si koupil i n\u011bco v Bille. V\u00fdlet se mi l\u00edbil.<\/p>\n<p>(Terezka T., 3. ro\u010dn\u00edk)<\/p>\n\n\n<figure class=\"wp-block-gallery has-nested-images columns-default is-cropped wp-block-gallery-1 is-layout-flex wp-block-gallery-is-layout-flex\">\n<figure class=\"wp-block-image size-large\"><img data-recalc-dims=\"1\" fetchpriority=\"high\" decoding=\"async\" width=\"1024\" height=\"768\" data-attachment-id=\"11209\" data-permalink=\"https:\/\/3zskadan.cz\/?attachment_id=11209\" data-orig-file=\"https:\/\/i0.wp.com\/3zskadan.cz\/wp-content\/uploads\/344871753_286202340407784_4097383229183949553_n.jpg?fit=1955%2C1467&amp;ssl=1\" data-orig-size=\"1955,1467\" data-comments-opened=\"1\" data-image-meta=\"{&quot;aperture&quot;:&quot;0&quot;,&quot;credit&quot;:&quot;&quot;,&quot;camera&quot;:&quot;&quot;,&quot;caption&quot;:&quot;&quot;,&quot;created_timestamp&quot;:&quot;1683283705&quot;,&quot;copyright&quot;:&quot;&quot;,&quot;focal_length&quot;:&quot;0&quot;,&quot;iso&quot;:&quot;0&quot;,&quot;shutter_speed&quot;:&quot;0&quot;,&quot;title&quot;:&quot;&quot;,&quot;orientation&quot;:&quot;1&quot;}\" data-image-title=\"Leti\u0161t\u011b\" data-image-description=\"\" data-image-caption=\"\" data-large-file=\"https:\/\/i0.wp.com\/3zskadan.cz\/wp-content\/uploads\/344871753_286202340407784_4097383229183949553_n.jpg?fit=1024%2C768&amp;ssl=1\" data-id=\"11209\" src=\"https:\/\/i0.wp.com\/3zskadan.cz\/wp-content\/uploads\/344871753_286202340407784_4097383229183949553_n.jpg?resize=1024%2C768&#038;ssl=1\" alt=\"\" class=\"wp-image-11209\" srcset=\"https:\/\/i0.wp.com\/3zskadan.cz\/wp-content\/uploads\/344871753_286202340407784_4097383229183949553_n.jpg?resize=1024%2C768&amp;ssl=1 1024w, https:\/\/i0.wp.com\/3zskadan.cz\/wp-content\/uploads\/344871753_286202340407784_4097383229183949553_n.jpg?resize=300%2C225&amp;ssl=1 300w, https:\/\/i0.wp.com\/3zskadan.cz\/wp-content\/uploads\/344871753_286202340407784_4097383229183949553_n.jpg?resize=768%2C576&amp;ssl=1 768w, https:\/\/i0.wp.com\/3zskadan.cz\/wp-content\/uploads\/344871753_286202340407784_4097383229183949553_n.jpg?resize=1536%2C1153&amp;ssl=1 1536w, https:\/\/i0.wp.com\/3zskadan.cz\/wp-content\/uploads\/344871753_286202340407784_4097383229183949553_n.jpg?w=1955&amp;ssl=1 1955w\" sizes=\"(max-width: 1024px) 100vw, 1024px\" \/><\/figure>\n\n\n\n<figure class=\"wp-block-image size-large\"><img data-recalc-dims=\"1\" decoding=\"async\" width=\"1024\" height=\"768\" data-attachment-id=\"11208\" data-permalink=\"https:\/\/3zskadan.cz\/?attachment_id=11208\" data-orig-file=\"https:\/\/i0.wp.com\/3zskadan.cz\/wp-content\/uploads\/344750275_1183739055648734_2477905441065334441_n.jpg?fit=2000%2C1500&amp;ssl=1\" data-orig-size=\"2000,1500\" data-comments-opened=\"1\" data-image-meta=\"{&quot;aperture&quot;:&quot;0&quot;,&quot;credit&quot;:&quot;&quot;,&quot;camera&quot;:&quot;&quot;,&quot;caption&quot;:&quot;rpt&quot;,&quot;created_timestamp&quot;:&quot;1683283711&quot;,&quot;copyright&quot;:&quot;&quot;,&quot;focal_length&quot;:&quot;0&quot;,&quot;iso&quot;:&quot;0&quot;,&quot;shutter_speed&quot;:&quot;0&quot;,&quot;title&quot;:&quot;rpt&quot;,&quot;orientation&quot;:&quot;1&quot;}\" data-image-title=\"Leti\u0161t\u011b\" data-image-description=\"\" data-image-caption=\"\" data-large-file=\"https:\/\/i0.wp.com\/3zskadan.cz\/wp-content\/uploads\/344750275_1183739055648734_2477905441065334441_n.jpg?fit=1024%2C768&amp;ssl=1\" data-id=\"11208\" src=\"https:\/\/i0.wp.com\/3zskadan.cz\/wp-content\/uploads\/344750275_1183739055648734_2477905441065334441_n.jpg?resize=1024%2C768&#038;ssl=1\" alt=\"\" class=\"wp-image-11208\" srcset=\"https:\/\/i0.wp.com\/3zskadan.cz\/wp-content\/uploads\/344750275_1183739055648734_2477905441065334441_n.jpg?resize=1024%2C768&amp;ssl=1 1024w, https:\/\/i0.wp.com\/3zskadan.cz\/wp-content\/uploads\/344750275_1183739055648734_2477905441065334441_n.jpg?resize=300%2C225&amp;ssl=1 300w, https:\/\/i0.wp.com\/3zskadan.cz\/wp-content\/uploads\/344750275_1183739055648734_2477905441065334441_n.jpg?resize=768%2C576&amp;ssl=1 768w, https:\/\/i0.wp.com\/3zskadan.cz\/wp-content\/uploads\/344750275_1183739055648734_2477905441065334441_n.jpg?resize=1536%2C1152&amp;ssl=1 1536w, https:\/\/i0.wp.com\/3zskadan.cz\/wp-content\/uploads\/344750275_1183739055648734_2477905441065334441_n.jpg?w=2000&amp;ssl=1 2000w\" sizes=\"(max-width: 1024px) 100vw, 1024px\" \/><\/figure>\n<\/figure>\n","protected":false},"excerpt":{"rendered":"<p>Leti\u0161t\u011b V\u00e1clava Havla Praha bylo c\u00edlem skupiny nadan\u00fdch, sna\u017eiv\u00fdch a zv\u00eddav\u00fdch \u017e\u00e1k\u016f na\u0161\u00ed \u0161koly b\u011bhem v\u00fdletu za odm\u011bnu. Nominovali je jejich vyu\u010duj\u00edc\u00ed za \u00fasp\u011bchy a snahu ve v\u011bdomostn\u00edch sout\u011b\u017e\u00edch, za spolupr\u00e1ci p\u0159i tvorb\u011b \u0161koln\u00ed report\u00e1\u017ee a za aktivitu v z\u00e1jmov\u00e9m \u00fatvaru Koum\u00e1ci. Byla to zaslou\u017een\u00e1 odm\u011bna, p\u0159i n\u00ed\u017e se v\u0161ichni pod\u00edvali i do v\u00fdcvikov\u00e9ho st\u0159ediska [&hellip;]<\/p>\n","protected":false},"author":1,"featured_media":11209,"comment_status":"open","ping_status":"open","sticky":false,"template":"","format":"standard","meta":{"jetpack_post_was_ever_published":false,"_jetpack_newsletter_access":"","_jetpack_dont_email_post_to_subs":false,"_jetpack_newsletter_tier_id":0,"_jetpack_memberships_contains_paywalled_content":false,"_jetpack_memberships_contains_paid_content":false,"footnotes":"","jetpack_publicize_message":"","jetpack_publicize_feature_enabled":true,"jetpack_social_post_already_shared":true,"jetpack_social_options":{"image_generator_settings":{"template":"highway","default_image_id":0,"font":"","enabled":false},"version":2}},"categories":[15,4],"tags":[],"class_list":{"0":"post-11215","1":"post","2":"type-post","3":"status-publish","4":"format-standard","5":"has-post-thumbnail","7":"category-aktuality","8":"category-informace","9":"czr-hentry"},"yoast_head":"<!-- This site is optimized with the Yoast SEO plugin v27.4 - https:\/\/yoast.com\/product\/yoast-seo-wordpress\/ -->\n<title>V\u00fdlet na leti\u0161t\u011b - Z\u00e1kladn\u00ed \u0161kola Kada\u0148, ul. Chomutovsk\u00e1 1683<\/title>\n<meta name=\"robots\" content=\"index, follow, max-snippet:-1, max-image-preview:large, max-video-preview:-1\" \/>\n<link rel=\"canonical\" href=\"https:\/\/3zskadan.cz\/?p=11215\" \/>\n<meta property=\"og:locale\" content=\"cs_CZ\" \/>\n<meta property=\"og:type\" content=\"article\" \/>\n<meta property=\"og:title\" content=\"V\u00fdlet na leti\u0161t\u011b - Z\u00e1kladn\u00ed \u0161kola Kada\u0148, ul. Chomutovsk\u00e1 1683\" \/>\n<meta property=\"og:description\" content=\"Leti\u0161t\u011b V\u00e1clava Havla Praha bylo c\u00edlem skupiny nadan\u00fdch, sna\u017eiv\u00fdch a zv\u00eddav\u00fdch \u017e\u00e1k\u016f na\u0161\u00ed \u0161koly b\u011bhem v\u00fdletu za odm\u011bnu. Nominovali je jejich vyu\u010duj\u00edc\u00ed za \u00fasp\u011bchy a snahu ve v\u011bdomostn\u00edch sout\u011b\u017e\u00edch, za spolupr\u00e1ci p\u0159i tvorb\u011b \u0161koln\u00ed report\u00e1\u017ee a za aktivitu v z\u00e1jmov\u00e9m \u00fatvaru Koum\u00e1ci. Byla to zaslou\u017een\u00e1 odm\u011bna, p\u0159i n\u00ed\u017e se v\u0161ichni pod\u00edvali i do v\u00fdcvikov\u00e9ho st\u0159ediska [&hellip;]\" \/>\n<meta property=\"og:url\" content=\"https:\/\/3zskadan.cz\/?p=11215\" \/>\n<meta property=\"og:site_name\" content=\"Z\u00e1kladn\u00ed \u0161kola Kada\u0148, ul. Chomutovsk\u00e1 1683\" \/>\n<meta property=\"article:published_time\" content=\"2023-05-05T11:20:51+00:00\" \/>\n<meta property=\"article:modified_time\" content=\"2023-05-05T11:20:53+00:00\" \/>\n<meta property=\"og:image\" content=\"https:\/\/3zskadan.cz\/wp-content\/uploads\/344871753_286202340407784_4097383229183949553_n.jpg\" \/>\n\t<meta property=\"og:image:width\" content=\"1955\" \/>\n\t<meta property=\"og:image:height\" content=\"1467\" \/>\n\t<meta property=\"og:image:type\" content=\"image\/jpeg\" \/>\n<meta name=\"author\" content=\"Radek Vinick\u00fd\" \/>\n<meta name=\"twitter:card\" content=\"summary_large_image\" \/>\n<meta name=\"twitter:label1\" content=\"Napsal(a)\" \/>\n\t<meta name=\"twitter:data1\" content=\"Radek Vinick\u00fd\" \/>\n\t<meta name=\"twitter:label2\" content=\"Odhadovan\u00e1 doba \u010dten\u00ed\" \/>\n\t<meta name=\"twitter:data2\" content=\"2 minuty\" \/>\n<script type=\"application\/ld+json\" class=\"yoast-schema-graph\">{\"@context\":\"https:\\\/\\\/schema.org\",\"@graph\":[{\"@type\":\"Article\",\"@id\":\"https:\\\/\\\/3zskadan.cz\\\/?p=11215#article\",\"isPartOf\":{\"@id\":\"https:\\\/\\\/3zskadan.cz\\\/?p=11215\"},\"author\":{\"name\":\"Radek Vinick\u00fd\",\"@id\":\"https:\\\/\\\/3zskadan.cz\\\/#\\\/schema\\\/person\\\/a2724b0431f00279441bbceb4e37b1a5\"},\"headline\":\"V\u00fdlet na leti\u0161t\u011b\",\"datePublished\":\"2023-05-05T11:20:51+00:00\",\"dateModified\":\"2023-05-05T11:20:53+00:00\",\"mainEntityOfPage\":{\"@id\":\"https:\\\/\\\/3zskadan.cz\\\/?p=11215\"},\"wordCount\":340,\"commentCount\":0,\"image\":{\"@id\":\"https:\\\/\\\/3zskadan.cz\\\/?p=11215#primaryimage\"},\"thumbnailUrl\":\"https:\\\/\\\/i0.wp.com\\\/3zskadan.cz\\\/wp-content\\\/uploads\\\/344871753_286202340407784_4097383229183949553_n.jpg?fit=1955%2C1467&ssl=1\",\"articleSection\":[\"Aktuality\",\"Informace\"],\"inLanguage\":\"cs\",\"potentialAction\":[{\"@type\":\"CommentAction\",\"name\":\"Comment\",\"target\":[\"https:\\\/\\\/3zskadan.cz\\\/?p=11215#respond\"]}]},{\"@type\":\"WebPage\",\"@id\":\"https:\\\/\\\/3zskadan.cz\\\/?p=11215\",\"url\":\"https:\\\/\\\/3zskadan.cz\\\/?p=11215\",\"name\":\"V\u00fdlet na leti\u0161t\u011b - Z\u00e1kladn\u00ed \u0161kola Kada\u0148, ul. Chomutovsk\u00e1 1683\",\"isPartOf\":{\"@id\":\"https:\\\/\\\/3zskadan.cz\\\/#website\"},\"primaryImageOfPage\":{\"@id\":\"https:\\\/\\\/3zskadan.cz\\\/?p=11215#primaryimage\"},\"image\":{\"@id\":\"https:\\\/\\\/3zskadan.cz\\\/?p=11215#primaryimage\"},\"thumbnailUrl\":\"https:\\\/\\\/i0.wp.com\\\/3zskadan.cz\\\/wp-content\\\/uploads\\\/344871753_286202340407784_4097383229183949553_n.jpg?fit=1955%2C1467&ssl=1\",\"datePublished\":\"2023-05-05T11:20:51+00:00\",\"dateModified\":\"2023-05-05T11:20:53+00:00\",\"author\":{\"@id\":\"https:\\\/\\\/3zskadan.cz\\\/#\\\/schema\\\/person\\\/a2724b0431f00279441bbceb4e37b1a5\"},\"breadcrumb\":{\"@id\":\"https:\\\/\\\/3zskadan.cz\\\/?p=11215#breadcrumb\"},\"inLanguage\":\"cs\",\"potentialAction\":[{\"@type\":\"ReadAction\",\"target\":[\"https:\\\/\\\/3zskadan.cz\\\/?p=11215\"]}]},{\"@type\":\"ImageObject\",\"inLanguage\":\"cs\",\"@id\":\"https:\\\/\\\/3zskadan.cz\\\/?p=11215#primaryimage\",\"url\":\"https:\\\/\\\/i0.wp.com\\\/3zskadan.cz\\\/wp-content\\\/uploads\\\/344871753_286202340407784_4097383229183949553_n.jpg?fit=1955%2C1467&ssl=1\",\"contentUrl\":\"https:\\\/\\\/i0.wp.com\\\/3zskadan.cz\\\/wp-content\\\/uploads\\\/344871753_286202340407784_4097383229183949553_n.jpg?fit=1955%2C1467&ssl=1\",\"width\":1955,\"height\":1467},{\"@type\":\"BreadcrumbList\",\"@id\":\"https:\\\/\\\/3zskadan.cz\\\/?p=11215#breadcrumb\",\"itemListElement\":[{\"@type\":\"ListItem\",\"position\":1,\"name\":\"Dom\u016f\",\"item\":\"https:\\\/\\\/3zskadan.cz\\\/\"},{\"@type\":\"ListItem\",\"position\":2,\"name\":\"V\u00fdlet na leti\u0161t\u011b\"}]},{\"@type\":\"WebSite\",\"@id\":\"https:\\\/\\\/3zskadan.cz\\\/#website\",\"url\":\"https:\\\/\\\/3zskadan.cz\\\/\",\"name\":\"Z\u00e1kladn\u00ed \u0161kola Kada\u0148, ul. Chomutovsk\u00e1 1683\",\"description\":\"\",\"potentialAction\":[{\"@type\":\"SearchAction\",\"target\":{\"@type\":\"EntryPoint\",\"urlTemplate\":\"https:\\\/\\\/3zskadan.cz\\\/?s={search_term_string}\"},\"query-input\":{\"@type\":\"PropertyValueSpecification\",\"valueRequired\":true,\"valueName\":\"search_term_string\"}}],\"inLanguage\":\"cs\"},{\"@type\":\"Person\",\"@id\":\"https:\\\/\\\/3zskadan.cz\\\/#\\\/schema\\\/person\\\/a2724b0431f00279441bbceb4e37b1a5\",\"name\":\"Radek Vinick\u00fd\",\"image\":{\"@type\":\"ImageObject\",\"inLanguage\":\"cs\",\"@id\":\"https:\\\/\\\/secure.gravatar.com\\\/avatar\\\/eda0a90e46343fd9908cdf92cc69b075f7f5b586cf33b05c8dd68cb1209f00d6?s=96&d=wavatar&r=g\",\"url\":\"https:\\\/\\\/secure.gravatar.com\\\/avatar\\\/eda0a90e46343fd9908cdf92cc69b075f7f5b586cf33b05c8dd68cb1209f00d6?s=96&d=wavatar&r=g\",\"contentUrl\":\"https:\\\/\\\/secure.gravatar.com\\\/avatar\\\/eda0a90e46343fd9908cdf92cc69b075f7f5b586cf33b05c8dd68cb1209f00d6?s=96&d=wavatar&r=g\",\"caption\":\"Radek Vinick\u00fd\"},\"url\":\"https:\\\/\\\/3zskadan.cz\\\/?author=1\"}]}<\/script>\n<!-- \/ Yoast SEO plugin. -->","yoast_head_json":{"title":"V\u00fdlet na leti\u0161t\u011b - Z\u00e1kladn\u00ed \u0161kola Kada\u0148, ul. Chomutovsk\u00e1 1683","robots":{"index":"index","follow":"follow","max-snippet":"max-snippet:-1","max-image-preview":"max-image-preview:large","max-video-preview":"max-video-preview:-1"},"canonical":"https:\/\/3zskadan.cz\/?p=11215","og_locale":"cs_CZ","og_type":"article","og_title":"V\u00fdlet na leti\u0161t\u011b - Z\u00e1kladn\u00ed \u0161kola Kada\u0148, ul. Chomutovsk\u00e1 1683","og_description":"Leti\u0161t\u011b V\u00e1clava Havla Praha bylo c\u00edlem skupiny nadan\u00fdch, sna\u017eiv\u00fdch a zv\u00eddav\u00fdch \u017e\u00e1k\u016f na\u0161\u00ed \u0161koly b\u011bhem v\u00fdletu za odm\u011bnu. Nominovali je jejich vyu\u010duj\u00edc\u00ed za \u00fasp\u011bchy a snahu ve v\u011bdomostn\u00edch sout\u011b\u017e\u00edch, za spolupr\u00e1ci p\u0159i tvorb\u011b \u0161koln\u00ed report\u00e1\u017ee a za aktivitu v z\u00e1jmov\u00e9m \u00fatvaru Koum\u00e1ci. Byla to zaslou\u017een\u00e1 odm\u011bna, p\u0159i n\u00ed\u017e se v\u0161ichni pod\u00edvali i do v\u00fdcvikov\u00e9ho st\u0159ediska [&hellip;]","og_url":"https:\/\/3zskadan.cz\/?p=11215","og_site_name":"Z\u00e1kladn\u00ed \u0161kola Kada\u0148, ul. Chomutovsk\u00e1 1683","article_published_time":"2023-05-05T11:20:51+00:00","article_modified_time":"2023-05-05T11:20:53+00:00","og_image":[{"width":1955,"height":1467,"url":"https:\/\/3zskadan.cz\/wp-content\/uploads\/344871753_286202340407784_4097383229183949553_n.jpg","type":"image\/jpeg"}],"author":"Radek Vinick\u00fd","twitter_card":"summary_large_image","twitter_misc":{"Napsal(a)":"Radek Vinick\u00fd","Odhadovan\u00e1 doba \u010dten\u00ed":"2 minuty"},"schema":{"@context":"https:\/\/schema.org","@graph":[{"@type":"Article","@id":"https:\/\/3zskadan.cz\/?p=11215#article","isPartOf":{"@id":"https:\/\/3zskadan.cz\/?p=11215"},"author":{"name":"Radek Vinick\u00fd","@id":"https:\/\/3zskadan.cz\/#\/schema\/person\/a2724b0431f00279441bbceb4e37b1a5"},"headline":"V\u00fdlet na leti\u0161t\u011b","datePublished":"2023-05-05T11:20:51+00:00","dateModified":"2023-05-05T11:20:53+00:00","mainEntityOfPage":{"@id":"https:\/\/3zskadan.cz\/?p=11215"},"wordCount":340,"commentCount":0,"image":{"@id":"https:\/\/3zskadan.cz\/?p=11215#primaryimage"},"thumbnailUrl":"https:\/\/i0.wp.com\/3zskadan.cz\/wp-content\/uploads\/344871753_286202340407784_4097383229183949553_n.jpg?fit=1955%2C1467&ssl=1","articleSection":["Aktuality","Informace"],"inLanguage":"cs","potentialAction":[{"@type":"CommentAction","name":"Comment","target":["https:\/\/3zskadan.cz\/?p=11215#respond"]}]},{"@type":"WebPage","@id":"https:\/\/3zskadan.cz\/?p=11215","url":"https:\/\/3zskadan.cz\/?p=11215","name":"V\u00fdlet na leti\u0161t\u011b - Z\u00e1kladn\u00ed \u0161kola Kada\u0148, ul. Chomutovsk\u00e1 1683","isPartOf":{"@id":"https:\/\/3zskadan.cz\/#website"},"primaryImageOfPage":{"@id":"https:\/\/3zskadan.cz\/?p=11215#primaryimage"},"image":{"@id":"https:\/\/3zskadan.cz\/?p=11215#primaryimage"},"thumbnailUrl":"https:\/\/i0.wp.com\/3zskadan.cz\/wp-content\/uploads\/344871753_286202340407784_4097383229183949553_n.jpg?fit=1955%2C1467&ssl=1","datePublished":"2023-05-05T11:20:51+00:00","dateModified":"2023-05-05T11:20:53+00:00","author":{"@id":"https:\/\/3zskadan.cz\/#\/schema\/person\/a2724b0431f00279441bbceb4e37b1a5"},"breadcrumb":{"@id":"https:\/\/3zskadan.cz\/?p=11215#breadcrumb"},"inLanguage":"cs","potentialAction":[{"@type":"ReadAction","target":["https:\/\/3zskadan.cz\/?p=11215"]}]},{"@type":"ImageObject","inLanguage":"cs","@id":"https:\/\/3zskadan.cz\/?p=11215#primaryimage","url":"https:\/\/i0.wp.com\/3zskadan.cz\/wp-content\/uploads\/344871753_286202340407784_4097383229183949553_n.jpg?fit=1955%2C1467&ssl=1","contentUrl":"https:\/\/i0.wp.com\/3zskadan.cz\/wp-content\/uploads\/344871753_286202340407784_4097383229183949553_n.jpg?fit=1955%2C1467&ssl=1","width":1955,"height":1467},{"@type":"BreadcrumbList","@id":"https:\/\/3zskadan.cz\/?p=11215#breadcrumb","itemListElement":[{"@type":"ListItem","position":1,"name":"Dom\u016f","item":"https:\/\/3zskadan.cz\/"},{"@type":"ListItem","position":2,"name":"V\u00fdlet na leti\u0161t\u011b"}]},{"@type":"WebSite","@id":"https:\/\/3zskadan.cz\/#website","url":"https:\/\/3zskadan.cz\/","name":"Z\u00e1kladn\u00ed \u0161kola Kada\u0148, ul. Chomutovsk\u00e1 1683","description":"","potentialAction":[{"@type":"SearchAction","target":{"@type":"EntryPoint","urlTemplate":"https:\/\/3zskadan.cz\/?s={search_term_string}"},"query-input":{"@type":"PropertyValueSpecification","valueRequired":true,"valueName":"search_term_string"}}],"inLanguage":"cs"},{"@type":"Person","@id":"https:\/\/3zskadan.cz\/#\/schema\/person\/a2724b0431f00279441bbceb4e37b1a5","name":"Radek Vinick\u00fd","image":{"@type":"ImageObject","inLanguage":"cs","@id":"https:\/\/secure.gravatar.com\/avatar\/eda0a90e46343fd9908cdf92cc69b075f7f5b586cf33b05c8dd68cb1209f00d6?s=96&d=wavatar&r=g","url":"https:\/\/secure.gravatar.com\/avatar\/eda0a90e46343fd9908cdf92cc69b075f7f5b586cf33b05c8dd68cb1209f00d6?s=96&d=wavatar&r=g","contentUrl":"https:\/\/secure.gravatar.com\/avatar\/eda0a90e46343fd9908cdf92cc69b075f7f5b586cf33b05c8dd68cb1209f00d6?s=96&d=wavatar&r=g","caption":"Radek Vinick\u00fd"},"url":"https:\/\/3zskadan.cz\/?author=1"}]}},"jetpack_publicize_connections":[],"jetpack_featured_media_url":"https:\/\/i0.wp.com\/3zskadan.cz\/wp-content\/uploads\/344871753_286202340407784_4097383229183949553_n.jpg?fit=1955%2C1467&ssl=1","jetpack_sharing_enabled":true,"jetpack_shortlink":"https:\/\/wp.me\/p7YYLP-2UT","_links":{"self":[{"href":"https:\/\/3zskadan.cz\/index.php?rest_route=\/wp\/v2\/posts\/11215","targetHints":{"allow":["GET"]}}],"collection":[{"href":"https:\/\/3zskadan.cz\/index.php?rest_route=\/wp\/v2\/posts"}],"about":[{"href":"https:\/\/3zskadan.cz\/index.php?rest_route=\/wp\/v2\/types\/post"}],"author":[{"embeddable":true,"href":"https:\/\/3zskadan.cz\/index.php?rest_route=\/wp\/v2\/users\/1"}],"replies":[{"embeddable":true,"href":"https:\/\/3zskadan.cz\/index.php?rest_route=%2Fwp%2Fv2%2Fcomments&post=11215"}],"version-history":[{"count":2,"href":"https:\/\/3zskadan.cz\/index.php?rest_route=\/wp\/v2\/posts\/11215\/revisions"}],"predecessor-version":[{"id":11217,"href":"https:\/\/3zskadan.cz\/index.php?rest_route=\/wp\/v2\/posts\/11215\/revisions\/11217"}],"wp:featuredmedia":[{"embeddable":true,"href":"https:\/\/3zskadan.cz\/index.php?rest_route=\/wp\/v2\/media\/11209"}],"wp:attachment":[{"href":"https:\/\/3zskadan.cz\/index.php?rest_route=%2Fwp%2Fv2%2Fmedia&parent=11215"}],"wp:term":[{"taxonomy":"category","embeddable":true,"href":"https:\/\/3zskadan.cz\/index.php?rest_route=%2Fwp%2Fv2%2Fcategories&post=11215"},{"taxonomy":"post_tag","embeddable":true,"href":"https:\/\/3zskadan.cz\/index.php?rest_route=%2Fwp%2Fv2%2Ftags&post=11215"}],"curies":[{"name":"wp","href":"https:\/\/api.w.org\/{rel}","templated":true}]}}