{"id":12498,"date":"2024-05-30T13:34:41","date_gmt":"2024-05-30T11:34:41","guid":{"rendered":"https:\/\/3zskadan.cz\/?p=12498"},"modified":"2024-05-30T14:20:36","modified_gmt":"2024-05-30T12:20:36","slug":"den-pro-tridu-30-1-2024","status":"publish","type":"post","link":"https:\/\/3zskadan.cz\/?p=12498","title":{"rendered":"Den pro t\u0159\u00eddu 30. 5. 2024"},"content":{"rendered":"<p>Vyu\u017eili jsme mo\u017enosti Dne pro t\u0159\u00eddu a nav\u0161t\u00edvili jsme kada\u0148sk\u00e9 pam\u00e1tky. V\u00a0kl\u00e1\u0161te\u0159e franti\u0161k\u00e1n\u016f-observant\u016f jsme u\u017e dvakr\u00e1t byli, tak jsme si objednali exkurzi do kada\u0148sk\u00e9ho hradu. Prov\u00e1zel n\u00e1s pan Gavenda, kter\u00fd je nevysychaj\u00edc\u00edm pramenem historick\u00fdch zaj\u00edmavost\u00ed. Vyzkou\u0161eli jsme si funkci vlajkono\u0161\u016f, nasadili \u010depici z\u00a0velk\u00e9 v\u00e1lky i p\u0159ilbu z\u00a020. let 20. stolet\u00ed. Pro\u0161li jsme podzem\u00edm a prohl\u00e9dli si makety, zachycuj\u00edc\u00ed vzhled hradu v\u00a0minul\u00fdch stalet\u00edch. Historicky nalad\u011bni jsme se zastavili tak\u00e9 v\u00a0kostele Pov\u00fd\u0161en\u00ed sv. K\u0159\u00ed\u017ee, kde n\u00e1m velice mil\u00fd pan far\u00e1\u0159, d\u011bkan \u010cerm\u00e1k, povypr\u00e1v\u011bl o d\u011bjin\u00e1ch kostela a uk\u00e1zal na\u0161i kr\u00e1snou kada\u0148skou k\u0159titelnici.<\/p>\n<p>8. B<\/p>\n\n\n<figure class=\"wp-block-gallery has-nested-images columns-default is-cropped wp-block-gallery-1 is-layout-flex wp-block-gallery-is-layout-flex\">\n<figure class=\"wp-block-image size-large\"><img data-recalc-dims=\"1\" fetchpriority=\"high\" decoding=\"async\" width=\"1024\" height=\"685\" data-attachment-id=\"12497\" data-permalink=\"https:\/\/3zskadan.cz\/?attachment_id=12497\" data-orig-file=\"https:\/\/i0.wp.com\/3zskadan.cz\/wp-content\/uploads\/Obrazek-WhatsApp-2024-05-30-v-13.21.54_4bb298a9.jpg?fit=1587%2C1061&amp;ssl=1\" data-orig-size=\"1587,1061\" data-comments-opened=\"1\" data-image-meta=\"{&quot;aperture&quot;:&quot;0&quot;,&quot;credit&quot;:&quot;&quot;,&quot;camera&quot;:&quot;&quot;,&quot;caption&quot;:&quot;&quot;,&quot;created_timestamp&quot;:&quot;0&quot;,&quot;copyright&quot;:&quot;&quot;,&quot;focal_length&quot;:&quot;0&quot;,&quot;iso&quot;:&quot;0&quot;,&quot;shutter_speed&quot;:&quot;0&quot;,&quot;title&quot;:&quot;&quot;,&quot;orientation&quot;:&quot;0&quot;}\" data-image-title=\"den pro t\u0159\u00eddu 8. B\" data-image-description=\"\" data-image-caption=\"\" data-large-file=\"https:\/\/i0.wp.com\/3zskadan.cz\/wp-content\/uploads\/Obrazek-WhatsApp-2024-05-30-v-13.21.54_4bb298a9.jpg?fit=1024%2C685&amp;ssl=1\" data-id=\"12497\" src=\"https:\/\/i0.wp.com\/3zskadan.cz\/wp-content\/uploads\/Obrazek-WhatsApp-2024-05-30-v-13.21.54_4bb298a9.jpg?resize=1024%2C685&#038;ssl=1\" alt=\"\" class=\"wp-image-12497\" srcset=\"https:\/\/i0.wp.com\/3zskadan.cz\/wp-content\/uploads\/Obrazek-WhatsApp-2024-05-30-v-13.21.54_4bb298a9.jpg?resize=1024%2C685&amp;ssl=1 1024w, https:\/\/i0.wp.com\/3zskadan.cz\/wp-content\/uploads\/Obrazek-WhatsApp-2024-05-30-v-13.21.54_4bb298a9.jpg?resize=300%2C201&amp;ssl=1 300w, https:\/\/i0.wp.com\/3zskadan.cz\/wp-content\/uploads\/Obrazek-WhatsApp-2024-05-30-v-13.21.54_4bb298a9.jpg?resize=768%2C513&amp;ssl=1 768w, https:\/\/i0.wp.com\/3zskadan.cz\/wp-content\/uploads\/Obrazek-WhatsApp-2024-05-30-v-13.21.54_4bb298a9.jpg?resize=1536%2C1027&amp;ssl=1 1536w, https:\/\/i0.wp.com\/3zskadan.cz\/wp-content\/uploads\/Obrazek-WhatsApp-2024-05-30-v-13.21.54_4bb298a9.jpg?resize=272%2C182&amp;ssl=1 272w, https:\/\/i0.wp.com\/3zskadan.cz\/wp-content\/uploads\/Obrazek-WhatsApp-2024-05-30-v-13.21.54_4bb298a9.jpg?w=1587&amp;ssl=1 1587w\" sizes=\"(max-width: 1024px) 100vw, 1024px\" \/><\/figure>\n\n\n\n<figure class=\"wp-block-image size-large\"><img data-recalc-dims=\"1\" decoding=\"async\" width=\"1024\" height=\"768\" data-attachment-id=\"12496\" data-permalink=\"https:\/\/3zskadan.cz\/?attachment_id=12496\" data-orig-file=\"https:\/\/i0.wp.com\/3zskadan.cz\/wp-content\/uploads\/Obrazek-WhatsApp-2024-05-30-v-13.21.55_1fec3bae.jpg?fit=2048%2C1536&amp;ssl=1\" data-orig-size=\"2048,1536\" data-comments-opened=\"1\" data-image-meta=\"{&quot;aperture&quot;:&quot;0&quot;,&quot;credit&quot;:&quot;&quot;,&quot;camera&quot;:&quot;&quot;,&quot;caption&quot;:&quot;&quot;,&quot;created_timestamp&quot;:&quot;0&quot;,&quot;copyright&quot;:&quot;&quot;,&quot;focal_length&quot;:&quot;0&quot;,&quot;iso&quot;:&quot;0&quot;,&quot;shutter_speed&quot;:&quot;0&quot;,&quot;title&quot;:&quot;&quot;,&quot;orientation&quot;:&quot;0&quot;}\" data-image-title=\"den pro t\u0159\u00eddu 8. B\" data-image-description=\"\" data-image-caption=\"\" data-large-file=\"https:\/\/i0.wp.com\/3zskadan.cz\/wp-content\/uploads\/Obrazek-WhatsApp-2024-05-30-v-13.21.55_1fec3bae.jpg?fit=1024%2C768&amp;ssl=1\" data-id=\"12496\" src=\"https:\/\/i0.wp.com\/3zskadan.cz\/wp-content\/uploads\/Obrazek-WhatsApp-2024-05-30-v-13.21.55_1fec3bae.jpg?resize=1024%2C768&#038;ssl=1\" alt=\"\" class=\"wp-image-12496\" srcset=\"https:\/\/i0.wp.com\/3zskadan.cz\/wp-content\/uploads\/Obrazek-WhatsApp-2024-05-30-v-13.21.55_1fec3bae.jpg?resize=1024%2C768&amp;ssl=1 1024w, https:\/\/i0.wp.com\/3zskadan.cz\/wp-content\/uploads\/Obrazek-WhatsApp-2024-05-30-v-13.21.55_1fec3bae.jpg?resize=300%2C225&amp;ssl=1 300w, https:\/\/i0.wp.com\/3zskadan.cz\/wp-content\/uploads\/Obrazek-WhatsApp-2024-05-30-v-13.21.55_1fec3bae.jpg?resize=768%2C576&amp;ssl=1 768w, https:\/\/i0.wp.com\/3zskadan.cz\/wp-content\/uploads\/Obrazek-WhatsApp-2024-05-30-v-13.21.55_1fec3bae.jpg?resize=1536%2C1152&amp;ssl=1 1536w, https:\/\/i0.wp.com\/3zskadan.cz\/wp-content\/uploads\/Obrazek-WhatsApp-2024-05-30-v-13.21.55_1fec3bae.jpg?w=2048&amp;ssl=1 2048w\" sizes=\"(max-width: 1024px) 100vw, 1024px\" \/><\/figure>\n<\/figure>\n","protected":false},"excerpt":{"rendered":"<p>Vyu\u017eili jsme mo\u017enosti Dne pro t\u0159\u00eddu a nav\u0161t\u00edvili jsme kada\u0148sk\u00e9 pam\u00e1tky. V\u00a0kl\u00e1\u0161te\u0159e franti\u0161k\u00e1n\u016f-observant\u016f jsme u\u017e dvakr\u00e1t byli, tak jsme si objednali exkurzi do kada\u0148sk\u00e9ho hradu. Prov\u00e1zel n\u00e1s pan Gavenda, kter\u00fd je nevysychaj\u00edc\u00edm pramenem historick\u00fdch zaj\u00edmavost\u00ed. Vyzkou\u0161eli jsme si funkci vlajkono\u0161\u016f, nasadili \u010depici z\u00a0velk\u00e9 v\u00e1lky i p\u0159ilbu z\u00a020. let 20. stolet\u00ed. Pro\u0161li jsme podzem\u00edm a prohl\u00e9dli [&hellip;]<\/p>\n","protected":false},"author":1,"featured_media":12497,"comment_status":"open","ping_status":"open","sticky":false,"template":"","format":"standard","meta":{"jetpack_post_was_ever_published":false,"_jetpack_newsletter_access":"","_jetpack_dont_email_post_to_subs":false,"_jetpack_newsletter_tier_id":0,"_jetpack_memberships_contains_paywalled_content":false,"_jetpack_memberships_contains_paid_content":false,"footnotes":"","jetpack_publicize_message":"","jetpack_publicize_feature_enabled":true,"jetpack_social_post_already_shared":true,"jetpack_social_options":{"image_generator_settings":{"template":"highway","default_image_id":0,"font":"","enabled":false},"version":2}},"categories":[15,4],"tags":[],"class_list":{"0":"post-12498","1":"post","2":"type-post","3":"status-publish","4":"format-standard","5":"has-post-thumbnail","7":"category-aktuality","8":"category-informace","9":"czr-hentry"},"yoast_head":"<!-- This site is optimized with the Yoast SEO plugin v27.4 - https:\/\/yoast.com\/product\/yoast-seo-wordpress\/ -->\n<title>Den pro t\u0159\u00eddu 30. 5. 2024 - Z\u00e1kladn\u00ed \u0161kola Kada\u0148, ul. Chomutovsk\u00e1 1683<\/title>\n<meta name=\"robots\" content=\"index, follow, max-snippet:-1, max-image-preview:large, max-video-preview:-1\" \/>\n<link rel=\"canonical\" href=\"https:\/\/3zskadan.cz\/?p=12498\" \/>\n<meta property=\"og:locale\" content=\"cs_CZ\" \/>\n<meta property=\"og:type\" content=\"article\" \/>\n<meta property=\"og:title\" content=\"Den pro t\u0159\u00eddu 30. 5. 2024 - Z\u00e1kladn\u00ed \u0161kola Kada\u0148, ul. Chomutovsk\u00e1 1683\" \/>\n<meta property=\"og:description\" content=\"Vyu\u017eili jsme mo\u017enosti Dne pro t\u0159\u00eddu a nav\u0161t\u00edvili jsme kada\u0148sk\u00e9 pam\u00e1tky. V\u00a0kl\u00e1\u0161te\u0159e franti\u0161k\u00e1n\u016f-observant\u016f jsme u\u017e dvakr\u00e1t byli, tak jsme si objednali exkurzi do kada\u0148sk\u00e9ho hradu. Prov\u00e1zel n\u00e1s pan Gavenda, kter\u00fd je nevysychaj\u00edc\u00edm pramenem historick\u00fdch zaj\u00edmavost\u00ed. Vyzkou\u0161eli jsme si funkci vlajkono\u0161\u016f, nasadili \u010depici z\u00a0velk\u00e9 v\u00e1lky i p\u0159ilbu z\u00a020. let 20. stolet\u00ed. Pro\u0161li jsme podzem\u00edm a prohl\u00e9dli [&hellip;]\" \/>\n<meta property=\"og:url\" content=\"https:\/\/3zskadan.cz\/?p=12498\" \/>\n<meta property=\"og:site_name\" content=\"Z\u00e1kladn\u00ed \u0161kola Kada\u0148, ul. Chomutovsk\u00e1 1683\" \/>\n<meta property=\"article:published_time\" content=\"2024-05-30T11:34:41+00:00\" \/>\n<meta property=\"article:modified_time\" content=\"2024-05-30T12:20:36+00:00\" \/>\n<meta property=\"og:image\" content=\"https:\/\/3zskadan.cz\/wp-content\/uploads\/Obrazek-WhatsApp-2024-05-30-v-13.21.54_4bb298a9.jpg\" \/>\n\t<meta property=\"og:image:width\" content=\"1587\" \/>\n\t<meta property=\"og:image:height\" content=\"1061\" \/>\n\t<meta property=\"og:image:type\" content=\"image\/jpeg\" \/>\n<meta name=\"author\" content=\"Radek Vinick\u00fd\" \/>\n<meta name=\"twitter:card\" content=\"summary_large_image\" \/>\n<meta name=\"twitter:label1\" content=\"Napsal(a)\" \/>\n\t<meta name=\"twitter:data1\" content=\"Radek Vinick\u00fd\" \/>\n\t<meta name=\"twitter:label2\" content=\"Odhadovan\u00e1 doba \u010dten\u00ed\" \/>\n\t<meta name=\"twitter:data2\" content=\"2 minuty\" \/>\n<script type=\"application\/ld+json\" class=\"yoast-schema-graph\">{\"@context\":\"https:\\\/\\\/schema.org\",\"@graph\":[{\"@type\":\"Article\",\"@id\":\"https:\\\/\\\/3zskadan.cz\\\/?p=12498#article\",\"isPartOf\":{\"@id\":\"https:\\\/\\\/3zskadan.cz\\\/?p=12498\"},\"author\":{\"name\":\"Radek Vinick\u00fd\",\"@id\":\"https:\\\/\\\/3zskadan.cz\\\/#\\\/schema\\\/person\\\/a2724b0431f00279441bbceb4e37b1a5\"},\"headline\":\"Den pro t\u0159\u00eddu 30. 5. 2024\",\"datePublished\":\"2024-05-30T11:34:41+00:00\",\"dateModified\":\"2024-05-30T12:20:36+00:00\",\"mainEntityOfPage\":{\"@id\":\"https:\\\/\\\/3zskadan.cz\\\/?p=12498\"},\"wordCount\":143,\"commentCount\":0,\"image\":{\"@id\":\"https:\\\/\\\/3zskadan.cz\\\/?p=12498#primaryimage\"},\"thumbnailUrl\":\"https:\\\/\\\/i0.wp.com\\\/3zskadan.cz\\\/wp-content\\\/uploads\\\/Obrazek-WhatsApp-2024-05-30-v-13.21.54_4bb298a9.jpg?fit=1587%2C1061&ssl=1\",\"articleSection\":[\"Aktuality\",\"Informace\"],\"inLanguage\":\"cs\",\"potentialAction\":[{\"@type\":\"CommentAction\",\"name\":\"Comment\",\"target\":[\"https:\\\/\\\/3zskadan.cz\\\/?p=12498#respond\"]}]},{\"@type\":\"WebPage\",\"@id\":\"https:\\\/\\\/3zskadan.cz\\\/?p=12498\",\"url\":\"https:\\\/\\\/3zskadan.cz\\\/?p=12498\",\"name\":\"Den pro t\u0159\u00eddu 30. 5. 2024 - Z\u00e1kladn\u00ed \u0161kola Kada\u0148, ul. Chomutovsk\u00e1 1683\",\"isPartOf\":{\"@id\":\"https:\\\/\\\/3zskadan.cz\\\/#website\"},\"primaryImageOfPage\":{\"@id\":\"https:\\\/\\\/3zskadan.cz\\\/?p=12498#primaryimage\"},\"image\":{\"@id\":\"https:\\\/\\\/3zskadan.cz\\\/?p=12498#primaryimage\"},\"thumbnailUrl\":\"https:\\\/\\\/i0.wp.com\\\/3zskadan.cz\\\/wp-content\\\/uploads\\\/Obrazek-WhatsApp-2024-05-30-v-13.21.54_4bb298a9.jpg?fit=1587%2C1061&ssl=1\",\"datePublished\":\"2024-05-30T11:34:41+00:00\",\"dateModified\":\"2024-05-30T12:20:36+00:00\",\"author\":{\"@id\":\"https:\\\/\\\/3zskadan.cz\\\/#\\\/schema\\\/person\\\/a2724b0431f00279441bbceb4e37b1a5\"},\"breadcrumb\":{\"@id\":\"https:\\\/\\\/3zskadan.cz\\\/?p=12498#breadcrumb\"},\"inLanguage\":\"cs\",\"potentialAction\":[{\"@type\":\"ReadAction\",\"target\":[\"https:\\\/\\\/3zskadan.cz\\\/?p=12498\"]}]},{\"@type\":\"ImageObject\",\"inLanguage\":\"cs\",\"@id\":\"https:\\\/\\\/3zskadan.cz\\\/?p=12498#primaryimage\",\"url\":\"https:\\\/\\\/i0.wp.com\\\/3zskadan.cz\\\/wp-content\\\/uploads\\\/Obrazek-WhatsApp-2024-05-30-v-13.21.54_4bb298a9.jpg?fit=1587%2C1061&ssl=1\",\"contentUrl\":\"https:\\\/\\\/i0.wp.com\\\/3zskadan.cz\\\/wp-content\\\/uploads\\\/Obrazek-WhatsApp-2024-05-30-v-13.21.54_4bb298a9.jpg?fit=1587%2C1061&ssl=1\",\"width\":1587,\"height\":1061},{\"@type\":\"BreadcrumbList\",\"@id\":\"https:\\\/\\\/3zskadan.cz\\\/?p=12498#breadcrumb\",\"itemListElement\":[{\"@type\":\"ListItem\",\"position\":1,\"name\":\"Dom\u016f\",\"item\":\"https:\\\/\\\/3zskadan.cz\\\/\"},{\"@type\":\"ListItem\",\"position\":2,\"name\":\"Den pro t\u0159\u00eddu 30. 5. 2024\"}]},{\"@type\":\"WebSite\",\"@id\":\"https:\\\/\\\/3zskadan.cz\\\/#website\",\"url\":\"https:\\\/\\\/3zskadan.cz\\\/\",\"name\":\"Z\u00e1kladn\u00ed \u0161kola Kada\u0148, ul. Chomutovsk\u00e1 1683\",\"description\":\"\",\"potentialAction\":[{\"@type\":\"SearchAction\",\"target\":{\"@type\":\"EntryPoint\",\"urlTemplate\":\"https:\\\/\\\/3zskadan.cz\\\/?s={search_term_string}\"},\"query-input\":{\"@type\":\"PropertyValueSpecification\",\"valueRequired\":true,\"valueName\":\"search_term_string\"}}],\"inLanguage\":\"cs\"},{\"@type\":\"Person\",\"@id\":\"https:\\\/\\\/3zskadan.cz\\\/#\\\/schema\\\/person\\\/a2724b0431f00279441bbceb4e37b1a5\",\"name\":\"Radek Vinick\u00fd\",\"image\":{\"@type\":\"ImageObject\",\"inLanguage\":\"cs\",\"@id\":\"https:\\\/\\\/secure.gravatar.com\\\/avatar\\\/eda0a90e46343fd9908cdf92cc69b075f7f5b586cf33b05c8dd68cb1209f00d6?s=96&d=wavatar&r=g\",\"url\":\"https:\\\/\\\/secure.gravatar.com\\\/avatar\\\/eda0a90e46343fd9908cdf92cc69b075f7f5b586cf33b05c8dd68cb1209f00d6?s=96&d=wavatar&r=g\",\"contentUrl\":\"https:\\\/\\\/secure.gravatar.com\\\/avatar\\\/eda0a90e46343fd9908cdf92cc69b075f7f5b586cf33b05c8dd68cb1209f00d6?s=96&d=wavatar&r=g\",\"caption\":\"Radek Vinick\u00fd\"},\"url\":\"https:\\\/\\\/3zskadan.cz\\\/?author=1\"}]}<\/script>\n<!-- \/ Yoast SEO plugin. -->","yoast_head_json":{"title":"Den pro t\u0159\u00eddu 30. 5. 2024 - Z\u00e1kladn\u00ed \u0161kola Kada\u0148, ul. Chomutovsk\u00e1 1683","robots":{"index":"index","follow":"follow","max-snippet":"max-snippet:-1","max-image-preview":"max-image-preview:large","max-video-preview":"max-video-preview:-1"},"canonical":"https:\/\/3zskadan.cz\/?p=12498","og_locale":"cs_CZ","og_type":"article","og_title":"Den pro t\u0159\u00eddu 30. 5. 2024 - Z\u00e1kladn\u00ed \u0161kola Kada\u0148, ul. Chomutovsk\u00e1 1683","og_description":"Vyu\u017eili jsme mo\u017enosti Dne pro t\u0159\u00eddu a nav\u0161t\u00edvili jsme kada\u0148sk\u00e9 pam\u00e1tky. V\u00a0kl\u00e1\u0161te\u0159e franti\u0161k\u00e1n\u016f-observant\u016f jsme u\u017e dvakr\u00e1t byli, tak jsme si objednali exkurzi do kada\u0148sk\u00e9ho hradu. Prov\u00e1zel n\u00e1s pan Gavenda, kter\u00fd je nevysychaj\u00edc\u00edm pramenem historick\u00fdch zaj\u00edmavost\u00ed. Vyzkou\u0161eli jsme si funkci vlajkono\u0161\u016f, nasadili \u010depici z\u00a0velk\u00e9 v\u00e1lky i p\u0159ilbu z\u00a020. let 20. stolet\u00ed. Pro\u0161li jsme podzem\u00edm a prohl\u00e9dli [&hellip;]","og_url":"https:\/\/3zskadan.cz\/?p=12498","og_site_name":"Z\u00e1kladn\u00ed \u0161kola Kada\u0148, ul. Chomutovsk\u00e1 1683","article_published_time":"2024-05-30T11:34:41+00:00","article_modified_time":"2024-05-30T12:20:36+00:00","og_image":[{"width":1587,"height":1061,"url":"https:\/\/3zskadan.cz\/wp-content\/uploads\/Obrazek-WhatsApp-2024-05-30-v-13.21.54_4bb298a9.jpg","type":"image\/jpeg"}],"author":"Radek Vinick\u00fd","twitter_card":"summary_large_image","twitter_misc":{"Napsal(a)":"Radek Vinick\u00fd","Odhadovan\u00e1 doba \u010dten\u00ed":"2 minuty"},"schema":{"@context":"https:\/\/schema.org","@graph":[{"@type":"Article","@id":"https:\/\/3zskadan.cz\/?p=12498#article","isPartOf":{"@id":"https:\/\/3zskadan.cz\/?p=12498"},"author":{"name":"Radek Vinick\u00fd","@id":"https:\/\/3zskadan.cz\/#\/schema\/person\/a2724b0431f00279441bbceb4e37b1a5"},"headline":"Den pro t\u0159\u00eddu 30. 5. 2024","datePublished":"2024-05-30T11:34:41+00:00","dateModified":"2024-05-30T12:20:36+00:00","mainEntityOfPage":{"@id":"https:\/\/3zskadan.cz\/?p=12498"},"wordCount":143,"commentCount":0,"image":{"@id":"https:\/\/3zskadan.cz\/?p=12498#primaryimage"},"thumbnailUrl":"https:\/\/i0.wp.com\/3zskadan.cz\/wp-content\/uploads\/Obrazek-WhatsApp-2024-05-30-v-13.21.54_4bb298a9.jpg?fit=1587%2C1061&ssl=1","articleSection":["Aktuality","Informace"],"inLanguage":"cs","potentialAction":[{"@type":"CommentAction","name":"Comment","target":["https:\/\/3zskadan.cz\/?p=12498#respond"]}]},{"@type":"WebPage","@id":"https:\/\/3zskadan.cz\/?p=12498","url":"https:\/\/3zskadan.cz\/?p=12498","name":"Den pro t\u0159\u00eddu 30. 5. 2024 - Z\u00e1kladn\u00ed \u0161kola Kada\u0148, ul. Chomutovsk\u00e1 1683","isPartOf":{"@id":"https:\/\/3zskadan.cz\/#website"},"primaryImageOfPage":{"@id":"https:\/\/3zskadan.cz\/?p=12498#primaryimage"},"image":{"@id":"https:\/\/3zskadan.cz\/?p=12498#primaryimage"},"thumbnailUrl":"https:\/\/i0.wp.com\/3zskadan.cz\/wp-content\/uploads\/Obrazek-WhatsApp-2024-05-30-v-13.21.54_4bb298a9.jpg?fit=1587%2C1061&ssl=1","datePublished":"2024-05-30T11:34:41+00:00","dateModified":"2024-05-30T12:20:36+00:00","author":{"@id":"https:\/\/3zskadan.cz\/#\/schema\/person\/a2724b0431f00279441bbceb4e37b1a5"},"breadcrumb":{"@id":"https:\/\/3zskadan.cz\/?p=12498#breadcrumb"},"inLanguage":"cs","potentialAction":[{"@type":"ReadAction","target":["https:\/\/3zskadan.cz\/?p=12498"]}]},{"@type":"ImageObject","inLanguage":"cs","@id":"https:\/\/3zskadan.cz\/?p=12498#primaryimage","url":"https:\/\/i0.wp.com\/3zskadan.cz\/wp-content\/uploads\/Obrazek-WhatsApp-2024-05-30-v-13.21.54_4bb298a9.jpg?fit=1587%2C1061&ssl=1","contentUrl":"https:\/\/i0.wp.com\/3zskadan.cz\/wp-content\/uploads\/Obrazek-WhatsApp-2024-05-30-v-13.21.54_4bb298a9.jpg?fit=1587%2C1061&ssl=1","width":1587,"height":1061},{"@type":"BreadcrumbList","@id":"https:\/\/3zskadan.cz\/?p=12498#breadcrumb","itemListElement":[{"@type":"ListItem","position":1,"name":"Dom\u016f","item":"https:\/\/3zskadan.cz\/"},{"@type":"ListItem","position":2,"name":"Den pro t\u0159\u00eddu 30. 5. 2024"}]},{"@type":"WebSite","@id":"https:\/\/3zskadan.cz\/#website","url":"https:\/\/3zskadan.cz\/","name":"Z\u00e1kladn\u00ed \u0161kola Kada\u0148, ul. Chomutovsk\u00e1 1683","description":"","potentialAction":[{"@type":"SearchAction","target":{"@type":"EntryPoint","urlTemplate":"https:\/\/3zskadan.cz\/?s={search_term_string}"},"query-input":{"@type":"PropertyValueSpecification","valueRequired":true,"valueName":"search_term_string"}}],"inLanguage":"cs"},{"@type":"Person","@id":"https:\/\/3zskadan.cz\/#\/schema\/person\/a2724b0431f00279441bbceb4e37b1a5","name":"Radek Vinick\u00fd","image":{"@type":"ImageObject","inLanguage":"cs","@id":"https:\/\/secure.gravatar.com\/avatar\/eda0a90e46343fd9908cdf92cc69b075f7f5b586cf33b05c8dd68cb1209f00d6?s=96&d=wavatar&r=g","url":"https:\/\/secure.gravatar.com\/avatar\/eda0a90e46343fd9908cdf92cc69b075f7f5b586cf33b05c8dd68cb1209f00d6?s=96&d=wavatar&r=g","contentUrl":"https:\/\/secure.gravatar.com\/avatar\/eda0a90e46343fd9908cdf92cc69b075f7f5b586cf33b05c8dd68cb1209f00d6?s=96&d=wavatar&r=g","caption":"Radek Vinick\u00fd"},"url":"https:\/\/3zskadan.cz\/?author=1"}]}},"jetpack_publicize_connections":[],"jetpack_featured_media_url":"https:\/\/i0.wp.com\/3zskadan.cz\/wp-content\/uploads\/Obrazek-WhatsApp-2024-05-30-v-13.21.54_4bb298a9.jpg?fit=1587%2C1061&ssl=1","jetpack_sharing_enabled":true,"jetpack_shortlink":"https:\/\/wp.me\/p7YYLP-3fA","_links":{"self":[{"href":"https:\/\/3zskadan.cz\/index.php?rest_route=\/wp\/v2\/posts\/12498","targetHints":{"allow":["GET"]}}],"collection":[{"href":"https:\/\/3zskadan.cz\/index.php?rest_route=\/wp\/v2\/posts"}],"about":[{"href":"https:\/\/3zskadan.cz\/index.php?rest_route=\/wp\/v2\/types\/post"}],"author":[{"embeddable":true,"href":"https:\/\/3zskadan.cz\/index.php?rest_route=\/wp\/v2\/users\/1"}],"replies":[{"embeddable":true,"href":"https:\/\/3zskadan.cz\/index.php?rest_route=%2Fwp%2Fv2%2Fcomments&post=12498"}],"version-history":[{"count":3,"href":"https:\/\/3zskadan.cz\/index.php?rest_route=\/wp\/v2\/posts\/12498\/revisions"}],"predecessor-version":[{"id":12501,"href":"https:\/\/3zskadan.cz\/index.php?rest_route=\/wp\/v2\/posts\/12498\/revisions\/12501"}],"wp:featuredmedia":[{"embeddable":true,"href":"https:\/\/3zskadan.cz\/index.php?rest_route=\/wp\/v2\/media\/12497"}],"wp:attachment":[{"href":"https:\/\/3zskadan.cz\/index.php?rest_route=%2Fwp%2Fv2%2Fmedia&parent=12498"}],"wp:term":[{"taxonomy":"category","embeddable":true,"href":"https:\/\/3zskadan.cz\/index.php?rest_route=%2Fwp%2Fv2%2Fcategories&post=12498"},{"taxonomy":"post_tag","embeddable":true,"href":"https:\/\/3zskadan.cz\/index.php?rest_route=%2Fwp%2Fv2%2Ftags&post=12498"}],"curies":[{"name":"wp","href":"https:\/\/api.w.org\/{rel}","templated":true}]}}