{"id":12569,"date":"2024-06-25T08:32:36","date_gmt":"2024-06-25T06:32:36","guid":{"rendered":"https:\/\/3zskadan.cz\/?p=12569"},"modified":"2024-06-25T08:32:37","modified_gmt":"2024-06-25T06:32:37","slug":"zaci-nasi-skoly-v-projektu-post-bellum","status":"publish","type":"post","link":"https:\/\/3zskadan.cz\/?p=12569","title":{"rendered":"\u017d\u00e1ci na\u0161\u00ed \u0161koly v projektu Post Bellum"},"content":{"rendered":"<p>Jak u\u017e se stalo zvykem, i letos se na\u0161e \u0161kola z\u00fa\u010dastnila vzd\u011bl\u00e1vac\u00edho projektu P\u0159\u00edb\u011bhy na\u0161ich soused\u016f za\u0161t\u00edt\u011bn\u00fd organizac\u00ed Post Bellum. P\u011bti\u010dlenn\u00fd t\u00fdm ryze mu\u017esk\u00e9ho zastoupen\u00ed (jmenovit\u011b Dominik Olah, Radek Scheiner, Karel Franc, Kristi\u00e1n \u010ea\u010denko a Jan Kus\u00fd) pracovali na projektu p\u016fl roku a jako v\u00fdstup sv\u00e9 pr\u00e1ce si vybrali komiks. Realizace projektu Pam\u011bti n\u00e1roda spo\u010d\u00edvala v hled\u00e1n\u00ed a z\u00edsk\u00e1v\u00e1n\u00ed informac\u00ed od lid\u00ed, kte\u0159\u00ed pamatuj\u00ed o n\u011bco v\u00edce ne\u017e my a d\u00edky z\u00e1znamu jejich p\u0159\u00edb\u011bhu z\u016fstanou u\u017e nav\u017edy jejich pam\u011bti a vzpom\u00ednky uchov\u00e1ny pro budouc\u00ed generace.<\/p>\n<p>N\u00e1\u0161 pam\u011btn\u00edk Miroslav Nykl\u00ed\u010dek p\u0159edstavil kluk\u016fm sv\u016fj \u017eivotn\u00ed p\u0159\u00edb\u011bh. Nejzaj\u00edmav\u011bj\u0161\u00ed \u010d\u00e1st vypravov\u00e1n\u00ed se vztahovala p\u0159edev\u0161\u00edm k listopadov\u00fdm dn\u016fm roku 1989, kdy se nach\u00e1zel ve velmi zaj\u00edmav\u00e9 pozici. Na jedn\u00e9 stran\u011b st\u00e1l v pozici studenta volaj\u00edc\u00ed po zm\u011bn\u011b, na druhou stranu studoval Vysokou vojenskou \u0161kolu ve Vy\u0161kov\u011b, kde byl tankistou. Jeho \u017eivotn\u00ed miln\u00edky kluci p\u0159ibl\u00ed\u017eili ve vypracovan\u00e9m komiksu, jeho\u017e tvorba byla pro n\u00e1\u0161 t\u00fdm premi\u00e9rou. Pavla \u0160najdarov\u00e1, \u010desk\u00e1 v\u00fdtvarnice a ilustr\u00e1torka, n\u00e1m v\u0161ak na workshopu v Praze p\u0159edala spoustu cenn\u00fdch informac\u00ed a n\u00e1pad\u016f, a tak se n\u00e1m poda\u0159ilo komiks ve form\u00e1tu listovan\u00e9 knihy zda\u0159ile vypracovat.<\/p>\n<p>Ve\u0161kerou svou pr\u00e1ci prezentoval n\u00e1\u0161 t\u00fdm v zelen\u00fdch ko\u0161il\u00edch a trikolorou dne 11. \u010dervna v KD Orfeum v Kadani. Za jejich p\u0159\u00edstup k pr\u00e1ci, velik\u00fd z\u00e1pal a radost, se kterou se kluci pustili do pr\u00e1ce jim pat\u0159\u00ed velik\u00e1 pochvala a pod\u011bkov\u00e1n\u00ed. Mysl\u00edm, \u017ee si v\u0161ichni spole\u010dn\u011b odn\u00e1\u0161\u00edme nejen vzpom\u00ednky a informace od pam\u011btn\u00edka, ale i spoustu nov\u00fdch zku\u0161enost\u00ed a z\u00e1\u017eitk\u016f, kterou jim pr\u00e1ce na projektu p\u0159inesla.<\/p>\n<p>Mgr. Nikola Hej\u010dlov\u00e1 a Mgr. Jakub Havl\u00ed\u010dek<\/p>\n\n\n<figure class=\"wp-block-gallery has-nested-images columns-default is-cropped wp-block-gallery-1 is-layout-flex wp-block-gallery-is-layout-flex\">\n<figure class=\"wp-block-image size-large\"><img data-recalc-dims=\"1\" fetchpriority=\"high\" decoding=\"async\" width=\"1024\" height=\"683\" data-attachment-id=\"12585\" data-permalink=\"https:\/\/3zskadan.cz\/?attachment_id=12585\" data-orig-file=\"https:\/\/i0.wp.com\/3zskadan.cz\/wp-content\/uploads\/Obrazek-WhatsApp-2024-06-24-v-15.26.47_2f68ff63.jpg?fit=2048%2C1365&amp;ssl=1\" data-orig-size=\"2048,1365\" data-comments-opened=\"1\" data-image-meta=\"{&quot;aperture&quot;:&quot;0&quot;,&quot;credit&quot;:&quot;&quot;,&quot;camera&quot;:&quot;&quot;,&quot;caption&quot;:&quot;&quot;,&quot;created_timestamp&quot;:&quot;0&quot;,&quot;copyright&quot;:&quot;&quot;,&quot;focal_length&quot;:&quot;0&quot;,&quot;iso&quot;:&quot;0&quot;,&quot;shutter_speed&quot;:&quot;0&quot;,&quot;title&quot;:&quot;&quot;,&quot;orientation&quot;:&quot;0&quot;}\" data-image-title=\"Post bellum\" data-image-description=\"\" data-image-caption=\"\" data-large-file=\"https:\/\/i0.wp.com\/3zskadan.cz\/wp-content\/uploads\/Obrazek-WhatsApp-2024-06-24-v-15.26.47_2f68ff63.jpg?fit=1024%2C683&amp;ssl=1\" data-id=\"12585\" src=\"https:\/\/i0.wp.com\/3zskadan.cz\/wp-content\/uploads\/Obrazek-WhatsApp-2024-06-24-v-15.26.47_2f68ff63.jpg?resize=1024%2C683&#038;ssl=1\" alt=\"\" class=\"wp-image-12585\" srcset=\"https:\/\/i0.wp.com\/3zskadan.cz\/wp-content\/uploads\/Obrazek-WhatsApp-2024-06-24-v-15.26.47_2f68ff63.jpg?resize=1024%2C683&amp;ssl=1 1024w, https:\/\/i0.wp.com\/3zskadan.cz\/wp-content\/uploads\/Obrazek-WhatsApp-2024-06-24-v-15.26.47_2f68ff63.jpg?resize=300%2C200&amp;ssl=1 300w, https:\/\/i0.wp.com\/3zskadan.cz\/wp-content\/uploads\/Obrazek-WhatsApp-2024-06-24-v-15.26.47_2f68ff63.jpg?resize=768%2C512&amp;ssl=1 768w, https:\/\/i0.wp.com\/3zskadan.cz\/wp-content\/uploads\/Obrazek-WhatsApp-2024-06-24-v-15.26.47_2f68ff63.jpg?resize=1536%2C1024&amp;ssl=1 1536w, https:\/\/i0.wp.com\/3zskadan.cz\/wp-content\/uploads\/Obrazek-WhatsApp-2024-06-24-v-15.26.47_2f68ff63.jpg?resize=272%2C182&amp;ssl=1 272w, https:\/\/i0.wp.com\/3zskadan.cz\/wp-content\/uploads\/Obrazek-WhatsApp-2024-06-24-v-15.26.47_2f68ff63.jpg?w=2048&amp;ssl=1 2048w\" sizes=\"(max-width: 1024px) 100vw, 1024px\" \/><\/figure>\n\n\n\n<figure class=\"wp-block-image size-large\"><img data-recalc-dims=\"1\" decoding=\"async\" width=\"1024\" height=\"683\" data-attachment-id=\"12584\" data-permalink=\"https:\/\/3zskadan.cz\/?attachment_id=12584\" data-orig-file=\"https:\/\/i0.wp.com\/3zskadan.cz\/wp-content\/uploads\/Obrazek-WhatsApp-2024-06-24-v-15.26.48_0456cd52.jpg?fit=2048%2C1365&amp;ssl=1\" data-orig-size=\"2048,1365\" data-comments-opened=\"1\" data-image-meta=\"{&quot;aperture&quot;:&quot;0&quot;,&quot;credit&quot;:&quot;&quot;,&quot;camera&quot;:&quot;&quot;,&quot;caption&quot;:&quot;&quot;,&quot;created_timestamp&quot;:&quot;0&quot;,&quot;copyright&quot;:&quot;&quot;,&quot;focal_length&quot;:&quot;0&quot;,&quot;iso&quot;:&quot;0&quot;,&quot;shutter_speed&quot;:&quot;0&quot;,&quot;title&quot;:&quot;&quot;,&quot;orientation&quot;:&quot;0&quot;}\" data-image-title=\"Post bellum\" data-image-description=\"\" data-image-caption=\"\" data-large-file=\"https:\/\/i0.wp.com\/3zskadan.cz\/wp-content\/uploads\/Obrazek-WhatsApp-2024-06-24-v-15.26.48_0456cd52.jpg?fit=1024%2C683&amp;ssl=1\" data-id=\"12584\" src=\"https:\/\/i0.wp.com\/3zskadan.cz\/wp-content\/uploads\/Obrazek-WhatsApp-2024-06-24-v-15.26.48_0456cd52.jpg?resize=1024%2C683&#038;ssl=1\" alt=\"\" class=\"wp-image-12584\" srcset=\"https:\/\/i0.wp.com\/3zskadan.cz\/wp-content\/uploads\/Obrazek-WhatsApp-2024-06-24-v-15.26.48_0456cd52.jpg?resize=1024%2C683&amp;ssl=1 1024w, https:\/\/i0.wp.com\/3zskadan.cz\/wp-content\/uploads\/Obrazek-WhatsApp-2024-06-24-v-15.26.48_0456cd52.jpg?resize=300%2C200&amp;ssl=1 300w, https:\/\/i0.wp.com\/3zskadan.cz\/wp-content\/uploads\/Obrazek-WhatsApp-2024-06-24-v-15.26.48_0456cd52.jpg?resize=768%2C512&amp;ssl=1 768w, https:\/\/i0.wp.com\/3zskadan.cz\/wp-content\/uploads\/Obrazek-WhatsApp-2024-06-24-v-15.26.48_0456cd52.jpg?resize=1536%2C1024&amp;ssl=1 1536w, https:\/\/i0.wp.com\/3zskadan.cz\/wp-content\/uploads\/Obrazek-WhatsApp-2024-06-24-v-15.26.48_0456cd52.jpg?resize=272%2C182&amp;ssl=1 272w, https:\/\/i0.wp.com\/3zskadan.cz\/wp-content\/uploads\/Obrazek-WhatsApp-2024-06-24-v-15.26.48_0456cd52.jpg?w=2048&amp;ssl=1 2048w\" sizes=\"(max-width: 1024px) 100vw, 1024px\" \/><\/figure>\n\n\n\n<figure class=\"wp-block-image size-large\"><img data-recalc-dims=\"1\" decoding=\"async\" width=\"1024\" height=\"683\" data-attachment-id=\"12583\" data-permalink=\"https:\/\/3zskadan.cz\/?attachment_id=12583\" data-orig-file=\"https:\/\/i0.wp.com\/3zskadan.cz\/wp-content\/uploads\/Obrazek-WhatsApp-2024-06-24-v-15.26.47_3e1af96c.jpg?fit=2048%2C1365&amp;ssl=1\" data-orig-size=\"2048,1365\" data-comments-opened=\"1\" data-image-meta=\"{&quot;aperture&quot;:&quot;0&quot;,&quot;credit&quot;:&quot;&quot;,&quot;camera&quot;:&quot;&quot;,&quot;caption&quot;:&quot;&quot;,&quot;created_timestamp&quot;:&quot;0&quot;,&quot;copyright&quot;:&quot;&quot;,&quot;focal_length&quot;:&quot;0&quot;,&quot;iso&quot;:&quot;0&quot;,&quot;shutter_speed&quot;:&quot;0&quot;,&quot;title&quot;:&quot;&quot;,&quot;orientation&quot;:&quot;0&quot;}\" data-image-title=\"Post bellum\" data-image-description=\"\" data-image-caption=\"\" data-large-file=\"https:\/\/i0.wp.com\/3zskadan.cz\/wp-content\/uploads\/Obrazek-WhatsApp-2024-06-24-v-15.26.47_3e1af96c.jpg?fit=1024%2C683&amp;ssl=1\" data-id=\"12583\" src=\"https:\/\/i0.wp.com\/3zskadan.cz\/wp-content\/uploads\/Obrazek-WhatsApp-2024-06-24-v-15.26.47_3e1af96c.jpg?resize=1024%2C683&#038;ssl=1\" alt=\"\" class=\"wp-image-12583\" srcset=\"https:\/\/i0.wp.com\/3zskadan.cz\/wp-content\/uploads\/Obrazek-WhatsApp-2024-06-24-v-15.26.47_3e1af96c.jpg?resize=1024%2C683&amp;ssl=1 1024w, https:\/\/i0.wp.com\/3zskadan.cz\/wp-content\/uploads\/Obrazek-WhatsApp-2024-06-24-v-15.26.47_3e1af96c.jpg?resize=300%2C200&amp;ssl=1 300w, https:\/\/i0.wp.com\/3zskadan.cz\/wp-content\/uploads\/Obrazek-WhatsApp-2024-06-24-v-15.26.47_3e1af96c.jpg?resize=768%2C512&amp;ssl=1 768w, https:\/\/i0.wp.com\/3zskadan.cz\/wp-content\/uploads\/Obrazek-WhatsApp-2024-06-24-v-15.26.47_3e1af96c.jpg?resize=1536%2C1024&amp;ssl=1 1536w, https:\/\/i0.wp.com\/3zskadan.cz\/wp-content\/uploads\/Obrazek-WhatsApp-2024-06-24-v-15.26.47_3e1af96c.jpg?resize=272%2C182&amp;ssl=1 272w, https:\/\/i0.wp.com\/3zskadan.cz\/wp-content\/uploads\/Obrazek-WhatsApp-2024-06-24-v-15.26.47_3e1af96c.jpg?w=2048&amp;ssl=1 2048w\" sizes=\"(max-width: 1024px) 100vw, 1024px\" \/><\/figure>\n<\/figure>\n","protected":false},"excerpt":{"rendered":"<p>Jak u\u017e se stalo zvykem, i letos se na\u0161e \u0161kola z\u00fa\u010dastnila vzd\u011bl\u00e1vac\u00edho projektu P\u0159\u00edb\u011bhy na\u0161ich soused\u016f za\u0161t\u00edt\u011bn\u00fd organizac\u00ed Post Bellum. P\u011bti\u010dlenn\u00fd t\u00fdm ryze mu\u017esk\u00e9ho zastoupen\u00ed (jmenovit\u011b Dominik Olah, Radek Scheiner, Karel Franc, Kristi\u00e1n \u010ea\u010denko a Jan Kus\u00fd) pracovali na projektu p\u016fl roku a jako v\u00fdstup sv\u00e9 pr\u00e1ce si vybrali komiks. Realizace projektu Pam\u011bti n\u00e1roda spo\u010d\u00edvala [&hellip;]<\/p>\n","protected":false},"author":1,"featured_media":12585,"comment_status":"open","ping_status":"open","sticky":false,"template":"","format":"standard","meta":{"jetpack_post_was_ever_published":false,"_jetpack_newsletter_access":"","_jetpack_dont_email_post_to_subs":false,"_jetpack_newsletter_tier_id":0,"_jetpack_memberships_contains_paywalled_content":false,"_jetpack_memberships_contains_paid_content":false,"footnotes":"","jetpack_publicize_message":"","jetpack_publicize_feature_enabled":true,"jetpack_social_post_already_shared":true,"jetpack_social_options":{"image_generator_settings":{"template":"highway","default_image_id":0,"font":"","enabled":false},"version":2}},"categories":[15,4],"tags":[],"class_list":{"0":"post-12569","1":"post","2":"type-post","3":"status-publish","4":"format-standard","5":"has-post-thumbnail","7":"category-aktuality","8":"category-informace","9":"czr-hentry"},"yoast_head":"<!-- This site is optimized with the Yoast SEO plugin v27.4 - https:\/\/yoast.com\/product\/yoast-seo-wordpress\/ -->\n<title>\u017d\u00e1ci na\u0161\u00ed \u0161koly v projektu Post Bellum - Z\u00e1kladn\u00ed \u0161kola Kada\u0148, ul. Chomutovsk\u00e1 1683<\/title>\n<meta name=\"robots\" content=\"index, follow, max-snippet:-1, max-image-preview:large, max-video-preview:-1\" \/>\n<link rel=\"canonical\" href=\"https:\/\/3zskadan.cz\/?p=12569\" \/>\n<meta property=\"og:locale\" content=\"cs_CZ\" \/>\n<meta property=\"og:type\" content=\"article\" \/>\n<meta property=\"og:title\" content=\"\u017d\u00e1ci na\u0161\u00ed \u0161koly v projektu Post Bellum - Z\u00e1kladn\u00ed \u0161kola Kada\u0148, ul. Chomutovsk\u00e1 1683\" \/>\n<meta property=\"og:description\" content=\"Jak u\u017e se stalo zvykem, i letos se na\u0161e \u0161kola z\u00fa\u010dastnila vzd\u011bl\u00e1vac\u00edho projektu P\u0159\u00edb\u011bhy na\u0161ich soused\u016f za\u0161t\u00edt\u011bn\u00fd organizac\u00ed Post Bellum. P\u011bti\u010dlenn\u00fd t\u00fdm ryze mu\u017esk\u00e9ho zastoupen\u00ed (jmenovit\u011b Dominik Olah, Radek Scheiner, Karel Franc, Kristi\u00e1n \u010ea\u010denko a Jan Kus\u00fd) pracovali na projektu p\u016fl roku a jako v\u00fdstup sv\u00e9 pr\u00e1ce si vybrali komiks. Realizace projektu Pam\u011bti n\u00e1roda spo\u010d\u00edvala [&hellip;]\" \/>\n<meta property=\"og:url\" content=\"https:\/\/3zskadan.cz\/?p=12569\" \/>\n<meta property=\"og:site_name\" content=\"Z\u00e1kladn\u00ed \u0161kola Kada\u0148, ul. Chomutovsk\u00e1 1683\" \/>\n<meta property=\"article:published_time\" content=\"2024-06-25T06:32:36+00:00\" \/>\n<meta property=\"article:modified_time\" content=\"2024-06-25T06:32:37+00:00\" \/>\n<meta property=\"og:image\" content=\"https:\/\/3zskadan.cz\/wp-content\/uploads\/Obrazek-WhatsApp-2024-06-24-v-15.26.47_2f68ff63.jpg\" \/>\n\t<meta property=\"og:image:width\" content=\"2048\" \/>\n\t<meta property=\"og:image:height\" content=\"1365\" \/>\n\t<meta property=\"og:image:type\" content=\"image\/jpeg\" \/>\n<meta name=\"author\" content=\"Radek Vinick\u00fd\" \/>\n<meta name=\"twitter:card\" content=\"summary_large_image\" \/>\n<meta name=\"twitter:label1\" content=\"Napsal(a)\" \/>\n\t<meta name=\"twitter:data1\" content=\"Radek Vinick\u00fd\" \/>\n\t<meta name=\"twitter:label2\" content=\"Odhadovan\u00e1 doba \u010dten\u00ed\" \/>\n\t<meta name=\"twitter:data2\" content=\"3 minuty\" \/>\n<script type=\"application\/ld+json\" class=\"yoast-schema-graph\">{\"@context\":\"https:\\\/\\\/schema.org\",\"@graph\":[{\"@type\":\"Article\",\"@id\":\"https:\\\/\\\/3zskadan.cz\\\/?p=12569#article\",\"isPartOf\":{\"@id\":\"https:\\\/\\\/3zskadan.cz\\\/?p=12569\"},\"author\":{\"name\":\"Radek Vinick\u00fd\",\"@id\":\"https:\\\/\\\/3zskadan.cz\\\/#\\\/schema\\\/person\\\/a2724b0431f00279441bbceb4e37b1a5\"},\"headline\":\"\u017d\u00e1ci na\u0161\u00ed \u0161koly v projektu Post Bellum\",\"datePublished\":\"2024-06-25T06:32:36+00:00\",\"dateModified\":\"2024-06-25T06:32:37+00:00\",\"mainEntityOfPage\":{\"@id\":\"https:\\\/\\\/3zskadan.cz\\\/?p=12569\"},\"wordCount\":360,\"commentCount\":0,\"image\":{\"@id\":\"https:\\\/\\\/3zskadan.cz\\\/?p=12569#primaryimage\"},\"thumbnailUrl\":\"https:\\\/\\\/i0.wp.com\\\/3zskadan.cz\\\/wp-content\\\/uploads\\\/Obrazek-WhatsApp-2024-06-24-v-15.26.47_2f68ff63.jpg?fit=2048%2C1365&ssl=1\",\"articleSection\":[\"Aktuality\",\"Informace\"],\"inLanguage\":\"cs\",\"potentialAction\":[{\"@type\":\"CommentAction\",\"name\":\"Comment\",\"target\":[\"https:\\\/\\\/3zskadan.cz\\\/?p=12569#respond\"]}]},{\"@type\":\"WebPage\",\"@id\":\"https:\\\/\\\/3zskadan.cz\\\/?p=12569\",\"url\":\"https:\\\/\\\/3zskadan.cz\\\/?p=12569\",\"name\":\"\u017d\u00e1ci na\u0161\u00ed \u0161koly v projektu Post Bellum - Z\u00e1kladn\u00ed \u0161kola Kada\u0148, ul. Chomutovsk\u00e1 1683\",\"isPartOf\":{\"@id\":\"https:\\\/\\\/3zskadan.cz\\\/#website\"},\"primaryImageOfPage\":{\"@id\":\"https:\\\/\\\/3zskadan.cz\\\/?p=12569#primaryimage\"},\"image\":{\"@id\":\"https:\\\/\\\/3zskadan.cz\\\/?p=12569#primaryimage\"},\"thumbnailUrl\":\"https:\\\/\\\/i0.wp.com\\\/3zskadan.cz\\\/wp-content\\\/uploads\\\/Obrazek-WhatsApp-2024-06-24-v-15.26.47_2f68ff63.jpg?fit=2048%2C1365&ssl=1\",\"datePublished\":\"2024-06-25T06:32:36+00:00\",\"dateModified\":\"2024-06-25T06:32:37+00:00\",\"author\":{\"@id\":\"https:\\\/\\\/3zskadan.cz\\\/#\\\/schema\\\/person\\\/a2724b0431f00279441bbceb4e37b1a5\"},\"breadcrumb\":{\"@id\":\"https:\\\/\\\/3zskadan.cz\\\/?p=12569#breadcrumb\"},\"inLanguage\":\"cs\",\"potentialAction\":[{\"@type\":\"ReadAction\",\"target\":[\"https:\\\/\\\/3zskadan.cz\\\/?p=12569\"]}]},{\"@type\":\"ImageObject\",\"inLanguage\":\"cs\",\"@id\":\"https:\\\/\\\/3zskadan.cz\\\/?p=12569#primaryimage\",\"url\":\"https:\\\/\\\/i0.wp.com\\\/3zskadan.cz\\\/wp-content\\\/uploads\\\/Obrazek-WhatsApp-2024-06-24-v-15.26.47_2f68ff63.jpg?fit=2048%2C1365&ssl=1\",\"contentUrl\":\"https:\\\/\\\/i0.wp.com\\\/3zskadan.cz\\\/wp-content\\\/uploads\\\/Obrazek-WhatsApp-2024-06-24-v-15.26.47_2f68ff63.jpg?fit=2048%2C1365&ssl=1\",\"width\":2048,\"height\":1365},{\"@type\":\"BreadcrumbList\",\"@id\":\"https:\\\/\\\/3zskadan.cz\\\/?p=12569#breadcrumb\",\"itemListElement\":[{\"@type\":\"ListItem\",\"position\":1,\"name\":\"Dom\u016f\",\"item\":\"https:\\\/\\\/3zskadan.cz\\\/\"},{\"@type\":\"ListItem\",\"position\":2,\"name\":\"\u017d\u00e1ci na\u0161\u00ed \u0161koly v projektu Post Bellum\"}]},{\"@type\":\"WebSite\",\"@id\":\"https:\\\/\\\/3zskadan.cz\\\/#website\",\"url\":\"https:\\\/\\\/3zskadan.cz\\\/\",\"name\":\"Z\u00e1kladn\u00ed \u0161kola Kada\u0148, ul. Chomutovsk\u00e1 1683\",\"description\":\"\",\"potentialAction\":[{\"@type\":\"SearchAction\",\"target\":{\"@type\":\"EntryPoint\",\"urlTemplate\":\"https:\\\/\\\/3zskadan.cz\\\/?s={search_term_string}\"},\"query-input\":{\"@type\":\"PropertyValueSpecification\",\"valueRequired\":true,\"valueName\":\"search_term_string\"}}],\"inLanguage\":\"cs\"},{\"@type\":\"Person\",\"@id\":\"https:\\\/\\\/3zskadan.cz\\\/#\\\/schema\\\/person\\\/a2724b0431f00279441bbceb4e37b1a5\",\"name\":\"Radek Vinick\u00fd\",\"image\":{\"@type\":\"ImageObject\",\"inLanguage\":\"cs\",\"@id\":\"https:\\\/\\\/secure.gravatar.com\\\/avatar\\\/eda0a90e46343fd9908cdf92cc69b075f7f5b586cf33b05c8dd68cb1209f00d6?s=96&d=wavatar&r=g\",\"url\":\"https:\\\/\\\/secure.gravatar.com\\\/avatar\\\/eda0a90e46343fd9908cdf92cc69b075f7f5b586cf33b05c8dd68cb1209f00d6?s=96&d=wavatar&r=g\",\"contentUrl\":\"https:\\\/\\\/secure.gravatar.com\\\/avatar\\\/eda0a90e46343fd9908cdf92cc69b075f7f5b586cf33b05c8dd68cb1209f00d6?s=96&d=wavatar&r=g\",\"caption\":\"Radek Vinick\u00fd\"},\"url\":\"https:\\\/\\\/3zskadan.cz\\\/?author=1\"}]}<\/script>\n<!-- \/ Yoast SEO plugin. -->","yoast_head_json":{"title":"\u017d\u00e1ci na\u0161\u00ed \u0161koly v projektu Post Bellum - Z\u00e1kladn\u00ed \u0161kola Kada\u0148, ul. Chomutovsk\u00e1 1683","robots":{"index":"index","follow":"follow","max-snippet":"max-snippet:-1","max-image-preview":"max-image-preview:large","max-video-preview":"max-video-preview:-1"},"canonical":"https:\/\/3zskadan.cz\/?p=12569","og_locale":"cs_CZ","og_type":"article","og_title":"\u017d\u00e1ci na\u0161\u00ed \u0161koly v projektu Post Bellum - Z\u00e1kladn\u00ed \u0161kola Kada\u0148, ul. Chomutovsk\u00e1 1683","og_description":"Jak u\u017e se stalo zvykem, i letos se na\u0161e \u0161kola z\u00fa\u010dastnila vzd\u011bl\u00e1vac\u00edho projektu P\u0159\u00edb\u011bhy na\u0161ich soused\u016f za\u0161t\u00edt\u011bn\u00fd organizac\u00ed Post Bellum. P\u011bti\u010dlenn\u00fd t\u00fdm ryze mu\u017esk\u00e9ho zastoupen\u00ed (jmenovit\u011b Dominik Olah, Radek Scheiner, Karel Franc, Kristi\u00e1n \u010ea\u010denko a Jan Kus\u00fd) pracovali na projektu p\u016fl roku a jako v\u00fdstup sv\u00e9 pr\u00e1ce si vybrali komiks. Realizace projektu Pam\u011bti n\u00e1roda spo\u010d\u00edvala [&hellip;]","og_url":"https:\/\/3zskadan.cz\/?p=12569","og_site_name":"Z\u00e1kladn\u00ed \u0161kola Kada\u0148, ul. Chomutovsk\u00e1 1683","article_published_time":"2024-06-25T06:32:36+00:00","article_modified_time":"2024-06-25T06:32:37+00:00","og_image":[{"width":2048,"height":1365,"url":"https:\/\/3zskadan.cz\/wp-content\/uploads\/Obrazek-WhatsApp-2024-06-24-v-15.26.47_2f68ff63.jpg","type":"image\/jpeg"}],"author":"Radek Vinick\u00fd","twitter_card":"summary_large_image","twitter_misc":{"Napsal(a)":"Radek Vinick\u00fd","Odhadovan\u00e1 doba \u010dten\u00ed":"3 minuty"},"schema":{"@context":"https:\/\/schema.org","@graph":[{"@type":"Article","@id":"https:\/\/3zskadan.cz\/?p=12569#article","isPartOf":{"@id":"https:\/\/3zskadan.cz\/?p=12569"},"author":{"name":"Radek Vinick\u00fd","@id":"https:\/\/3zskadan.cz\/#\/schema\/person\/a2724b0431f00279441bbceb4e37b1a5"},"headline":"\u017d\u00e1ci na\u0161\u00ed \u0161koly v projektu Post Bellum","datePublished":"2024-06-25T06:32:36+00:00","dateModified":"2024-06-25T06:32:37+00:00","mainEntityOfPage":{"@id":"https:\/\/3zskadan.cz\/?p=12569"},"wordCount":360,"commentCount":0,"image":{"@id":"https:\/\/3zskadan.cz\/?p=12569#primaryimage"},"thumbnailUrl":"https:\/\/i0.wp.com\/3zskadan.cz\/wp-content\/uploads\/Obrazek-WhatsApp-2024-06-24-v-15.26.47_2f68ff63.jpg?fit=2048%2C1365&ssl=1","articleSection":["Aktuality","Informace"],"inLanguage":"cs","potentialAction":[{"@type":"CommentAction","name":"Comment","target":["https:\/\/3zskadan.cz\/?p=12569#respond"]}]},{"@type":"WebPage","@id":"https:\/\/3zskadan.cz\/?p=12569","url":"https:\/\/3zskadan.cz\/?p=12569","name":"\u017d\u00e1ci na\u0161\u00ed \u0161koly v projektu Post Bellum - Z\u00e1kladn\u00ed \u0161kola Kada\u0148, ul. Chomutovsk\u00e1 1683","isPartOf":{"@id":"https:\/\/3zskadan.cz\/#website"},"primaryImageOfPage":{"@id":"https:\/\/3zskadan.cz\/?p=12569#primaryimage"},"image":{"@id":"https:\/\/3zskadan.cz\/?p=12569#primaryimage"},"thumbnailUrl":"https:\/\/i0.wp.com\/3zskadan.cz\/wp-content\/uploads\/Obrazek-WhatsApp-2024-06-24-v-15.26.47_2f68ff63.jpg?fit=2048%2C1365&ssl=1","datePublished":"2024-06-25T06:32:36+00:00","dateModified":"2024-06-25T06:32:37+00:00","author":{"@id":"https:\/\/3zskadan.cz\/#\/schema\/person\/a2724b0431f00279441bbceb4e37b1a5"},"breadcrumb":{"@id":"https:\/\/3zskadan.cz\/?p=12569#breadcrumb"},"inLanguage":"cs","potentialAction":[{"@type":"ReadAction","target":["https:\/\/3zskadan.cz\/?p=12569"]}]},{"@type":"ImageObject","inLanguage":"cs","@id":"https:\/\/3zskadan.cz\/?p=12569#primaryimage","url":"https:\/\/i0.wp.com\/3zskadan.cz\/wp-content\/uploads\/Obrazek-WhatsApp-2024-06-24-v-15.26.47_2f68ff63.jpg?fit=2048%2C1365&ssl=1","contentUrl":"https:\/\/i0.wp.com\/3zskadan.cz\/wp-content\/uploads\/Obrazek-WhatsApp-2024-06-24-v-15.26.47_2f68ff63.jpg?fit=2048%2C1365&ssl=1","width":2048,"height":1365},{"@type":"BreadcrumbList","@id":"https:\/\/3zskadan.cz\/?p=12569#breadcrumb","itemListElement":[{"@type":"ListItem","position":1,"name":"Dom\u016f","item":"https:\/\/3zskadan.cz\/"},{"@type":"ListItem","position":2,"name":"\u017d\u00e1ci na\u0161\u00ed \u0161koly v projektu Post Bellum"}]},{"@type":"WebSite","@id":"https:\/\/3zskadan.cz\/#website","url":"https:\/\/3zskadan.cz\/","name":"Z\u00e1kladn\u00ed \u0161kola Kada\u0148, ul. Chomutovsk\u00e1 1683","description":"","potentialAction":[{"@type":"SearchAction","target":{"@type":"EntryPoint","urlTemplate":"https:\/\/3zskadan.cz\/?s={search_term_string}"},"query-input":{"@type":"PropertyValueSpecification","valueRequired":true,"valueName":"search_term_string"}}],"inLanguage":"cs"},{"@type":"Person","@id":"https:\/\/3zskadan.cz\/#\/schema\/person\/a2724b0431f00279441bbceb4e37b1a5","name":"Radek Vinick\u00fd","image":{"@type":"ImageObject","inLanguage":"cs","@id":"https:\/\/secure.gravatar.com\/avatar\/eda0a90e46343fd9908cdf92cc69b075f7f5b586cf33b05c8dd68cb1209f00d6?s=96&d=wavatar&r=g","url":"https:\/\/secure.gravatar.com\/avatar\/eda0a90e46343fd9908cdf92cc69b075f7f5b586cf33b05c8dd68cb1209f00d6?s=96&d=wavatar&r=g","contentUrl":"https:\/\/secure.gravatar.com\/avatar\/eda0a90e46343fd9908cdf92cc69b075f7f5b586cf33b05c8dd68cb1209f00d6?s=96&d=wavatar&r=g","caption":"Radek Vinick\u00fd"},"url":"https:\/\/3zskadan.cz\/?author=1"}]}},"jetpack_publicize_connections":[],"jetpack_featured_media_url":"https:\/\/i0.wp.com\/3zskadan.cz\/wp-content\/uploads\/Obrazek-WhatsApp-2024-06-24-v-15.26.47_2f68ff63.jpg?fit=2048%2C1365&ssl=1","jetpack_sharing_enabled":true,"jetpack_shortlink":"https:\/\/wp.me\/p7YYLP-3gJ","_links":{"self":[{"href":"https:\/\/3zskadan.cz\/index.php?rest_route=\/wp\/v2\/posts\/12569","targetHints":{"allow":["GET"]}}],"collection":[{"href":"https:\/\/3zskadan.cz\/index.php?rest_route=\/wp\/v2\/posts"}],"about":[{"href":"https:\/\/3zskadan.cz\/index.php?rest_route=\/wp\/v2\/types\/post"}],"author":[{"embeddable":true,"href":"https:\/\/3zskadan.cz\/index.php?rest_route=\/wp\/v2\/users\/1"}],"replies":[{"embeddable":true,"href":"https:\/\/3zskadan.cz\/index.php?rest_route=%2Fwp%2Fv2%2Fcomments&post=12569"}],"version-history":[{"count":3,"href":"https:\/\/3zskadan.cz\/index.php?rest_route=\/wp\/v2\/posts\/12569\/revisions"}],"predecessor-version":[{"id":12586,"href":"https:\/\/3zskadan.cz\/index.php?rest_route=\/wp\/v2\/posts\/12569\/revisions\/12586"}],"wp:featuredmedia":[{"embeddable":true,"href":"https:\/\/3zskadan.cz\/index.php?rest_route=\/wp\/v2\/media\/12585"}],"wp:attachment":[{"href":"https:\/\/3zskadan.cz\/index.php?rest_route=%2Fwp%2Fv2%2Fmedia&parent=12569"}],"wp:term":[{"taxonomy":"category","embeddable":true,"href":"https:\/\/3zskadan.cz\/index.php?rest_route=%2Fwp%2Fv2%2Fcategories&post=12569"},{"taxonomy":"post_tag","embeddable":true,"href":"https:\/\/3zskadan.cz\/index.php?rest_route=%2Fwp%2Fv2%2Ftags&post=12569"}],"curies":[{"name":"wp","href":"https:\/\/api.w.org\/{rel}","templated":true}]}}