{"id":12649,"date":"2024-08-28T13:52:07","date_gmt":"2024-08-28T11:52:07","guid":{"rendered":"https:\/\/3zskadan.cz\/?p=12649"},"modified":"2024-08-28T13:53:20","modified_gmt":"2024-08-28T11:53:20","slug":"prvni-tyden-ve-skole-4","status":"publish","type":"post","link":"https:\/\/3zskadan.cz\/?p=12649","title":{"rendered":"Prvn\u00ed t\u00fdden ve \u0161kole"},"content":{"rendered":"<p><em>Konec srpna u\u017e klepe na dve\u0159e a s\u00a0n\u00edm i za\u010d\u00e1tek nov\u00e9ho \u0161koln\u00edho roku. V\u00a0pond\u011bl\u00ed 2. z\u00e1\u0159\u00ed v\u00a08:15 za\u010d\u00edn\u00e1 \u0161koln\u00ed rok 2024\/2025. <\/em><\/p>\n<p><em>A jak bude prvn\u00ed t\u00fdden \u0161koln\u00edho roku pokra\u010dovat?<\/em><\/p>\n<p><em>Pond\u011bl\u00ed 2. z\u00e1\u0159\u00ed 2024 <\/em><\/p>\n<ul>\n<li><em>1. t\u0159\u00eddy od 8.15 h slavnostn\u00ed p\u0159iv\u00edt\u00e1n\u00ed v alt\u00e1nu Jit\u0159enka, po kter\u00e9m n\u00e1sleduje t\u0159\u00eddn\u00ed sch\u016fzka<\/em><\/li>\n<li><em>2. a\u017e 9. t\u0159\u00eddy uv\u00edt\u00e1n\u00ed ve t\u0159\u00edd\u00e1ch s t\u0159\u00eddn\u00edmi u\u010diteli od 8.15 do 9.55 <\/em><\/li>\n<li><em>cel\u00e1 \u0161kola od 10.00 vzty\u010den\u00ed slun\u00ed\u010dkov\u00e9 vlajky s\u00a0pozdravem Slunci <\/em><\/li>\n<li><em>konec vyu\u010dov\u00e1n\u00ed v\u00a010.20<\/em><\/li>\n<li><em>ob\u011bdy se vyd\u00e1vaj\u00ed od 10.20 do 12.00<\/em><\/li>\n<\/ul>\n<p><em>\u00dater\u00fd 3. z\u00e1\u0159\u00ed 2024 \u2013 DEN PRO T\u0158\u00cdDU<\/em><\/p>\n<ul>\n<li><em>1. t\u0159\u00eddy ve t\u0159\u00edd\u011b do 9.55, pak je mo\u017enost n\u00e1v\u0161t\u011bvy \u0161koln\u00ed dru\u017einy<\/em><\/li>\n<li><em>2. a\u017e 5. t\u0159\u00eddy s t\u0159\u00eddn\u00edmi u\u010diteli do 11.40 <\/em><\/li>\n<li><em>6. a\u017e 9. t\u0159\u00eddy s t\u0159\u00eddn\u00edmi u\u010diteli do 11.55 <\/em><\/li>\n<li><em>ob\u011bdy se vyd\u00e1vaj\u00ed od 11.40 do 14.00 <\/em><\/li>\n<\/ul>\n<p><em>St\u0159eda 4. z\u00e1\u0159\u00ed 2024 \u2013 DEN PRO T\u0158\u00cdDU<\/em><\/p>\n<ul>\n<li><em>1. t\u0159\u00eddy ve t\u0159\u00edd\u011b do 11.00, pak je mo\u017enost n\u00e1v\u0161t\u011bvy \u0161koln\u00ed dru\u017einy<\/em><\/li>\n<li><em>2. a\u017e 5. t\u0159\u00eddy s t\u0159\u00eddn\u00edmi u\u010diteli do 11.55 <\/em><\/li>\n<li><em>6. a\u017e 9. t\u0159\u00eddy s t\u0159\u00eddn\u00edmi u\u010diteli do 12.45 <\/em><\/li>\n<li><em>ob\u011bdy se vyd\u00e1vaj\u00ed od 11.40 do 14.00 <\/em><\/li>\n<\/ul>\n<p><em>\u010ctvrtek a p\u00e1tek 5. a 6. z\u00e1\u0159\u00ed 2024 <\/em><\/p>\n<ul>\n<li><em>1. a\u017e 5. t\u0159\u00eddy v\u00fduka podle rozvrhu do 11.55 <\/em><\/li>\n<li><em>6. a\u017e 9. t\u0159\u00eddy v\u00fduka podle rozvrhu do 12.45 <\/em><\/li>\n<li><em>ob\u011bdy se vyd\u00e1vaj\u00ed od 11.40 do 14.00 <\/em><\/li>\n<\/ul>\n<p><em>Od pond\u011bl\u00ed 9. z\u00e1\u0159\u00ed bude prob\u00edhat v\u00fduka podle st\u00e1l\u00e9ho rozvrhu.<\/em><\/p>\n<p><em>\u0160koln\u00ed dru\u017eina je cel\u00fd t\u00fdden v\u00a0provozu od 5.30 do 16.30 h.<\/em><\/p>\n<p><em>Stravn\u00e9 a dru\u017einu je mo\u017en\u00e9 zaplatit u vedouc\u00ed \u0161koln\u00edho stravov\u00e1n\u00ed v pond\u011bl\u00ed 2. 9. 2024 do 6:00 do 11:00.<\/em><\/p>\n<p><em>V\u00edce informac\u00ed o platb\u00e1ch stravov\u00e1n\u00ed najdete na <\/em><a href=\"https:\/\/3zskadan.cz\/?page_id=768\">https:\/\/3zskadan.cz\/?page_id=768<\/a><\/p>\n","protected":false},"excerpt":{"rendered":"<p>Konec srpna u\u017e klepe na dve\u0159e a s\u00a0n\u00edm i za\u010d\u00e1tek nov\u00e9ho \u0161koln\u00edho roku. V\u00a0pond\u011bl\u00ed 2. z\u00e1\u0159\u00ed v\u00a08:15 za\u010d\u00edn\u00e1 \u0161koln\u00ed rok 2024\/2025. A jak bude prvn\u00ed t\u00fdden \u0161koln\u00edho roku pokra\u010dovat? Pond\u011bl\u00ed 2. z\u00e1\u0159\u00ed 2024 1. t\u0159\u00eddy od 8.15 h slavnostn\u00ed p\u0159iv\u00edt\u00e1n\u00ed v alt\u00e1nu Jit\u0159enka, po kter\u00e9m n\u00e1sleduje t\u0159\u00eddn\u00ed sch\u016fzka 2. a\u017e 9. t\u0159\u00eddy uv\u00edt\u00e1n\u00ed ve t\u0159\u00edd\u00e1ch [&hellip;]<\/p>\n","protected":false},"author":1,"featured_media":520,"comment_status":"open","ping_status":"open","sticky":false,"template":"","format":"standard","meta":{"jetpack_post_was_ever_published":false,"_jetpack_newsletter_access":"","_jetpack_dont_email_post_to_subs":false,"_jetpack_newsletter_tier_id":0,"_jetpack_memberships_contains_paywalled_content":false,"_jetpack_memberships_contains_paid_content":false,"footnotes":"","jetpack_publicize_message":"","jetpack_publicize_feature_enabled":true,"jetpack_social_post_already_shared":true,"jetpack_social_options":{"image_generator_settings":{"template":"highway","default_image_id":0,"font":"","enabled":false},"version":2}},"categories":[15,4],"tags":[],"class_list":{"0":"post-12649","1":"post","2":"type-post","3":"status-publish","4":"format-standard","5":"has-post-thumbnail","7":"category-aktuality","8":"category-informace","9":"czr-hentry"},"yoast_head":"<!-- This site is optimized with the Yoast SEO plugin v27.4 - https:\/\/yoast.com\/product\/yoast-seo-wordpress\/ -->\n<title>Prvn\u00ed t\u00fdden ve \u0161kole - Z\u00e1kladn\u00ed \u0161kola Kada\u0148, ul. Chomutovsk\u00e1 1683<\/title>\n<meta name=\"robots\" content=\"index, follow, max-snippet:-1, max-image-preview:large, max-video-preview:-1\" \/>\n<link rel=\"canonical\" href=\"https:\/\/3zskadan.cz\/?p=12649\" \/>\n<meta property=\"og:locale\" content=\"cs_CZ\" \/>\n<meta property=\"og:type\" content=\"article\" \/>\n<meta property=\"og:title\" content=\"Prvn\u00ed t\u00fdden ve \u0161kole - Z\u00e1kladn\u00ed \u0161kola Kada\u0148, ul. Chomutovsk\u00e1 1683\" \/>\n<meta property=\"og:description\" content=\"Konec srpna u\u017e klepe na dve\u0159e a s\u00a0n\u00edm i za\u010d\u00e1tek nov\u00e9ho \u0161koln\u00edho roku. V\u00a0pond\u011bl\u00ed 2. z\u00e1\u0159\u00ed v\u00a08:15 za\u010d\u00edn\u00e1 \u0161koln\u00ed rok 2024\/2025. A jak bude prvn\u00ed t\u00fdden \u0161koln\u00edho roku pokra\u010dovat? Pond\u011bl\u00ed 2. z\u00e1\u0159\u00ed 2024 1. t\u0159\u00eddy od 8.15 h slavnostn\u00ed p\u0159iv\u00edt\u00e1n\u00ed v alt\u00e1nu Jit\u0159enka, po kter\u00e9m n\u00e1sleduje t\u0159\u00eddn\u00ed sch\u016fzka 2. a\u017e 9. t\u0159\u00eddy uv\u00edt\u00e1n\u00ed ve t\u0159\u00edd\u00e1ch [&hellip;]\" \/>\n<meta property=\"og:url\" content=\"https:\/\/3zskadan.cz\/?p=12649\" \/>\n<meta property=\"og:site_name\" content=\"Z\u00e1kladn\u00ed \u0161kola Kada\u0148, ul. Chomutovsk\u00e1 1683\" \/>\n<meta property=\"article:published_time\" content=\"2024-08-28T11:52:07+00:00\" \/>\n<meta property=\"article:modified_time\" content=\"2024-08-28T11:53:20+00:00\" \/>\n<meta property=\"og:image\" content=\"https:\/\/3zskadan.cz\/wp-content\/uploads\/2016\/10\/slunicko_new.png\" \/>\n\t<meta property=\"og:image:width\" content=\"450\" \/>\n\t<meta property=\"og:image:height\" content=\"400\" \/>\n\t<meta property=\"og:image:type\" content=\"image\/png\" \/>\n<meta name=\"author\" content=\"Radek Vinick\u00fd\" \/>\n<meta name=\"twitter:card\" content=\"summary_large_image\" \/>\n<meta name=\"twitter:label1\" content=\"Napsal(a)\" \/>\n\t<meta name=\"twitter:data1\" content=\"Radek Vinick\u00fd\" \/>\n\t<meta name=\"twitter:label2\" content=\"Odhadovan\u00e1 doba \u010dten\u00ed\" \/>\n\t<meta name=\"twitter:data2\" content=\"2 minuty\" \/>\n<script type=\"application\/ld+json\" class=\"yoast-schema-graph\">{\"@context\":\"https:\\\/\\\/schema.org\",\"@graph\":[{\"@type\":\"Article\",\"@id\":\"https:\\\/\\\/3zskadan.cz\\\/?p=12649#article\",\"isPartOf\":{\"@id\":\"https:\\\/\\\/3zskadan.cz\\\/?p=12649\"},\"author\":{\"name\":\"Radek Vinick\u00fd\",\"@id\":\"https:\\\/\\\/3zskadan.cz\\\/#\\\/schema\\\/person\\\/a2724b0431f00279441bbceb4e37b1a5\"},\"headline\":\"Prvn\u00ed t\u00fdden ve \u0161kole\",\"datePublished\":\"2024-08-28T11:52:07+00:00\",\"dateModified\":\"2024-08-28T11:53:20+00:00\",\"mainEntityOfPage\":{\"@id\":\"https:\\\/\\\/3zskadan.cz\\\/?p=12649\"},\"wordCount\":301,\"commentCount\":0,\"image\":{\"@id\":\"https:\\\/\\\/3zskadan.cz\\\/?p=12649#primaryimage\"},\"thumbnailUrl\":\"https:\\\/\\\/i0.wp.com\\\/3zskadan.cz\\\/wp-content\\\/uploads\\\/2016\\\/10\\\/slunicko_new.png?fit=450%2C400&ssl=1\",\"articleSection\":[\"Aktuality\",\"Informace\"],\"inLanguage\":\"cs\",\"potentialAction\":[{\"@type\":\"CommentAction\",\"name\":\"Comment\",\"target\":[\"https:\\\/\\\/3zskadan.cz\\\/?p=12649#respond\"]}]},{\"@type\":\"WebPage\",\"@id\":\"https:\\\/\\\/3zskadan.cz\\\/?p=12649\",\"url\":\"https:\\\/\\\/3zskadan.cz\\\/?p=12649\",\"name\":\"Prvn\u00ed t\u00fdden ve \u0161kole - Z\u00e1kladn\u00ed \u0161kola Kada\u0148, ul. Chomutovsk\u00e1 1683\",\"isPartOf\":{\"@id\":\"https:\\\/\\\/3zskadan.cz\\\/#website\"},\"primaryImageOfPage\":{\"@id\":\"https:\\\/\\\/3zskadan.cz\\\/?p=12649#primaryimage\"},\"image\":{\"@id\":\"https:\\\/\\\/3zskadan.cz\\\/?p=12649#primaryimage\"},\"thumbnailUrl\":\"https:\\\/\\\/i0.wp.com\\\/3zskadan.cz\\\/wp-content\\\/uploads\\\/2016\\\/10\\\/slunicko_new.png?fit=450%2C400&ssl=1\",\"datePublished\":\"2024-08-28T11:52:07+00:00\",\"dateModified\":\"2024-08-28T11:53:20+00:00\",\"author\":{\"@id\":\"https:\\\/\\\/3zskadan.cz\\\/#\\\/schema\\\/person\\\/a2724b0431f00279441bbceb4e37b1a5\"},\"breadcrumb\":{\"@id\":\"https:\\\/\\\/3zskadan.cz\\\/?p=12649#breadcrumb\"},\"inLanguage\":\"cs\",\"potentialAction\":[{\"@type\":\"ReadAction\",\"target\":[\"https:\\\/\\\/3zskadan.cz\\\/?p=12649\"]}]},{\"@type\":\"ImageObject\",\"inLanguage\":\"cs\",\"@id\":\"https:\\\/\\\/3zskadan.cz\\\/?p=12649#primaryimage\",\"url\":\"https:\\\/\\\/i0.wp.com\\\/3zskadan.cz\\\/wp-content\\\/uploads\\\/2016\\\/10\\\/slunicko_new.png?fit=450%2C400&ssl=1\",\"contentUrl\":\"https:\\\/\\\/i0.wp.com\\\/3zskadan.cz\\\/wp-content\\\/uploads\\\/2016\\\/10\\\/slunicko_new.png?fit=450%2C400&ssl=1\",\"width\":450,\"height\":400},{\"@type\":\"BreadcrumbList\",\"@id\":\"https:\\\/\\\/3zskadan.cz\\\/?p=12649#breadcrumb\",\"itemListElement\":[{\"@type\":\"ListItem\",\"position\":1,\"name\":\"Dom\u016f\",\"item\":\"https:\\\/\\\/3zskadan.cz\\\/\"},{\"@type\":\"ListItem\",\"position\":2,\"name\":\"Prvn\u00ed t\u00fdden ve \u0161kole\"}]},{\"@type\":\"WebSite\",\"@id\":\"https:\\\/\\\/3zskadan.cz\\\/#website\",\"url\":\"https:\\\/\\\/3zskadan.cz\\\/\",\"name\":\"Z\u00e1kladn\u00ed \u0161kola Kada\u0148, ul. Chomutovsk\u00e1 1683\",\"description\":\"\",\"potentialAction\":[{\"@type\":\"SearchAction\",\"target\":{\"@type\":\"EntryPoint\",\"urlTemplate\":\"https:\\\/\\\/3zskadan.cz\\\/?s={search_term_string}\"},\"query-input\":{\"@type\":\"PropertyValueSpecification\",\"valueRequired\":true,\"valueName\":\"search_term_string\"}}],\"inLanguage\":\"cs\"},{\"@type\":\"Person\",\"@id\":\"https:\\\/\\\/3zskadan.cz\\\/#\\\/schema\\\/person\\\/a2724b0431f00279441bbceb4e37b1a5\",\"name\":\"Radek Vinick\u00fd\",\"image\":{\"@type\":\"ImageObject\",\"inLanguage\":\"cs\",\"@id\":\"https:\\\/\\\/secure.gravatar.com\\\/avatar\\\/eda0a90e46343fd9908cdf92cc69b075f7f5b586cf33b05c8dd68cb1209f00d6?s=96&d=wavatar&r=g\",\"url\":\"https:\\\/\\\/secure.gravatar.com\\\/avatar\\\/eda0a90e46343fd9908cdf92cc69b075f7f5b586cf33b05c8dd68cb1209f00d6?s=96&d=wavatar&r=g\",\"contentUrl\":\"https:\\\/\\\/secure.gravatar.com\\\/avatar\\\/eda0a90e46343fd9908cdf92cc69b075f7f5b586cf33b05c8dd68cb1209f00d6?s=96&d=wavatar&r=g\",\"caption\":\"Radek Vinick\u00fd\"},\"url\":\"https:\\\/\\\/3zskadan.cz\\\/?author=1\"}]}<\/script>\n<!-- \/ Yoast SEO plugin. -->","yoast_head_json":{"title":"Prvn\u00ed t\u00fdden ve \u0161kole - Z\u00e1kladn\u00ed \u0161kola Kada\u0148, ul. Chomutovsk\u00e1 1683","robots":{"index":"index","follow":"follow","max-snippet":"max-snippet:-1","max-image-preview":"max-image-preview:large","max-video-preview":"max-video-preview:-1"},"canonical":"https:\/\/3zskadan.cz\/?p=12649","og_locale":"cs_CZ","og_type":"article","og_title":"Prvn\u00ed t\u00fdden ve \u0161kole - Z\u00e1kladn\u00ed \u0161kola Kada\u0148, ul. Chomutovsk\u00e1 1683","og_description":"Konec srpna u\u017e klepe na dve\u0159e a s\u00a0n\u00edm i za\u010d\u00e1tek nov\u00e9ho \u0161koln\u00edho roku. V\u00a0pond\u011bl\u00ed 2. z\u00e1\u0159\u00ed v\u00a08:15 za\u010d\u00edn\u00e1 \u0161koln\u00ed rok 2024\/2025. A jak bude prvn\u00ed t\u00fdden \u0161koln\u00edho roku pokra\u010dovat? Pond\u011bl\u00ed 2. z\u00e1\u0159\u00ed 2024 1. t\u0159\u00eddy od 8.15 h slavnostn\u00ed p\u0159iv\u00edt\u00e1n\u00ed v alt\u00e1nu Jit\u0159enka, po kter\u00e9m n\u00e1sleduje t\u0159\u00eddn\u00ed sch\u016fzka 2. a\u017e 9. t\u0159\u00eddy uv\u00edt\u00e1n\u00ed ve t\u0159\u00edd\u00e1ch [&hellip;]","og_url":"https:\/\/3zskadan.cz\/?p=12649","og_site_name":"Z\u00e1kladn\u00ed \u0161kola Kada\u0148, ul. Chomutovsk\u00e1 1683","article_published_time":"2024-08-28T11:52:07+00:00","article_modified_time":"2024-08-28T11:53:20+00:00","og_image":[{"width":450,"height":400,"url":"https:\/\/3zskadan.cz\/wp-content\/uploads\/2016\/10\/slunicko_new.png","type":"image\/png"}],"author":"Radek Vinick\u00fd","twitter_card":"summary_large_image","twitter_misc":{"Napsal(a)":"Radek Vinick\u00fd","Odhadovan\u00e1 doba \u010dten\u00ed":"2 minuty"},"schema":{"@context":"https:\/\/schema.org","@graph":[{"@type":"Article","@id":"https:\/\/3zskadan.cz\/?p=12649#article","isPartOf":{"@id":"https:\/\/3zskadan.cz\/?p=12649"},"author":{"name":"Radek Vinick\u00fd","@id":"https:\/\/3zskadan.cz\/#\/schema\/person\/a2724b0431f00279441bbceb4e37b1a5"},"headline":"Prvn\u00ed t\u00fdden ve \u0161kole","datePublished":"2024-08-28T11:52:07+00:00","dateModified":"2024-08-28T11:53:20+00:00","mainEntityOfPage":{"@id":"https:\/\/3zskadan.cz\/?p=12649"},"wordCount":301,"commentCount":0,"image":{"@id":"https:\/\/3zskadan.cz\/?p=12649#primaryimage"},"thumbnailUrl":"https:\/\/i0.wp.com\/3zskadan.cz\/wp-content\/uploads\/2016\/10\/slunicko_new.png?fit=450%2C400&ssl=1","articleSection":["Aktuality","Informace"],"inLanguage":"cs","potentialAction":[{"@type":"CommentAction","name":"Comment","target":["https:\/\/3zskadan.cz\/?p=12649#respond"]}]},{"@type":"WebPage","@id":"https:\/\/3zskadan.cz\/?p=12649","url":"https:\/\/3zskadan.cz\/?p=12649","name":"Prvn\u00ed t\u00fdden ve \u0161kole - Z\u00e1kladn\u00ed \u0161kola Kada\u0148, ul. Chomutovsk\u00e1 1683","isPartOf":{"@id":"https:\/\/3zskadan.cz\/#website"},"primaryImageOfPage":{"@id":"https:\/\/3zskadan.cz\/?p=12649#primaryimage"},"image":{"@id":"https:\/\/3zskadan.cz\/?p=12649#primaryimage"},"thumbnailUrl":"https:\/\/i0.wp.com\/3zskadan.cz\/wp-content\/uploads\/2016\/10\/slunicko_new.png?fit=450%2C400&ssl=1","datePublished":"2024-08-28T11:52:07+00:00","dateModified":"2024-08-28T11:53:20+00:00","author":{"@id":"https:\/\/3zskadan.cz\/#\/schema\/person\/a2724b0431f00279441bbceb4e37b1a5"},"breadcrumb":{"@id":"https:\/\/3zskadan.cz\/?p=12649#breadcrumb"},"inLanguage":"cs","potentialAction":[{"@type":"ReadAction","target":["https:\/\/3zskadan.cz\/?p=12649"]}]},{"@type":"ImageObject","inLanguage":"cs","@id":"https:\/\/3zskadan.cz\/?p=12649#primaryimage","url":"https:\/\/i0.wp.com\/3zskadan.cz\/wp-content\/uploads\/2016\/10\/slunicko_new.png?fit=450%2C400&ssl=1","contentUrl":"https:\/\/i0.wp.com\/3zskadan.cz\/wp-content\/uploads\/2016\/10\/slunicko_new.png?fit=450%2C400&ssl=1","width":450,"height":400},{"@type":"BreadcrumbList","@id":"https:\/\/3zskadan.cz\/?p=12649#breadcrumb","itemListElement":[{"@type":"ListItem","position":1,"name":"Dom\u016f","item":"https:\/\/3zskadan.cz\/"},{"@type":"ListItem","position":2,"name":"Prvn\u00ed t\u00fdden ve \u0161kole"}]},{"@type":"WebSite","@id":"https:\/\/3zskadan.cz\/#website","url":"https:\/\/3zskadan.cz\/","name":"Z\u00e1kladn\u00ed \u0161kola Kada\u0148, ul. Chomutovsk\u00e1 1683","description":"","potentialAction":[{"@type":"SearchAction","target":{"@type":"EntryPoint","urlTemplate":"https:\/\/3zskadan.cz\/?s={search_term_string}"},"query-input":{"@type":"PropertyValueSpecification","valueRequired":true,"valueName":"search_term_string"}}],"inLanguage":"cs"},{"@type":"Person","@id":"https:\/\/3zskadan.cz\/#\/schema\/person\/a2724b0431f00279441bbceb4e37b1a5","name":"Radek Vinick\u00fd","image":{"@type":"ImageObject","inLanguage":"cs","@id":"https:\/\/secure.gravatar.com\/avatar\/eda0a90e46343fd9908cdf92cc69b075f7f5b586cf33b05c8dd68cb1209f00d6?s=96&d=wavatar&r=g","url":"https:\/\/secure.gravatar.com\/avatar\/eda0a90e46343fd9908cdf92cc69b075f7f5b586cf33b05c8dd68cb1209f00d6?s=96&d=wavatar&r=g","contentUrl":"https:\/\/secure.gravatar.com\/avatar\/eda0a90e46343fd9908cdf92cc69b075f7f5b586cf33b05c8dd68cb1209f00d6?s=96&d=wavatar&r=g","caption":"Radek Vinick\u00fd"},"url":"https:\/\/3zskadan.cz\/?author=1"}]}},"jetpack_publicize_connections":[],"jetpack_featured_media_url":"https:\/\/i0.wp.com\/3zskadan.cz\/wp-content\/uploads\/2016\/10\/slunicko_new.png?fit=450%2C400&ssl=1","jetpack_sharing_enabled":true,"jetpack_shortlink":"https:\/\/wp.me\/p7YYLP-3i1","_links":{"self":[{"href":"https:\/\/3zskadan.cz\/index.php?rest_route=\/wp\/v2\/posts\/12649","targetHints":{"allow":["GET"]}}],"collection":[{"href":"https:\/\/3zskadan.cz\/index.php?rest_route=\/wp\/v2\/posts"}],"about":[{"href":"https:\/\/3zskadan.cz\/index.php?rest_route=\/wp\/v2\/types\/post"}],"author":[{"embeddable":true,"href":"https:\/\/3zskadan.cz\/index.php?rest_route=\/wp\/v2\/users\/1"}],"replies":[{"embeddable":true,"href":"https:\/\/3zskadan.cz\/index.php?rest_route=%2Fwp%2Fv2%2Fcomments&post=12649"}],"version-history":[{"count":1,"href":"https:\/\/3zskadan.cz\/index.php?rest_route=\/wp\/v2\/posts\/12649\/revisions"}],"predecessor-version":[{"id":12650,"href":"https:\/\/3zskadan.cz\/index.php?rest_route=\/wp\/v2\/posts\/12649\/revisions\/12650"}],"wp:featuredmedia":[{"embeddable":true,"href":"https:\/\/3zskadan.cz\/index.php?rest_route=\/wp\/v2\/media\/520"}],"wp:attachment":[{"href":"https:\/\/3zskadan.cz\/index.php?rest_route=%2Fwp%2Fv2%2Fmedia&parent=12649"}],"wp:term":[{"taxonomy":"category","embeddable":true,"href":"https:\/\/3zskadan.cz\/index.php?rest_route=%2Fwp%2Fv2%2Fcategories&post=12649"},{"taxonomy":"post_tag","embeddable":true,"href":"https:\/\/3zskadan.cz\/index.php?rest_route=%2Fwp%2Fv2%2Ftags&post=12649"}],"curies":[{"name":"wp","href":"https:\/\/api.w.org\/{rel}","templated":true}]}}