{"id":13101,"date":"2025-02-11T10:36:20","date_gmt":"2025-02-11T09:36:20","guid":{"rendered":"https:\/\/3zskadan.cz\/?p=13101"},"modified":"2025-02-11T14:58:02","modified_gmt":"2025-02-11T13:58:02","slug":"talent-mesta-kadane","status":"publish","type":"post","link":"https:\/\/3zskadan.cz\/?p=13101","title":{"rendered":"Talent m\u011bsta Kadan\u011b"},"content":{"rendered":"<p><strong>Laura Zimmermannov\u00e1 ocen\u011bna jako Talent m\u011bsta Kadan\u011b<\/strong><\/p>\n<p>M\u011bsto Kada\u0148 se m\u016f\u017ee pochlubit dal\u0161\u00edm mimo\u0159\u00e1dn\u00fdm talentem, kter\u00fdm je Laura Zimmermannov\u00e1, nadan\u00e1, \u0161ikovn\u00e1 a mil\u00e1 d\u00edvka z 9. t\u0159\u00eddy na\u0161\u00ed Slun\u00ed\u010dkov\u00e9 \u0161koly. V\u00a0p\u00e1tek 7. \u00fanora 2025 na galave\u010deru sportovc\u016f a talent\u016f Kadan\u011b j\u00ed pan starosta p\u0159edal cenu Josefa L\u00f6schnera a byla ocen\u011bna titulem Talent m\u011bsta Kadan\u011b. Laura se projevila jako v\u00fdjime\u010dn\u011b nadan\u00e1 \u017e\u00e1kyn\u011b, kdy\u017e dos\u00e1hla skv\u011bl\u00fdch v\u00fdsledk\u016f v \u0159ad\u011b sout\u011b\u017e\u00ed. Bodovala v\u00a0matematick\u00e9 i fyzik\u00e1ln\u00ed olympi\u00e1d\u011b, \u0161koln\u00edmu dru\u017estvu pomohla k\u00a0vynikaj\u00edc\u00edmu um\u00edst\u011bn\u00ed v\u00a0Dopravn\u00ed sout\u011b\u017ei mlad\u00fdch cyklist\u016f. Jej\u00ed v\u00fdsledky dokazuj\u00ed nejen talent, ale tak\u00e9 velk\u00e9 odhodl\u00e1n\u00ed a pracovitost. Laura je inspirac\u00ed pro sv\u00e9 spolu\u017e\u00e1ky. Na\u0161e \u0161kola i m\u011bsto na ni mohou b\u00fdt hrd\u00e9. Gratulujeme k jej\u00edmu zaslou\u017een\u00e9mu ocen\u011bn\u00ed a p\u0159ejeme mnoho dal\u0161\u00edch \u00fasp\u011bch\u016f v jej\u00ed budouc\u00ed cest\u011b!<\/p>\n\n\n<figure class=\"wp-block-image size-large\"><img data-recalc-dims=\"1\" fetchpriority=\"high\" decoding=\"async\" width=\"683\" height=\"1024\" data-attachment-id=\"13103\" data-permalink=\"https:\/\/3zskadan.cz\/?attachment_id=13103\" data-orig-file=\"https:\/\/i0.wp.com\/3zskadan.cz\/wp-content\/uploads\/DSC02914-scaled.jpg?fit=1707%2C2560&amp;ssl=1\" data-orig-size=\"1707,2560\" data-comments-opened=\"1\" data-image-meta=\"{&quot;aperture&quot;:&quot;0&quot;,&quot;credit&quot;:&quot;&quot;,&quot;camera&quot;:&quot;&quot;,&quot;caption&quot;:&quot;&quot;,&quot;created_timestamp&quot;:&quot;0&quot;,&quot;copyright&quot;:&quot;&quot;,&quot;focal_length&quot;:&quot;0&quot;,&quot;iso&quot;:&quot;0&quot;,&quot;shutter_speed&quot;:&quot;0&quot;,&quot;title&quot;:&quot;&quot;,&quot;orientation&quot;:&quot;0&quot;}\" data-image-title=\"DSC02914\" data-image-description=\"\" data-image-caption=\"\" data-large-file=\"https:\/\/i0.wp.com\/3zskadan.cz\/wp-content\/uploads\/DSC02914-scaled.jpg?fit=683%2C1024&amp;ssl=1\" src=\"https:\/\/i0.wp.com\/3zskadan.cz\/wp-content\/uploads\/DSC02914.jpg?resize=683%2C1024&#038;ssl=1\" alt=\"\" class=\"wp-image-13103\" srcset=\"https:\/\/i0.wp.com\/3zskadan.cz\/wp-content\/uploads\/DSC02914-scaled.jpg?resize=683%2C1024&amp;ssl=1 683w, https:\/\/i0.wp.com\/3zskadan.cz\/wp-content\/uploads\/DSC02914-scaled.jpg?resize=200%2C300&amp;ssl=1 200w, https:\/\/i0.wp.com\/3zskadan.cz\/wp-content\/uploads\/DSC02914-scaled.jpg?resize=768%2C1152&amp;ssl=1 768w, https:\/\/i0.wp.com\/3zskadan.cz\/wp-content\/uploads\/DSC02914-scaled.jpg?resize=1024%2C1536&amp;ssl=1 1024w, https:\/\/i0.wp.com\/3zskadan.cz\/wp-content\/uploads\/DSC02914-scaled.jpg?resize=1366%2C2048&amp;ssl=1 1366w, https:\/\/i0.wp.com\/3zskadan.cz\/wp-content\/uploads\/DSC02914-scaled.jpg?w=1707&amp;ssl=1 1707w\" sizes=\"(max-width: 683px) 100vw, 683px\" \/><\/figure>\n","protected":false},"excerpt":{"rendered":"<p>Laura Zimmermannov\u00e1 ocen\u011bna jako Talent m\u011bsta Kadan\u011b M\u011bsto Kada\u0148 se m\u016f\u017ee pochlubit dal\u0161\u00edm mimo\u0159\u00e1dn\u00fdm talentem, kter\u00fdm je Laura Zimmermannov\u00e1, nadan\u00e1, \u0161ikovn\u00e1 a mil\u00e1 d\u00edvka z 9. t\u0159\u00eddy na\u0161\u00ed Slun\u00ed\u010dkov\u00e9 \u0161koly. V\u00a0p\u00e1tek 7. \u00fanora 2025 na galave\u010deru sportovc\u016f a talent\u016f Kadan\u011b j\u00ed pan starosta p\u0159edal cenu Josefa L\u00f6schnera a byla ocen\u011bna titulem Talent m\u011bsta Kadan\u011b. Laura [&hellip;]<\/p>\n","protected":false},"author":1,"featured_media":13107,"comment_status":"open","ping_status":"open","sticky":false,"template":"","format":"standard","meta":{"jetpack_post_was_ever_published":false,"_jetpack_newsletter_access":"","_jetpack_dont_email_post_to_subs":false,"_jetpack_newsletter_tier_id":0,"_jetpack_memberships_contains_paywalled_content":false,"_jetpack_memberships_contains_paid_content":false,"footnotes":"","jetpack_publicize_message":"","jetpack_publicize_feature_enabled":true,"jetpack_social_post_already_shared":true,"jetpack_social_options":{"image_generator_settings":{"template":"highway","default_image_id":0,"font":"","enabled":false},"version":2}},"categories":[15,4],"tags":[],"class_list":{"0":"post-13101","1":"post","2":"type-post","3":"status-publish","4":"format-standard","5":"has-post-thumbnail","7":"category-aktuality","8":"category-informace","9":"czr-hentry"},"yoast_head":"<!-- This site is optimized with the Yoast SEO plugin v27.4 - https:\/\/yoast.com\/product\/yoast-seo-wordpress\/ -->\n<title>Talent m\u011bsta Kadan\u011b - Z\u00e1kladn\u00ed \u0161kola Kada\u0148, ul. Chomutovsk\u00e1 1683<\/title>\n<meta name=\"robots\" content=\"index, follow, max-snippet:-1, max-image-preview:large, max-video-preview:-1\" \/>\n<link rel=\"canonical\" href=\"https:\/\/3zskadan.cz\/?p=13101\" \/>\n<meta property=\"og:locale\" content=\"cs_CZ\" \/>\n<meta property=\"og:type\" content=\"article\" \/>\n<meta property=\"og:title\" content=\"Talent m\u011bsta Kadan\u011b - Z\u00e1kladn\u00ed \u0161kola Kada\u0148, ul. Chomutovsk\u00e1 1683\" \/>\n<meta property=\"og:description\" content=\"Laura Zimmermannov\u00e1 ocen\u011bna jako Talent m\u011bsta Kadan\u011b M\u011bsto Kada\u0148 se m\u016f\u017ee pochlubit dal\u0161\u00edm mimo\u0159\u00e1dn\u00fdm talentem, kter\u00fdm je Laura Zimmermannov\u00e1, nadan\u00e1, \u0161ikovn\u00e1 a mil\u00e1 d\u00edvka z 9. t\u0159\u00eddy na\u0161\u00ed Slun\u00ed\u010dkov\u00e9 \u0161koly. V\u00a0p\u00e1tek 7. \u00fanora 2025 na galave\u010deru sportovc\u016f a talent\u016f Kadan\u011b j\u00ed pan starosta p\u0159edal cenu Josefa L\u00f6schnera a byla ocen\u011bna titulem Talent m\u011bsta Kadan\u011b. Laura [&hellip;]\" \/>\n<meta property=\"og:url\" content=\"https:\/\/3zskadan.cz\/?p=13101\" \/>\n<meta property=\"og:site_name\" content=\"Z\u00e1kladn\u00ed \u0161kola Kada\u0148, ul. Chomutovsk\u00e1 1683\" \/>\n<meta property=\"article:published_time\" content=\"2025-02-11T09:36:20+00:00\" \/>\n<meta property=\"article:modified_time\" content=\"2025-02-11T13:58:02+00:00\" \/>\n<meta property=\"og:image\" content=\"https:\/\/3zskadan.cz\/wp-content\/uploads\/laura.jpg\" \/>\n\t<meta property=\"og:image:width\" content=\"547\" \/>\n\t<meta property=\"og:image:height\" content=\"378\" \/>\n\t<meta property=\"og:image:type\" content=\"image\/jpeg\" \/>\n<meta name=\"author\" content=\"Radek Vinick\u00fd\" \/>\n<meta name=\"twitter:card\" content=\"summary_large_image\" \/>\n<meta name=\"twitter:label1\" content=\"Napsal(a)\" \/>\n\t<meta name=\"twitter:data1\" content=\"Radek Vinick\u00fd\" \/>\n\t<meta name=\"twitter:label2\" content=\"Odhadovan\u00e1 doba \u010dten\u00ed\" \/>\n\t<meta name=\"twitter:data2\" content=\"2 minuty\" \/>\n<script type=\"application\/ld+json\" class=\"yoast-schema-graph\">{\"@context\":\"https:\\\/\\\/schema.org\",\"@graph\":[{\"@type\":\"Article\",\"@id\":\"https:\\\/\\\/3zskadan.cz\\\/?p=13101#article\",\"isPartOf\":{\"@id\":\"https:\\\/\\\/3zskadan.cz\\\/?p=13101\"},\"author\":{\"name\":\"Radek Vinick\u00fd\",\"@id\":\"https:\\\/\\\/3zskadan.cz\\\/#\\\/schema\\\/person\\\/a2724b0431f00279441bbceb4e37b1a5\"},\"headline\":\"Talent m\u011bsta Kadan\u011b\",\"datePublished\":\"2025-02-11T09:36:20+00:00\",\"dateModified\":\"2025-02-11T13:58:02+00:00\",\"mainEntityOfPage\":{\"@id\":\"https:\\\/\\\/3zskadan.cz\\\/?p=13101\"},\"wordCount\":173,\"commentCount\":0,\"image\":{\"@id\":\"https:\\\/\\\/3zskadan.cz\\\/?p=13101#primaryimage\"},\"thumbnailUrl\":\"https:\\\/\\\/i0.wp.com\\\/3zskadan.cz\\\/wp-content\\\/uploads\\\/laura.jpg?fit=547%2C378&ssl=1\",\"articleSection\":[\"Aktuality\",\"Informace\"],\"inLanguage\":\"cs\",\"potentialAction\":[{\"@type\":\"CommentAction\",\"name\":\"Comment\",\"target\":[\"https:\\\/\\\/3zskadan.cz\\\/?p=13101#respond\"]}]},{\"@type\":\"WebPage\",\"@id\":\"https:\\\/\\\/3zskadan.cz\\\/?p=13101\",\"url\":\"https:\\\/\\\/3zskadan.cz\\\/?p=13101\",\"name\":\"Talent m\u011bsta Kadan\u011b - Z\u00e1kladn\u00ed \u0161kola Kada\u0148, ul. Chomutovsk\u00e1 1683\",\"isPartOf\":{\"@id\":\"https:\\\/\\\/3zskadan.cz\\\/#website\"},\"primaryImageOfPage\":{\"@id\":\"https:\\\/\\\/3zskadan.cz\\\/?p=13101#primaryimage\"},\"image\":{\"@id\":\"https:\\\/\\\/3zskadan.cz\\\/?p=13101#primaryimage\"},\"thumbnailUrl\":\"https:\\\/\\\/i0.wp.com\\\/3zskadan.cz\\\/wp-content\\\/uploads\\\/laura.jpg?fit=547%2C378&ssl=1\",\"datePublished\":\"2025-02-11T09:36:20+00:00\",\"dateModified\":\"2025-02-11T13:58:02+00:00\",\"author\":{\"@id\":\"https:\\\/\\\/3zskadan.cz\\\/#\\\/schema\\\/person\\\/a2724b0431f00279441bbceb4e37b1a5\"},\"breadcrumb\":{\"@id\":\"https:\\\/\\\/3zskadan.cz\\\/?p=13101#breadcrumb\"},\"inLanguage\":\"cs\",\"potentialAction\":[{\"@type\":\"ReadAction\",\"target\":[\"https:\\\/\\\/3zskadan.cz\\\/?p=13101\"]}]},{\"@type\":\"ImageObject\",\"inLanguage\":\"cs\",\"@id\":\"https:\\\/\\\/3zskadan.cz\\\/?p=13101#primaryimage\",\"url\":\"https:\\\/\\\/i0.wp.com\\\/3zskadan.cz\\\/wp-content\\\/uploads\\\/laura.jpg?fit=547%2C378&ssl=1\",\"contentUrl\":\"https:\\\/\\\/i0.wp.com\\\/3zskadan.cz\\\/wp-content\\\/uploads\\\/laura.jpg?fit=547%2C378&ssl=1\",\"width\":547,\"height\":378},{\"@type\":\"BreadcrumbList\",\"@id\":\"https:\\\/\\\/3zskadan.cz\\\/?p=13101#breadcrumb\",\"itemListElement\":[{\"@type\":\"ListItem\",\"position\":1,\"name\":\"Dom\u016f\",\"item\":\"https:\\\/\\\/3zskadan.cz\\\/\"},{\"@type\":\"ListItem\",\"position\":2,\"name\":\"Talent m\u011bsta Kadan\u011b\"}]},{\"@type\":\"WebSite\",\"@id\":\"https:\\\/\\\/3zskadan.cz\\\/#website\",\"url\":\"https:\\\/\\\/3zskadan.cz\\\/\",\"name\":\"Z\u00e1kladn\u00ed \u0161kola Kada\u0148, ul. Chomutovsk\u00e1 1683\",\"description\":\"\",\"potentialAction\":[{\"@type\":\"SearchAction\",\"target\":{\"@type\":\"EntryPoint\",\"urlTemplate\":\"https:\\\/\\\/3zskadan.cz\\\/?s={search_term_string}\"},\"query-input\":{\"@type\":\"PropertyValueSpecification\",\"valueRequired\":true,\"valueName\":\"search_term_string\"}}],\"inLanguage\":\"cs\"},{\"@type\":\"Person\",\"@id\":\"https:\\\/\\\/3zskadan.cz\\\/#\\\/schema\\\/person\\\/a2724b0431f00279441bbceb4e37b1a5\",\"name\":\"Radek Vinick\u00fd\",\"image\":{\"@type\":\"ImageObject\",\"inLanguage\":\"cs\",\"@id\":\"https:\\\/\\\/secure.gravatar.com\\\/avatar\\\/eda0a90e46343fd9908cdf92cc69b075f7f5b586cf33b05c8dd68cb1209f00d6?s=96&d=wavatar&r=g\",\"url\":\"https:\\\/\\\/secure.gravatar.com\\\/avatar\\\/eda0a90e46343fd9908cdf92cc69b075f7f5b586cf33b05c8dd68cb1209f00d6?s=96&d=wavatar&r=g\",\"contentUrl\":\"https:\\\/\\\/secure.gravatar.com\\\/avatar\\\/eda0a90e46343fd9908cdf92cc69b075f7f5b586cf33b05c8dd68cb1209f00d6?s=96&d=wavatar&r=g\",\"caption\":\"Radek Vinick\u00fd\"},\"url\":\"https:\\\/\\\/3zskadan.cz\\\/?author=1\"}]}<\/script>\n<!-- \/ Yoast SEO plugin. -->","yoast_head_json":{"title":"Talent m\u011bsta Kadan\u011b - Z\u00e1kladn\u00ed \u0161kola Kada\u0148, ul. Chomutovsk\u00e1 1683","robots":{"index":"index","follow":"follow","max-snippet":"max-snippet:-1","max-image-preview":"max-image-preview:large","max-video-preview":"max-video-preview:-1"},"canonical":"https:\/\/3zskadan.cz\/?p=13101","og_locale":"cs_CZ","og_type":"article","og_title":"Talent m\u011bsta Kadan\u011b - Z\u00e1kladn\u00ed \u0161kola Kada\u0148, ul. Chomutovsk\u00e1 1683","og_description":"Laura Zimmermannov\u00e1 ocen\u011bna jako Talent m\u011bsta Kadan\u011b M\u011bsto Kada\u0148 se m\u016f\u017ee pochlubit dal\u0161\u00edm mimo\u0159\u00e1dn\u00fdm talentem, kter\u00fdm je Laura Zimmermannov\u00e1, nadan\u00e1, \u0161ikovn\u00e1 a mil\u00e1 d\u00edvka z 9. t\u0159\u00eddy na\u0161\u00ed Slun\u00ed\u010dkov\u00e9 \u0161koly. V\u00a0p\u00e1tek 7. \u00fanora 2025 na galave\u010deru sportovc\u016f a talent\u016f Kadan\u011b j\u00ed pan starosta p\u0159edal cenu Josefa L\u00f6schnera a byla ocen\u011bna titulem Talent m\u011bsta Kadan\u011b. Laura [&hellip;]","og_url":"https:\/\/3zskadan.cz\/?p=13101","og_site_name":"Z\u00e1kladn\u00ed \u0161kola Kada\u0148, ul. Chomutovsk\u00e1 1683","article_published_time":"2025-02-11T09:36:20+00:00","article_modified_time":"2025-02-11T13:58:02+00:00","og_image":[{"width":547,"height":378,"url":"https:\/\/3zskadan.cz\/wp-content\/uploads\/laura.jpg","type":"image\/jpeg"}],"author":"Radek Vinick\u00fd","twitter_card":"summary_large_image","twitter_misc":{"Napsal(a)":"Radek Vinick\u00fd","Odhadovan\u00e1 doba \u010dten\u00ed":"2 minuty"},"schema":{"@context":"https:\/\/schema.org","@graph":[{"@type":"Article","@id":"https:\/\/3zskadan.cz\/?p=13101#article","isPartOf":{"@id":"https:\/\/3zskadan.cz\/?p=13101"},"author":{"name":"Radek Vinick\u00fd","@id":"https:\/\/3zskadan.cz\/#\/schema\/person\/a2724b0431f00279441bbceb4e37b1a5"},"headline":"Talent m\u011bsta Kadan\u011b","datePublished":"2025-02-11T09:36:20+00:00","dateModified":"2025-02-11T13:58:02+00:00","mainEntityOfPage":{"@id":"https:\/\/3zskadan.cz\/?p=13101"},"wordCount":173,"commentCount":0,"image":{"@id":"https:\/\/3zskadan.cz\/?p=13101#primaryimage"},"thumbnailUrl":"https:\/\/i0.wp.com\/3zskadan.cz\/wp-content\/uploads\/laura.jpg?fit=547%2C378&ssl=1","articleSection":["Aktuality","Informace"],"inLanguage":"cs","potentialAction":[{"@type":"CommentAction","name":"Comment","target":["https:\/\/3zskadan.cz\/?p=13101#respond"]}]},{"@type":"WebPage","@id":"https:\/\/3zskadan.cz\/?p=13101","url":"https:\/\/3zskadan.cz\/?p=13101","name":"Talent m\u011bsta Kadan\u011b - Z\u00e1kladn\u00ed \u0161kola Kada\u0148, ul. Chomutovsk\u00e1 1683","isPartOf":{"@id":"https:\/\/3zskadan.cz\/#website"},"primaryImageOfPage":{"@id":"https:\/\/3zskadan.cz\/?p=13101#primaryimage"},"image":{"@id":"https:\/\/3zskadan.cz\/?p=13101#primaryimage"},"thumbnailUrl":"https:\/\/i0.wp.com\/3zskadan.cz\/wp-content\/uploads\/laura.jpg?fit=547%2C378&ssl=1","datePublished":"2025-02-11T09:36:20+00:00","dateModified":"2025-02-11T13:58:02+00:00","author":{"@id":"https:\/\/3zskadan.cz\/#\/schema\/person\/a2724b0431f00279441bbceb4e37b1a5"},"breadcrumb":{"@id":"https:\/\/3zskadan.cz\/?p=13101#breadcrumb"},"inLanguage":"cs","potentialAction":[{"@type":"ReadAction","target":["https:\/\/3zskadan.cz\/?p=13101"]}]},{"@type":"ImageObject","inLanguage":"cs","@id":"https:\/\/3zskadan.cz\/?p=13101#primaryimage","url":"https:\/\/i0.wp.com\/3zskadan.cz\/wp-content\/uploads\/laura.jpg?fit=547%2C378&ssl=1","contentUrl":"https:\/\/i0.wp.com\/3zskadan.cz\/wp-content\/uploads\/laura.jpg?fit=547%2C378&ssl=1","width":547,"height":378},{"@type":"BreadcrumbList","@id":"https:\/\/3zskadan.cz\/?p=13101#breadcrumb","itemListElement":[{"@type":"ListItem","position":1,"name":"Dom\u016f","item":"https:\/\/3zskadan.cz\/"},{"@type":"ListItem","position":2,"name":"Talent m\u011bsta Kadan\u011b"}]},{"@type":"WebSite","@id":"https:\/\/3zskadan.cz\/#website","url":"https:\/\/3zskadan.cz\/","name":"Z\u00e1kladn\u00ed \u0161kola Kada\u0148, ul. Chomutovsk\u00e1 1683","description":"","potentialAction":[{"@type":"SearchAction","target":{"@type":"EntryPoint","urlTemplate":"https:\/\/3zskadan.cz\/?s={search_term_string}"},"query-input":{"@type":"PropertyValueSpecification","valueRequired":true,"valueName":"search_term_string"}}],"inLanguage":"cs"},{"@type":"Person","@id":"https:\/\/3zskadan.cz\/#\/schema\/person\/a2724b0431f00279441bbceb4e37b1a5","name":"Radek Vinick\u00fd","image":{"@type":"ImageObject","inLanguage":"cs","@id":"https:\/\/secure.gravatar.com\/avatar\/eda0a90e46343fd9908cdf92cc69b075f7f5b586cf33b05c8dd68cb1209f00d6?s=96&d=wavatar&r=g","url":"https:\/\/secure.gravatar.com\/avatar\/eda0a90e46343fd9908cdf92cc69b075f7f5b586cf33b05c8dd68cb1209f00d6?s=96&d=wavatar&r=g","contentUrl":"https:\/\/secure.gravatar.com\/avatar\/eda0a90e46343fd9908cdf92cc69b075f7f5b586cf33b05c8dd68cb1209f00d6?s=96&d=wavatar&r=g","caption":"Radek Vinick\u00fd"},"url":"https:\/\/3zskadan.cz\/?author=1"}]}},"jetpack_publicize_connections":[],"jetpack_featured_media_url":"https:\/\/i0.wp.com\/3zskadan.cz\/wp-content\/uploads\/laura.jpg?fit=547%2C378&ssl=1","jetpack_sharing_enabled":true,"jetpack_shortlink":"https:\/\/wp.me\/p7YYLP-3pj","_links":{"self":[{"href":"https:\/\/3zskadan.cz\/index.php?rest_route=\/wp\/v2\/posts\/13101","targetHints":{"allow":["GET"]}}],"collection":[{"href":"https:\/\/3zskadan.cz\/index.php?rest_route=\/wp\/v2\/posts"}],"about":[{"href":"https:\/\/3zskadan.cz\/index.php?rest_route=\/wp\/v2\/types\/post"}],"author":[{"embeddable":true,"href":"https:\/\/3zskadan.cz\/index.php?rest_route=\/wp\/v2\/users\/1"}],"replies":[{"embeddable":true,"href":"https:\/\/3zskadan.cz\/index.php?rest_route=%2Fwp%2Fv2%2Fcomments&post=13101"}],"version-history":[{"count":2,"href":"https:\/\/3zskadan.cz\/index.php?rest_route=\/wp\/v2\/posts\/13101\/revisions"}],"predecessor-version":[{"id":13104,"href":"https:\/\/3zskadan.cz\/index.php?rest_route=\/wp\/v2\/posts\/13101\/revisions\/13104"}],"wp:featuredmedia":[{"embeddable":true,"href":"https:\/\/3zskadan.cz\/index.php?rest_route=\/wp\/v2\/media\/13107"}],"wp:attachment":[{"href":"https:\/\/3zskadan.cz\/index.php?rest_route=%2Fwp%2Fv2%2Fmedia&parent=13101"}],"wp:term":[{"taxonomy":"category","embeddable":true,"href":"https:\/\/3zskadan.cz\/index.php?rest_route=%2Fwp%2Fv2%2Fcategories&post=13101"},{"taxonomy":"post_tag","embeddable":true,"href":"https:\/\/3zskadan.cz\/index.php?rest_route=%2Fwp%2Fv2%2Ftags&post=13101"}],"curies":[{"name":"wp","href":"https:\/\/api.w.org\/{rel}","templated":true}]}}