{"id":13153,"date":"2025-02-25T07:51:54","date_gmt":"2025-02-25T06:51:54","guid":{"rendered":"https:\/\/3zskadan.cz\/?p=13153"},"modified":"2025-02-25T07:51:54","modified_gmt":"2025-02-25T06:51:54","slug":"cesko-vesluje-2","status":"publish","type":"post","link":"https:\/\/3zskadan.cz\/?p=13153","title":{"rendered":"\u010cesko vesluje"},"content":{"rendered":"<p>V I. pololet\u00ed tohoto \u0161koln\u00edho roku se na\u0161i \u017e\u00e1ci z\u00fa\u010dastnili \u0161koln\u00ed ligy sportovn\u00edho projektu \u201c\u010cesko vesluje\u201d.<\/p>\n<p><strong>\u010cesko vesluje<\/strong> je sout\u011b\u017e, kter\u00e1 podporuje veslov\u00e1n\u00ed a je zam\u011b\u0159ena na popularizaci tohoto sportu v \u010cesk\u00e9 republice. Lid\u00e9 maj\u00ed mo\u017enost \u00fa\u010dastnit se r\u016fznorod\u00fdch aktivit souvisej\u00edc\u00edch s veslov\u00e1n\u00edm, a to jak profesion\u00e1lov\u00e9, tak amat\u00e9\u0159i. Sout\u011b\u017e tak\u00e9 zahrnuje v\u00fdzvy a r\u016fzn\u00e9 akce pro \u0161irokou ve\u0159ejnost.<\/p>\n<p>\u017d\u00e1ci II. stupn\u011b obsadili p\u00f3diov\u00e1 m\u00edsta v jednotliv\u00fdch v\u011bkov\u00fdch kategori\u00edch. V zimn\u00ed \u010d\u00e1sti prob\u00edhaly dva \u0161tafetov\u00e9 z\u00e1vody 4&#215;100 m a 4 x 1 minutu. V prvn\u00edm typu z\u00e1vodu se utkala na\u0161e \u0161tafeta \u010dty\u0159 \u0161es\u0165\u00e1k\u016f, kte\u0159\u00ed se sna\u017eili co nejrychleji p\u0159ekonat 100 m na veslovac\u00edm trena\u017e\u00e9ru. V druh\u00e9m p\u0159\u00edpad\u011b se \u0161tafeta sedm\u00e1k\u016f sna\u017eila urazit v dan\u00e9m \u010dase co nejdel\u0161\u00ed vzd\u00e1lenost.<\/p>\n<p>Nejl\u00e9pe se ve \u0161tafet\u00e1ch da\u0159ilo:<\/p>\n<p>Jakub And\u011bl, Maty\u00e1\u0161 M\u00e1ca, Jakub \u0160pi\u010dka, Maty\u00e1\u0161 Urner <strong>ze 6. t\u0159\u00edd obsadili 1. m\u00edsto ve sv\u00e9 kategorii v z\u00e1vod\u011b na 4x100m.<\/strong><\/p>\n<p>Ji\u0159\u00ed Loun, Tade\u00e1\u0161 Luxa, Filip Zimmermann, David Kov\u00e1\u010d<strong> ze 7. t\u0159\u00edd skon\u010dili na 3. m\u00edst\u011b v z\u00e1vod\u011b na 4x100m.<\/strong><\/p>\n<p>Da\u0159ilo se tak\u00e9 chlapc\u016fm z osm\u00fdch t\u0159\u00edd, konkr\u00e9tn\u011b Dominiku Bare\u0161ovi, K\u00e1jovi Francovi, Maty\u00e1\u0161i Kotlanovi a Patriku Waleck\u00e9mu. Obsadili <strong>2. m\u00edsto v obou z\u00e1vodech jak na 4x100m, tak na 4x 1 minutu.<\/strong><\/p>\n<p>V\u0161em z\u00fa\u010dastn\u011bn\u00fdm d\u011bkujeme a t\u011b\u0161\u00edme se na podobn\u00e9 v\u00fdsledky v II. pololet\u00ed jarn\u00edho poh\u00e1ru.<\/p>\n","protected":false},"excerpt":{"rendered":"<p>V I. pololet\u00ed tohoto \u0161koln\u00edho roku se na\u0161i \u017e\u00e1ci z\u00fa\u010dastnili \u0161koln\u00ed ligy sportovn\u00edho projektu \u201c\u010cesko vesluje\u201d. \u010cesko vesluje je sout\u011b\u017e, kter\u00e1 podporuje veslov\u00e1n\u00ed a je zam\u011b\u0159ena na popularizaci tohoto sportu v \u010cesk\u00e9 republice. Lid\u00e9 maj\u00ed mo\u017enost \u00fa\u010dastnit se r\u016fznorod\u00fdch aktivit souvisej\u00edc\u00edch s veslov\u00e1n\u00edm, a to jak profesion\u00e1lov\u00e9, tak amat\u00e9\u0159i. Sout\u011b\u017e tak\u00e9 zahrnuje v\u00fdzvy a r\u016fzn\u00e9 [&hellip;]<\/p>\n","protected":false},"author":1,"featured_media":520,"comment_status":"open","ping_status":"open","sticky":false,"template":"","format":"standard","meta":{"jetpack_post_was_ever_published":false,"_jetpack_newsletter_access":"","_jetpack_dont_email_post_to_subs":false,"_jetpack_newsletter_tier_id":0,"_jetpack_memberships_contains_paywalled_content":false,"_jetpack_memberships_contains_paid_content":false,"footnotes":"","jetpack_publicize_message":"","jetpack_publicize_feature_enabled":true,"jetpack_social_post_already_shared":true,"jetpack_social_options":{"image_generator_settings":{"template":"highway","default_image_id":0,"font":"","enabled":false},"version":2}},"categories":[15,4],"tags":[],"class_list":{"0":"post-13153","1":"post","2":"type-post","3":"status-publish","4":"format-standard","5":"has-post-thumbnail","7":"category-aktuality","8":"category-informace","9":"czr-hentry"},"yoast_head":"<!-- This site is optimized with the Yoast SEO plugin v27.4 - https:\/\/yoast.com\/product\/yoast-seo-wordpress\/ -->\n<title>\u010cesko vesluje - Z\u00e1kladn\u00ed \u0161kola Kada\u0148, ul. Chomutovsk\u00e1 1683<\/title>\n<meta name=\"robots\" content=\"index, follow, max-snippet:-1, max-image-preview:large, max-video-preview:-1\" \/>\n<link rel=\"canonical\" href=\"https:\/\/3zskadan.cz\/?p=13153\" \/>\n<meta property=\"og:locale\" content=\"cs_CZ\" \/>\n<meta property=\"og:type\" content=\"article\" \/>\n<meta property=\"og:title\" content=\"\u010cesko vesluje - Z\u00e1kladn\u00ed \u0161kola Kada\u0148, ul. Chomutovsk\u00e1 1683\" \/>\n<meta property=\"og:description\" content=\"V I. pololet\u00ed tohoto \u0161koln\u00edho roku se na\u0161i \u017e\u00e1ci z\u00fa\u010dastnili \u0161koln\u00ed ligy sportovn\u00edho projektu \u201c\u010cesko vesluje\u201d. \u010cesko vesluje je sout\u011b\u017e, kter\u00e1 podporuje veslov\u00e1n\u00ed a je zam\u011b\u0159ena na popularizaci tohoto sportu v \u010cesk\u00e9 republice. Lid\u00e9 maj\u00ed mo\u017enost \u00fa\u010dastnit se r\u016fznorod\u00fdch aktivit souvisej\u00edc\u00edch s veslov\u00e1n\u00edm, a to jak profesion\u00e1lov\u00e9, tak amat\u00e9\u0159i. Sout\u011b\u017e tak\u00e9 zahrnuje v\u00fdzvy a r\u016fzn\u00e9 [&hellip;]\" \/>\n<meta property=\"og:url\" content=\"https:\/\/3zskadan.cz\/?p=13153\" \/>\n<meta property=\"og:site_name\" content=\"Z\u00e1kladn\u00ed \u0161kola Kada\u0148, ul. Chomutovsk\u00e1 1683\" \/>\n<meta property=\"article:published_time\" content=\"2025-02-25T06:51:54+00:00\" \/>\n<meta property=\"og:image\" content=\"https:\/\/3zskadan.cz\/wp-content\/uploads\/2016\/10\/slunicko_new.png\" \/>\n\t<meta property=\"og:image:width\" content=\"450\" \/>\n\t<meta property=\"og:image:height\" content=\"400\" \/>\n\t<meta property=\"og:image:type\" content=\"image\/png\" \/>\n<meta name=\"author\" content=\"Radek Vinick\u00fd\" \/>\n<meta name=\"twitter:card\" content=\"summary_large_image\" \/>\n<meta name=\"twitter:label1\" content=\"Napsal(a)\" \/>\n\t<meta name=\"twitter:data1\" content=\"Radek Vinick\u00fd\" \/>\n\t<meta name=\"twitter:label2\" content=\"Odhadovan\u00e1 doba \u010dten\u00ed\" \/>\n\t<meta name=\"twitter:data2\" content=\"2 minuty\" \/>\n<script type=\"application\/ld+json\" class=\"yoast-schema-graph\">{\"@context\":\"https:\\\/\\\/schema.org\",\"@graph\":[{\"@type\":\"Article\",\"@id\":\"https:\\\/\\\/3zskadan.cz\\\/?p=13153#article\",\"isPartOf\":{\"@id\":\"https:\\\/\\\/3zskadan.cz\\\/?p=13153\"},\"author\":{\"name\":\"Radek Vinick\u00fd\",\"@id\":\"https:\\\/\\\/3zskadan.cz\\\/#\\\/schema\\\/person\\\/a2724b0431f00279441bbceb4e37b1a5\"},\"headline\":\"\u010cesko vesluje\",\"datePublished\":\"2025-02-25T06:51:54+00:00\",\"mainEntityOfPage\":{\"@id\":\"https:\\\/\\\/3zskadan.cz\\\/?p=13153\"},\"wordCount\":277,\"commentCount\":0,\"image\":{\"@id\":\"https:\\\/\\\/3zskadan.cz\\\/?p=13153#primaryimage\"},\"thumbnailUrl\":\"https:\\\/\\\/i0.wp.com\\\/3zskadan.cz\\\/wp-content\\\/uploads\\\/2016\\\/10\\\/slunicko_new.png?fit=450%2C400&ssl=1\",\"articleSection\":[\"Aktuality\",\"Informace\"],\"inLanguage\":\"cs\",\"potentialAction\":[{\"@type\":\"CommentAction\",\"name\":\"Comment\",\"target\":[\"https:\\\/\\\/3zskadan.cz\\\/?p=13153#respond\"]}]},{\"@type\":\"WebPage\",\"@id\":\"https:\\\/\\\/3zskadan.cz\\\/?p=13153\",\"url\":\"https:\\\/\\\/3zskadan.cz\\\/?p=13153\",\"name\":\"\u010cesko vesluje - Z\u00e1kladn\u00ed \u0161kola Kada\u0148, ul. Chomutovsk\u00e1 1683\",\"isPartOf\":{\"@id\":\"https:\\\/\\\/3zskadan.cz\\\/#website\"},\"primaryImageOfPage\":{\"@id\":\"https:\\\/\\\/3zskadan.cz\\\/?p=13153#primaryimage\"},\"image\":{\"@id\":\"https:\\\/\\\/3zskadan.cz\\\/?p=13153#primaryimage\"},\"thumbnailUrl\":\"https:\\\/\\\/i0.wp.com\\\/3zskadan.cz\\\/wp-content\\\/uploads\\\/2016\\\/10\\\/slunicko_new.png?fit=450%2C400&ssl=1\",\"datePublished\":\"2025-02-25T06:51:54+00:00\",\"author\":{\"@id\":\"https:\\\/\\\/3zskadan.cz\\\/#\\\/schema\\\/person\\\/a2724b0431f00279441bbceb4e37b1a5\"},\"breadcrumb\":{\"@id\":\"https:\\\/\\\/3zskadan.cz\\\/?p=13153#breadcrumb\"},\"inLanguage\":\"cs\",\"potentialAction\":[{\"@type\":\"ReadAction\",\"target\":[\"https:\\\/\\\/3zskadan.cz\\\/?p=13153\"]}]},{\"@type\":\"ImageObject\",\"inLanguage\":\"cs\",\"@id\":\"https:\\\/\\\/3zskadan.cz\\\/?p=13153#primaryimage\",\"url\":\"https:\\\/\\\/i0.wp.com\\\/3zskadan.cz\\\/wp-content\\\/uploads\\\/2016\\\/10\\\/slunicko_new.png?fit=450%2C400&ssl=1\",\"contentUrl\":\"https:\\\/\\\/i0.wp.com\\\/3zskadan.cz\\\/wp-content\\\/uploads\\\/2016\\\/10\\\/slunicko_new.png?fit=450%2C400&ssl=1\",\"width\":450,\"height\":400},{\"@type\":\"BreadcrumbList\",\"@id\":\"https:\\\/\\\/3zskadan.cz\\\/?p=13153#breadcrumb\",\"itemListElement\":[{\"@type\":\"ListItem\",\"position\":1,\"name\":\"Dom\u016f\",\"item\":\"https:\\\/\\\/3zskadan.cz\\\/\"},{\"@type\":\"ListItem\",\"position\":2,\"name\":\"\u010cesko vesluje\"}]},{\"@type\":\"WebSite\",\"@id\":\"https:\\\/\\\/3zskadan.cz\\\/#website\",\"url\":\"https:\\\/\\\/3zskadan.cz\\\/\",\"name\":\"Z\u00e1kladn\u00ed \u0161kola Kada\u0148, ul. Chomutovsk\u00e1 1683\",\"description\":\"\",\"potentialAction\":[{\"@type\":\"SearchAction\",\"target\":{\"@type\":\"EntryPoint\",\"urlTemplate\":\"https:\\\/\\\/3zskadan.cz\\\/?s={search_term_string}\"},\"query-input\":{\"@type\":\"PropertyValueSpecification\",\"valueRequired\":true,\"valueName\":\"search_term_string\"}}],\"inLanguage\":\"cs\"},{\"@type\":\"Person\",\"@id\":\"https:\\\/\\\/3zskadan.cz\\\/#\\\/schema\\\/person\\\/a2724b0431f00279441bbceb4e37b1a5\",\"name\":\"Radek Vinick\u00fd\",\"image\":{\"@type\":\"ImageObject\",\"inLanguage\":\"cs\",\"@id\":\"https:\\\/\\\/secure.gravatar.com\\\/avatar\\\/eda0a90e46343fd9908cdf92cc69b075f7f5b586cf33b05c8dd68cb1209f00d6?s=96&d=wavatar&r=g\",\"url\":\"https:\\\/\\\/secure.gravatar.com\\\/avatar\\\/eda0a90e46343fd9908cdf92cc69b075f7f5b586cf33b05c8dd68cb1209f00d6?s=96&d=wavatar&r=g\",\"contentUrl\":\"https:\\\/\\\/secure.gravatar.com\\\/avatar\\\/eda0a90e46343fd9908cdf92cc69b075f7f5b586cf33b05c8dd68cb1209f00d6?s=96&d=wavatar&r=g\",\"caption\":\"Radek Vinick\u00fd\"},\"url\":\"https:\\\/\\\/3zskadan.cz\\\/?author=1\"}]}<\/script>\n<!-- \/ Yoast SEO plugin. -->","yoast_head_json":{"title":"\u010cesko vesluje - Z\u00e1kladn\u00ed \u0161kola Kada\u0148, ul. Chomutovsk\u00e1 1683","robots":{"index":"index","follow":"follow","max-snippet":"max-snippet:-1","max-image-preview":"max-image-preview:large","max-video-preview":"max-video-preview:-1"},"canonical":"https:\/\/3zskadan.cz\/?p=13153","og_locale":"cs_CZ","og_type":"article","og_title":"\u010cesko vesluje - Z\u00e1kladn\u00ed \u0161kola Kada\u0148, ul. Chomutovsk\u00e1 1683","og_description":"V I. pololet\u00ed tohoto \u0161koln\u00edho roku se na\u0161i \u017e\u00e1ci z\u00fa\u010dastnili \u0161koln\u00ed ligy sportovn\u00edho projektu \u201c\u010cesko vesluje\u201d. \u010cesko vesluje je sout\u011b\u017e, kter\u00e1 podporuje veslov\u00e1n\u00ed a je zam\u011b\u0159ena na popularizaci tohoto sportu v \u010cesk\u00e9 republice. Lid\u00e9 maj\u00ed mo\u017enost \u00fa\u010dastnit se r\u016fznorod\u00fdch aktivit souvisej\u00edc\u00edch s veslov\u00e1n\u00edm, a to jak profesion\u00e1lov\u00e9, tak amat\u00e9\u0159i. Sout\u011b\u017e tak\u00e9 zahrnuje v\u00fdzvy a r\u016fzn\u00e9 [&hellip;]","og_url":"https:\/\/3zskadan.cz\/?p=13153","og_site_name":"Z\u00e1kladn\u00ed \u0161kola Kada\u0148, ul. Chomutovsk\u00e1 1683","article_published_time":"2025-02-25T06:51:54+00:00","og_image":[{"width":450,"height":400,"url":"https:\/\/3zskadan.cz\/wp-content\/uploads\/2016\/10\/slunicko_new.png","type":"image\/png"}],"author":"Radek Vinick\u00fd","twitter_card":"summary_large_image","twitter_misc":{"Napsal(a)":"Radek Vinick\u00fd","Odhadovan\u00e1 doba \u010dten\u00ed":"2 minuty"},"schema":{"@context":"https:\/\/schema.org","@graph":[{"@type":"Article","@id":"https:\/\/3zskadan.cz\/?p=13153#article","isPartOf":{"@id":"https:\/\/3zskadan.cz\/?p=13153"},"author":{"name":"Radek Vinick\u00fd","@id":"https:\/\/3zskadan.cz\/#\/schema\/person\/a2724b0431f00279441bbceb4e37b1a5"},"headline":"\u010cesko vesluje","datePublished":"2025-02-25T06:51:54+00:00","mainEntityOfPage":{"@id":"https:\/\/3zskadan.cz\/?p=13153"},"wordCount":277,"commentCount":0,"image":{"@id":"https:\/\/3zskadan.cz\/?p=13153#primaryimage"},"thumbnailUrl":"https:\/\/i0.wp.com\/3zskadan.cz\/wp-content\/uploads\/2016\/10\/slunicko_new.png?fit=450%2C400&ssl=1","articleSection":["Aktuality","Informace"],"inLanguage":"cs","potentialAction":[{"@type":"CommentAction","name":"Comment","target":["https:\/\/3zskadan.cz\/?p=13153#respond"]}]},{"@type":"WebPage","@id":"https:\/\/3zskadan.cz\/?p=13153","url":"https:\/\/3zskadan.cz\/?p=13153","name":"\u010cesko vesluje - Z\u00e1kladn\u00ed \u0161kola Kada\u0148, ul. Chomutovsk\u00e1 1683","isPartOf":{"@id":"https:\/\/3zskadan.cz\/#website"},"primaryImageOfPage":{"@id":"https:\/\/3zskadan.cz\/?p=13153#primaryimage"},"image":{"@id":"https:\/\/3zskadan.cz\/?p=13153#primaryimage"},"thumbnailUrl":"https:\/\/i0.wp.com\/3zskadan.cz\/wp-content\/uploads\/2016\/10\/slunicko_new.png?fit=450%2C400&ssl=1","datePublished":"2025-02-25T06:51:54+00:00","author":{"@id":"https:\/\/3zskadan.cz\/#\/schema\/person\/a2724b0431f00279441bbceb4e37b1a5"},"breadcrumb":{"@id":"https:\/\/3zskadan.cz\/?p=13153#breadcrumb"},"inLanguage":"cs","potentialAction":[{"@type":"ReadAction","target":["https:\/\/3zskadan.cz\/?p=13153"]}]},{"@type":"ImageObject","inLanguage":"cs","@id":"https:\/\/3zskadan.cz\/?p=13153#primaryimage","url":"https:\/\/i0.wp.com\/3zskadan.cz\/wp-content\/uploads\/2016\/10\/slunicko_new.png?fit=450%2C400&ssl=1","contentUrl":"https:\/\/i0.wp.com\/3zskadan.cz\/wp-content\/uploads\/2016\/10\/slunicko_new.png?fit=450%2C400&ssl=1","width":450,"height":400},{"@type":"BreadcrumbList","@id":"https:\/\/3zskadan.cz\/?p=13153#breadcrumb","itemListElement":[{"@type":"ListItem","position":1,"name":"Dom\u016f","item":"https:\/\/3zskadan.cz\/"},{"@type":"ListItem","position":2,"name":"\u010cesko vesluje"}]},{"@type":"WebSite","@id":"https:\/\/3zskadan.cz\/#website","url":"https:\/\/3zskadan.cz\/","name":"Z\u00e1kladn\u00ed \u0161kola Kada\u0148, ul. Chomutovsk\u00e1 1683","description":"","potentialAction":[{"@type":"SearchAction","target":{"@type":"EntryPoint","urlTemplate":"https:\/\/3zskadan.cz\/?s={search_term_string}"},"query-input":{"@type":"PropertyValueSpecification","valueRequired":true,"valueName":"search_term_string"}}],"inLanguage":"cs"},{"@type":"Person","@id":"https:\/\/3zskadan.cz\/#\/schema\/person\/a2724b0431f00279441bbceb4e37b1a5","name":"Radek Vinick\u00fd","image":{"@type":"ImageObject","inLanguage":"cs","@id":"https:\/\/secure.gravatar.com\/avatar\/eda0a90e46343fd9908cdf92cc69b075f7f5b586cf33b05c8dd68cb1209f00d6?s=96&d=wavatar&r=g","url":"https:\/\/secure.gravatar.com\/avatar\/eda0a90e46343fd9908cdf92cc69b075f7f5b586cf33b05c8dd68cb1209f00d6?s=96&d=wavatar&r=g","contentUrl":"https:\/\/secure.gravatar.com\/avatar\/eda0a90e46343fd9908cdf92cc69b075f7f5b586cf33b05c8dd68cb1209f00d6?s=96&d=wavatar&r=g","caption":"Radek Vinick\u00fd"},"url":"https:\/\/3zskadan.cz\/?author=1"}]}},"jetpack_publicize_connections":[],"jetpack_featured_media_url":"https:\/\/i0.wp.com\/3zskadan.cz\/wp-content\/uploads\/2016\/10\/slunicko_new.png?fit=450%2C400&ssl=1","jetpack_sharing_enabled":true,"jetpack_shortlink":"https:\/\/wp.me\/p7YYLP-3q9","_links":{"self":[{"href":"https:\/\/3zskadan.cz\/index.php?rest_route=\/wp\/v2\/posts\/13153","targetHints":{"allow":["GET"]}}],"collection":[{"href":"https:\/\/3zskadan.cz\/index.php?rest_route=\/wp\/v2\/posts"}],"about":[{"href":"https:\/\/3zskadan.cz\/index.php?rest_route=\/wp\/v2\/types\/post"}],"author":[{"embeddable":true,"href":"https:\/\/3zskadan.cz\/index.php?rest_route=\/wp\/v2\/users\/1"}],"replies":[{"embeddable":true,"href":"https:\/\/3zskadan.cz\/index.php?rest_route=%2Fwp%2Fv2%2Fcomments&post=13153"}],"version-history":[{"count":1,"href":"https:\/\/3zskadan.cz\/index.php?rest_route=\/wp\/v2\/posts\/13153\/revisions"}],"predecessor-version":[{"id":13154,"href":"https:\/\/3zskadan.cz\/index.php?rest_route=\/wp\/v2\/posts\/13153\/revisions\/13154"}],"wp:featuredmedia":[{"embeddable":true,"href":"https:\/\/3zskadan.cz\/index.php?rest_route=\/wp\/v2\/media\/520"}],"wp:attachment":[{"href":"https:\/\/3zskadan.cz\/index.php?rest_route=%2Fwp%2Fv2%2Fmedia&parent=13153"}],"wp:term":[{"taxonomy":"category","embeddable":true,"href":"https:\/\/3zskadan.cz\/index.php?rest_route=%2Fwp%2Fv2%2Fcategories&post=13153"},{"taxonomy":"post_tag","embeddable":true,"href":"https:\/\/3zskadan.cz\/index.php?rest_route=%2Fwp%2Fv2%2Ftags&post=13153"}],"curies":[{"name":"wp","href":"https:\/\/api.w.org\/{rel}","templated":true}]}}