{"id":13452,"date":"2025-05-07T09:32:58","date_gmt":"2025-05-07T07:32:58","guid":{"rendered":"https:\/\/3zskadan.cz\/?p=13452"},"modified":"2025-05-07T09:34:02","modified_gmt":"2025-05-07T07:34:02","slug":"prvni-rocnik-memorialu-vojty-krause","status":"publish","type":"post","link":"https:\/\/3zskadan.cz\/?p=13452","title":{"rendered":"Prvn\u00ed ro\u010dn\u00edk Memori\u00e1lu Vojty Krause"},"content":{"rendered":"<p>Na konci dubna se v Kadani uskute\u010dnil prvn\u00ed ro\u010dn\u00edk Memori\u00e1lu Vojty Krause \u2013 v\u00fdtvarn\u00e9 akce, kterou na po\u010dest v\u00fdrazn\u00e9 pedagogick\u00e9 a um\u011bleck\u00e9 osobnosti uspo\u0159\u00e1dalo Gymn\u00e1zium Kada\u0148. Cel\u00e9 setk\u00e1n\u00ed se neslo v duchu tvo\u0159ivosti, inspirace a p\u0159\u00e1telsk\u00e9 spolupr\u00e1ce. Konalo se na v\u00fdjime\u010dn\u00e9m m\u00edst\u011b \u2013 na vyhl\u00eddce na Svat\u00e9m kopci nad Franti\u0161k\u00e1nsk\u00fdm kl\u00e1\u0161terem.<\/p>\n<p>Organiz\u00e1to\u0159i oslovili v\u00fdtvarn\u00e9 pedagogy z kada\u0148sk\u00fdch \u0161kol s v\u00fdzvou, aby nominovali dva \u017e\u00e1ky z druh\u00e9ho stupn\u011b, kte\u0159\u00ed by reprezentovali svou \u0161kolu a z\u00e1rove\u0148 se zapojili do dvoudenn\u00edho v\u00fdtvarn\u00e9ho plen\u00e9ru pod veden\u00edm zku\u0161en\u00fdch v\u00fdtvarn\u00edk\u016f.<\/p>\n<p>Na\u0161i \u0161kolu zastupovali \u017e\u00e1ci 8. t\u0159\u00edd &#8211; Sofiia Lytvyniuk a Ivan Vasylchenko, kte\u0159\u00ed se do programu zapojili s velk\u00fdm zaujet\u00edm a tvo\u0159iv\u00fdm nasazen\u00edm. Jejich p\u0159\u00edstup n\u00e1s velmi pot\u011b\u0161il a jsme r\u00e1di, \u017ee pr\u00e1v\u011b oni mohli b\u00fdt sou\u010d\u00e1st\u00ed t\u00e9to inspirativn\u00ed ud\u00e1losti.<\/p>\n<p>Z\u00e1v\u011br memori\u00e1lu pat\u0159il slavnostn\u00ed vernis\u00e1\u017ei v\u00fdtvarn\u00fdch prac\u00ed, kter\u00e1 se konala v zahrad\u00e1ch Franti\u0161k\u00e1nsk\u00e9ho kl\u00e1\u0161tera. Nechyb\u011bl kulturn\u00ed program ani pod\u011bkov\u00e1n\u00ed ze strany organiz\u00e1tor\u016f \u2013 v\u00fdtvarn\u00fdch pedagog\u016f a \u0159editele Gymn\u00e1zia Kada\u0148, stejn\u011b tak od starosty m\u011bsta. Ti v\u0161ichni ocenili nasazen\u00ed a talent z\u00fa\u010dastn\u011bn\u00fdch d\u011bt\u00ed.<\/p>\n<p>V\u00a0neposledn\u00ed \u0159ad\u011b up\u0159\u00edmn\u00e9 d\u00edky po\u0159\u00e1daj\u00edc\u00edm organiz\u00e1tor\u016fm za mo\u017enost b\u00fdt sou\u010d\u00e1st\u00ed t\u00e9to kr\u00e1sn\u00e9 akce a t\u011b\u0161\u00edme se na dal\u0161\u00ed ro\u010dn\u00edk \u2013 s chut\u00ed tvo\u0159it a se \u0161t\u011btcem v ruce!<\/p>\n<p>Sofii a Ivane!\u00a0 D\u011bkujeme za tv\u016fr\u010d\u00ed el\u00e1n, se kter\u00fdm jste se do v\u00fdtvarn\u00e9 v\u00fdzvy pustili!<\/p>\n<p>Mgr. Jakub Havl\u00ed\u010dek<\/p>\n\n\n<figure class=\"wp-block-gallery has-nested-images columns-default is-cropped wp-block-gallery-1 is-layout-flex wp-block-gallery-is-layout-flex\">\n<figure class=\"wp-block-image size-large\"><img data-recalc-dims=\"1\" fetchpriority=\"high\" decoding=\"async\" width=\"1024\" height=\"768\" data-attachment-id=\"13436\" data-permalink=\"https:\/\/3zskadan.cz\/?attachment_id=13436\" data-orig-file=\"https:\/\/i0.wp.com\/3zskadan.cz\/wp-content\/uploads\/IMG-20250506-WA0016.jpg?fit=2016%2C1512&amp;ssl=1\" data-orig-size=\"2016,1512\" data-comments-opened=\"1\" data-image-meta=\"{&quot;aperture&quot;:&quot;0&quot;,&quot;credit&quot;:&quot;&quot;,&quot;camera&quot;:&quot;&quot;,&quot;caption&quot;:&quot;&quot;,&quot;created_timestamp&quot;:&quot;0&quot;,&quot;copyright&quot;:&quot;&quot;,&quot;focal_length&quot;:&quot;0&quot;,&quot;iso&quot;:&quot;0&quot;,&quot;shutter_speed&quot;:&quot;0&quot;,&quot;title&quot;:&quot;&quot;,&quot;orientation&quot;:&quot;0&quot;}\" data-image-title=\"memori\u00e1l\" data-image-description=\"\" data-image-caption=\"\" data-large-file=\"https:\/\/i0.wp.com\/3zskadan.cz\/wp-content\/uploads\/IMG-20250506-WA0016.jpg?fit=1024%2C768&amp;ssl=1\" data-id=\"13436\" src=\"https:\/\/i0.wp.com\/3zskadan.cz\/wp-content\/uploads\/IMG-20250506-WA0016.jpg?resize=1024%2C768&#038;ssl=1\" alt=\"\" class=\"wp-image-13436\" srcset=\"https:\/\/i0.wp.com\/3zskadan.cz\/wp-content\/uploads\/IMG-20250506-WA0016.jpg?resize=1024%2C768&amp;ssl=1 1024w, https:\/\/i0.wp.com\/3zskadan.cz\/wp-content\/uploads\/IMG-20250506-WA0016.jpg?resize=300%2C225&amp;ssl=1 300w, https:\/\/i0.wp.com\/3zskadan.cz\/wp-content\/uploads\/IMG-20250506-WA0016.jpg?resize=768%2C576&amp;ssl=1 768w, https:\/\/i0.wp.com\/3zskadan.cz\/wp-content\/uploads\/IMG-20250506-WA0016.jpg?resize=1536%2C1152&amp;ssl=1 1536w, https:\/\/i0.wp.com\/3zskadan.cz\/wp-content\/uploads\/IMG-20250506-WA0016.jpg?w=2016&amp;ssl=1 2016w\" sizes=\"(max-width: 1024px) 100vw, 1024px\" \/><\/figure>\n\n\n\n<figure class=\"wp-block-image size-large\"><img data-recalc-dims=\"1\" decoding=\"async\" width=\"1024\" height=\"768\" data-attachment-id=\"13437\" data-permalink=\"https:\/\/3zskadan.cz\/?attachment_id=13437\" data-orig-file=\"https:\/\/i0.wp.com\/3zskadan.cz\/wp-content\/uploads\/IMG-20250506-WA0017.jpg?fit=2016%2C1512&amp;ssl=1\" data-orig-size=\"2016,1512\" data-comments-opened=\"1\" data-image-meta=\"{&quot;aperture&quot;:&quot;0&quot;,&quot;credit&quot;:&quot;&quot;,&quot;camera&quot;:&quot;&quot;,&quot;caption&quot;:&quot;&quot;,&quot;created_timestamp&quot;:&quot;0&quot;,&quot;copyright&quot;:&quot;&quot;,&quot;focal_length&quot;:&quot;0&quot;,&quot;iso&quot;:&quot;0&quot;,&quot;shutter_speed&quot;:&quot;0&quot;,&quot;title&quot;:&quot;&quot;,&quot;orientation&quot;:&quot;0&quot;}\" data-image-title=\"memori\u00e1l\" data-image-description=\"\" data-image-caption=\"\" data-large-file=\"https:\/\/i0.wp.com\/3zskadan.cz\/wp-content\/uploads\/IMG-20250506-WA0017.jpg?fit=1024%2C768&amp;ssl=1\" data-id=\"13437\" src=\"https:\/\/i0.wp.com\/3zskadan.cz\/wp-content\/uploads\/IMG-20250506-WA0017.jpg?resize=1024%2C768&#038;ssl=1\" alt=\"\" class=\"wp-image-13437\" srcset=\"https:\/\/i0.wp.com\/3zskadan.cz\/wp-content\/uploads\/IMG-20250506-WA0017.jpg?resize=1024%2C768&amp;ssl=1 1024w, https:\/\/i0.wp.com\/3zskadan.cz\/wp-content\/uploads\/IMG-20250506-WA0017.jpg?resize=300%2C225&amp;ssl=1 300w, https:\/\/i0.wp.com\/3zskadan.cz\/wp-content\/uploads\/IMG-20250506-WA0017.jpg?resize=768%2C576&amp;ssl=1 768w, https:\/\/i0.wp.com\/3zskadan.cz\/wp-content\/uploads\/IMG-20250506-WA0017.jpg?resize=1536%2C1152&amp;ssl=1 1536w, https:\/\/i0.wp.com\/3zskadan.cz\/wp-content\/uploads\/IMG-20250506-WA0017.jpg?w=2016&amp;ssl=1 2016w\" sizes=\"(max-width: 1024px) 100vw, 1024px\" \/><\/figure>\n\n\n\n<figure class=\"wp-block-image size-large\"><img data-recalc-dims=\"1\" decoding=\"async\" width=\"1024\" height=\"768\" data-attachment-id=\"13438\" data-permalink=\"https:\/\/3zskadan.cz\/?attachment_id=13438\" data-orig-file=\"https:\/\/i0.wp.com\/3zskadan.cz\/wp-content\/uploads\/IMG-20250506-WA0019.jpg?fit=2016%2C1512&amp;ssl=1\" data-orig-size=\"2016,1512\" data-comments-opened=\"1\" data-image-meta=\"{&quot;aperture&quot;:&quot;0&quot;,&quot;credit&quot;:&quot;&quot;,&quot;camera&quot;:&quot;&quot;,&quot;caption&quot;:&quot;&quot;,&quot;created_timestamp&quot;:&quot;0&quot;,&quot;copyright&quot;:&quot;&quot;,&quot;focal_length&quot;:&quot;0&quot;,&quot;iso&quot;:&quot;0&quot;,&quot;shutter_speed&quot;:&quot;0&quot;,&quot;title&quot;:&quot;&quot;,&quot;orientation&quot;:&quot;0&quot;}\" data-image-title=\"memori\u00e1l\" data-image-description=\"\" data-image-caption=\"\" data-large-file=\"https:\/\/i0.wp.com\/3zskadan.cz\/wp-content\/uploads\/IMG-20250506-WA0019.jpg?fit=1024%2C768&amp;ssl=1\" data-id=\"13438\" src=\"https:\/\/i0.wp.com\/3zskadan.cz\/wp-content\/uploads\/IMG-20250506-WA0019.jpg?resize=1024%2C768&#038;ssl=1\" alt=\"\" class=\"wp-image-13438\" srcset=\"https:\/\/i0.wp.com\/3zskadan.cz\/wp-content\/uploads\/IMG-20250506-WA0019.jpg?resize=1024%2C768&amp;ssl=1 1024w, https:\/\/i0.wp.com\/3zskadan.cz\/wp-content\/uploads\/IMG-20250506-WA0019.jpg?resize=300%2C225&amp;ssl=1 300w, https:\/\/i0.wp.com\/3zskadan.cz\/wp-content\/uploads\/IMG-20250506-WA0019.jpg?resize=768%2C576&amp;ssl=1 768w, https:\/\/i0.wp.com\/3zskadan.cz\/wp-content\/uploads\/IMG-20250506-WA0019.jpg?resize=1536%2C1152&amp;ssl=1 1536w, https:\/\/i0.wp.com\/3zskadan.cz\/wp-content\/uploads\/IMG-20250506-WA0019.jpg?w=2016&amp;ssl=1 2016w\" sizes=\"(max-width: 1024px) 100vw, 1024px\" \/><\/figure>\n\n\n\n<figure class=\"wp-block-image size-large\"><img data-recalc-dims=\"1\" loading=\"lazy\" decoding=\"async\" width=\"1024\" height=\"768\" data-attachment-id=\"13439\" data-permalink=\"https:\/\/3zskadan.cz\/?attachment_id=13439\" data-orig-file=\"https:\/\/i0.wp.com\/3zskadan.cz\/wp-content\/uploads\/IMG-20250506-WA0020.jpg?fit=2016%2C1512&amp;ssl=1\" data-orig-size=\"2016,1512\" data-comments-opened=\"1\" data-image-meta=\"{&quot;aperture&quot;:&quot;0&quot;,&quot;credit&quot;:&quot;&quot;,&quot;camera&quot;:&quot;&quot;,&quot;caption&quot;:&quot;&quot;,&quot;created_timestamp&quot;:&quot;0&quot;,&quot;copyright&quot;:&quot;&quot;,&quot;focal_length&quot;:&quot;0&quot;,&quot;iso&quot;:&quot;0&quot;,&quot;shutter_speed&quot;:&quot;0&quot;,&quot;title&quot;:&quot;&quot;,&quot;orientation&quot;:&quot;0&quot;}\" data-image-title=\"memori\u00e1l\" data-image-description=\"\" data-image-caption=\"\" data-large-file=\"https:\/\/i0.wp.com\/3zskadan.cz\/wp-content\/uploads\/IMG-20250506-WA0020.jpg?fit=1024%2C768&amp;ssl=1\" data-id=\"13439\" src=\"https:\/\/i0.wp.com\/3zskadan.cz\/wp-content\/uploads\/IMG-20250506-WA0020.jpg?resize=1024%2C768&#038;ssl=1\" alt=\"\" class=\"wp-image-13439\" srcset=\"https:\/\/i0.wp.com\/3zskadan.cz\/wp-content\/uploads\/IMG-20250506-WA0020.jpg?resize=1024%2C768&amp;ssl=1 1024w, https:\/\/i0.wp.com\/3zskadan.cz\/wp-content\/uploads\/IMG-20250506-WA0020.jpg?resize=300%2C225&amp;ssl=1 300w, https:\/\/i0.wp.com\/3zskadan.cz\/wp-content\/uploads\/IMG-20250506-WA0020.jpg?resize=768%2C576&amp;ssl=1 768w, https:\/\/i0.wp.com\/3zskadan.cz\/wp-content\/uploads\/IMG-20250506-WA0020.jpg?resize=1536%2C1152&amp;ssl=1 1536w, https:\/\/i0.wp.com\/3zskadan.cz\/wp-content\/uploads\/IMG-20250506-WA0020.jpg?w=2016&amp;ssl=1 2016w\" sizes=\"(max-width: 1024px) 100vw, 1024px\" \/><\/figure>\n<\/figure>\n","protected":false},"excerpt":{"rendered":"<p>Na konci dubna se v Kadani uskute\u010dnil prvn\u00ed ro\u010dn\u00edk Memori\u00e1lu Vojty Krause \u2013 v\u00fdtvarn\u00e9 akce, kterou na po\u010dest v\u00fdrazn\u00e9 pedagogick\u00e9 a um\u011bleck\u00e9 osobnosti uspo\u0159\u00e1dalo Gymn\u00e1zium Kada\u0148. Cel\u00e9 setk\u00e1n\u00ed se neslo v duchu tvo\u0159ivosti, inspirace a p\u0159\u00e1telsk\u00e9 spolupr\u00e1ce. Konalo se na v\u00fdjime\u010dn\u00e9m m\u00edst\u011b \u2013 na vyhl\u00eddce na Svat\u00e9m kopci nad Franti\u0161k\u00e1nsk\u00fdm kl\u00e1\u0161terem. Organiz\u00e1to\u0159i oslovili v\u00fdtvarn\u00e9 pedagogy [&hellip;]<\/p>\n","protected":false},"author":1,"featured_media":13436,"comment_status":"open","ping_status":"open","sticky":false,"template":"","format":"standard","meta":{"jetpack_post_was_ever_published":false,"_jetpack_newsletter_access":"","_jetpack_dont_email_post_to_subs":false,"_jetpack_newsletter_tier_id":0,"_jetpack_memberships_contains_paywalled_content":false,"_jetpack_memberships_contains_paid_content":false,"footnotes":"","jetpack_publicize_message":"","jetpack_publicize_feature_enabled":true,"jetpack_social_post_already_shared":true,"jetpack_social_options":{"image_generator_settings":{"template":"highway","default_image_id":0,"font":"","enabled":false},"version":2}},"categories":[15,4],"tags":[],"class_list":{"0":"post-13452","1":"post","2":"type-post","3":"status-publish","4":"format-standard","5":"has-post-thumbnail","7":"category-aktuality","8":"category-informace","9":"czr-hentry"},"yoast_head":"<!-- This site is optimized with the Yoast SEO plugin v27.4 - https:\/\/yoast.com\/product\/yoast-seo-wordpress\/ -->\n<title>Prvn\u00ed ro\u010dn\u00edk Memori\u00e1lu Vojty Krause - Z\u00e1kladn\u00ed \u0161kola Kada\u0148, ul. Chomutovsk\u00e1 1683<\/title>\n<meta name=\"robots\" content=\"index, follow, max-snippet:-1, max-image-preview:large, max-video-preview:-1\" \/>\n<link rel=\"canonical\" href=\"https:\/\/3zskadan.cz\/?p=13452\" \/>\n<meta property=\"og:locale\" content=\"cs_CZ\" \/>\n<meta property=\"og:type\" content=\"article\" \/>\n<meta property=\"og:title\" content=\"Prvn\u00ed ro\u010dn\u00edk Memori\u00e1lu Vojty Krause - Z\u00e1kladn\u00ed \u0161kola Kada\u0148, ul. Chomutovsk\u00e1 1683\" \/>\n<meta property=\"og:description\" content=\"Na konci dubna se v Kadani uskute\u010dnil prvn\u00ed ro\u010dn\u00edk Memori\u00e1lu Vojty Krause \u2013 v\u00fdtvarn\u00e9 akce, kterou na po\u010dest v\u00fdrazn\u00e9 pedagogick\u00e9 a um\u011bleck\u00e9 osobnosti uspo\u0159\u00e1dalo Gymn\u00e1zium Kada\u0148. Cel\u00e9 setk\u00e1n\u00ed se neslo v duchu tvo\u0159ivosti, inspirace a p\u0159\u00e1telsk\u00e9 spolupr\u00e1ce. Konalo se na v\u00fdjime\u010dn\u00e9m m\u00edst\u011b \u2013 na vyhl\u00eddce na Svat\u00e9m kopci nad Franti\u0161k\u00e1nsk\u00fdm kl\u00e1\u0161terem. Organiz\u00e1to\u0159i oslovili v\u00fdtvarn\u00e9 pedagogy [&hellip;]\" \/>\n<meta property=\"og:url\" content=\"https:\/\/3zskadan.cz\/?p=13452\" \/>\n<meta property=\"og:site_name\" content=\"Z\u00e1kladn\u00ed \u0161kola Kada\u0148, ul. Chomutovsk\u00e1 1683\" \/>\n<meta property=\"article:published_time\" content=\"2025-05-07T07:32:58+00:00\" \/>\n<meta property=\"article:modified_time\" content=\"2025-05-07T07:34:02+00:00\" \/>\n<meta property=\"og:image\" content=\"https:\/\/3zskadan.cz\/wp-content\/uploads\/IMG-20250506-WA0016.jpg\" \/>\n\t<meta property=\"og:image:width\" content=\"2016\" \/>\n\t<meta property=\"og:image:height\" content=\"1512\" \/>\n\t<meta property=\"og:image:type\" content=\"image\/jpeg\" \/>\n<meta name=\"author\" content=\"Radek Vinick\u00fd\" \/>\n<meta name=\"twitter:card\" content=\"summary_large_image\" \/>\n<meta name=\"twitter:label1\" content=\"Napsal(a)\" \/>\n\t<meta name=\"twitter:data1\" content=\"Radek Vinick\u00fd\" \/>\n\t<meta name=\"twitter:label2\" content=\"Odhadovan\u00e1 doba \u010dten\u00ed\" \/>\n\t<meta name=\"twitter:data2\" content=\"3 minuty\" \/>\n<script type=\"application\/ld+json\" class=\"yoast-schema-graph\">{\"@context\":\"https:\\\/\\\/schema.org\",\"@graph\":[{\"@type\":\"Article\",\"@id\":\"https:\\\/\\\/3zskadan.cz\\\/?p=13452#article\",\"isPartOf\":{\"@id\":\"https:\\\/\\\/3zskadan.cz\\\/?p=13452\"},\"author\":{\"name\":\"Radek Vinick\u00fd\",\"@id\":\"https:\\\/\\\/3zskadan.cz\\\/#\\\/schema\\\/person\\\/a2724b0431f00279441bbceb4e37b1a5\"},\"headline\":\"Prvn\u00ed ro\u010dn\u00edk Memori\u00e1lu Vojty Krause\",\"datePublished\":\"2025-05-07T07:32:58+00:00\",\"dateModified\":\"2025-05-07T07:34:02+00:00\",\"mainEntityOfPage\":{\"@id\":\"https:\\\/\\\/3zskadan.cz\\\/?p=13452\"},\"wordCount\":322,\"commentCount\":0,\"image\":{\"@id\":\"https:\\\/\\\/3zskadan.cz\\\/?p=13452#primaryimage\"},\"thumbnailUrl\":\"https:\\\/\\\/i0.wp.com\\\/3zskadan.cz\\\/wp-content\\\/uploads\\\/IMG-20250506-WA0016.jpg?fit=2016%2C1512&ssl=1\",\"articleSection\":[\"Aktuality\",\"Informace\"],\"inLanguage\":\"cs\",\"potentialAction\":[{\"@type\":\"CommentAction\",\"name\":\"Comment\",\"target\":[\"https:\\\/\\\/3zskadan.cz\\\/?p=13452#respond\"]}]},{\"@type\":\"WebPage\",\"@id\":\"https:\\\/\\\/3zskadan.cz\\\/?p=13452\",\"url\":\"https:\\\/\\\/3zskadan.cz\\\/?p=13452\",\"name\":\"Prvn\u00ed ro\u010dn\u00edk Memori\u00e1lu Vojty Krause - Z\u00e1kladn\u00ed \u0161kola Kada\u0148, ul. Chomutovsk\u00e1 1683\",\"isPartOf\":{\"@id\":\"https:\\\/\\\/3zskadan.cz\\\/#website\"},\"primaryImageOfPage\":{\"@id\":\"https:\\\/\\\/3zskadan.cz\\\/?p=13452#primaryimage\"},\"image\":{\"@id\":\"https:\\\/\\\/3zskadan.cz\\\/?p=13452#primaryimage\"},\"thumbnailUrl\":\"https:\\\/\\\/i0.wp.com\\\/3zskadan.cz\\\/wp-content\\\/uploads\\\/IMG-20250506-WA0016.jpg?fit=2016%2C1512&ssl=1\",\"datePublished\":\"2025-05-07T07:32:58+00:00\",\"dateModified\":\"2025-05-07T07:34:02+00:00\",\"author\":{\"@id\":\"https:\\\/\\\/3zskadan.cz\\\/#\\\/schema\\\/person\\\/a2724b0431f00279441bbceb4e37b1a5\"},\"breadcrumb\":{\"@id\":\"https:\\\/\\\/3zskadan.cz\\\/?p=13452#breadcrumb\"},\"inLanguage\":\"cs\",\"potentialAction\":[{\"@type\":\"ReadAction\",\"target\":[\"https:\\\/\\\/3zskadan.cz\\\/?p=13452\"]}]},{\"@type\":\"ImageObject\",\"inLanguage\":\"cs\",\"@id\":\"https:\\\/\\\/3zskadan.cz\\\/?p=13452#primaryimage\",\"url\":\"https:\\\/\\\/i0.wp.com\\\/3zskadan.cz\\\/wp-content\\\/uploads\\\/IMG-20250506-WA0016.jpg?fit=2016%2C1512&ssl=1\",\"contentUrl\":\"https:\\\/\\\/i0.wp.com\\\/3zskadan.cz\\\/wp-content\\\/uploads\\\/IMG-20250506-WA0016.jpg?fit=2016%2C1512&ssl=1\",\"width\":2016,\"height\":1512},{\"@type\":\"BreadcrumbList\",\"@id\":\"https:\\\/\\\/3zskadan.cz\\\/?p=13452#breadcrumb\",\"itemListElement\":[{\"@type\":\"ListItem\",\"position\":1,\"name\":\"Dom\u016f\",\"item\":\"https:\\\/\\\/3zskadan.cz\\\/\"},{\"@type\":\"ListItem\",\"position\":2,\"name\":\"Prvn\u00ed ro\u010dn\u00edk Memori\u00e1lu Vojty Krause\"}]},{\"@type\":\"WebSite\",\"@id\":\"https:\\\/\\\/3zskadan.cz\\\/#website\",\"url\":\"https:\\\/\\\/3zskadan.cz\\\/\",\"name\":\"Z\u00e1kladn\u00ed \u0161kola Kada\u0148, ul. Chomutovsk\u00e1 1683\",\"description\":\"\",\"potentialAction\":[{\"@type\":\"SearchAction\",\"target\":{\"@type\":\"EntryPoint\",\"urlTemplate\":\"https:\\\/\\\/3zskadan.cz\\\/?s={search_term_string}\"},\"query-input\":{\"@type\":\"PropertyValueSpecification\",\"valueRequired\":true,\"valueName\":\"search_term_string\"}}],\"inLanguage\":\"cs\"},{\"@type\":\"Person\",\"@id\":\"https:\\\/\\\/3zskadan.cz\\\/#\\\/schema\\\/person\\\/a2724b0431f00279441bbceb4e37b1a5\",\"name\":\"Radek Vinick\u00fd\",\"image\":{\"@type\":\"ImageObject\",\"inLanguage\":\"cs\",\"@id\":\"https:\\\/\\\/secure.gravatar.com\\\/avatar\\\/eda0a90e46343fd9908cdf92cc69b075f7f5b586cf33b05c8dd68cb1209f00d6?s=96&d=wavatar&r=g\",\"url\":\"https:\\\/\\\/secure.gravatar.com\\\/avatar\\\/eda0a90e46343fd9908cdf92cc69b075f7f5b586cf33b05c8dd68cb1209f00d6?s=96&d=wavatar&r=g\",\"contentUrl\":\"https:\\\/\\\/secure.gravatar.com\\\/avatar\\\/eda0a90e46343fd9908cdf92cc69b075f7f5b586cf33b05c8dd68cb1209f00d6?s=96&d=wavatar&r=g\",\"caption\":\"Radek Vinick\u00fd\"},\"url\":\"https:\\\/\\\/3zskadan.cz\\\/?author=1\"}]}<\/script>\n<!-- \/ Yoast SEO plugin. -->","yoast_head_json":{"title":"Prvn\u00ed ro\u010dn\u00edk Memori\u00e1lu Vojty Krause - Z\u00e1kladn\u00ed \u0161kola Kada\u0148, ul. Chomutovsk\u00e1 1683","robots":{"index":"index","follow":"follow","max-snippet":"max-snippet:-1","max-image-preview":"max-image-preview:large","max-video-preview":"max-video-preview:-1"},"canonical":"https:\/\/3zskadan.cz\/?p=13452","og_locale":"cs_CZ","og_type":"article","og_title":"Prvn\u00ed ro\u010dn\u00edk Memori\u00e1lu Vojty Krause - Z\u00e1kladn\u00ed \u0161kola Kada\u0148, ul. Chomutovsk\u00e1 1683","og_description":"Na konci dubna se v Kadani uskute\u010dnil prvn\u00ed ro\u010dn\u00edk Memori\u00e1lu Vojty Krause \u2013 v\u00fdtvarn\u00e9 akce, kterou na po\u010dest v\u00fdrazn\u00e9 pedagogick\u00e9 a um\u011bleck\u00e9 osobnosti uspo\u0159\u00e1dalo Gymn\u00e1zium Kada\u0148. Cel\u00e9 setk\u00e1n\u00ed se neslo v duchu tvo\u0159ivosti, inspirace a p\u0159\u00e1telsk\u00e9 spolupr\u00e1ce. Konalo se na v\u00fdjime\u010dn\u00e9m m\u00edst\u011b \u2013 na vyhl\u00eddce na Svat\u00e9m kopci nad Franti\u0161k\u00e1nsk\u00fdm kl\u00e1\u0161terem. Organiz\u00e1to\u0159i oslovili v\u00fdtvarn\u00e9 pedagogy [&hellip;]","og_url":"https:\/\/3zskadan.cz\/?p=13452","og_site_name":"Z\u00e1kladn\u00ed \u0161kola Kada\u0148, ul. Chomutovsk\u00e1 1683","article_published_time":"2025-05-07T07:32:58+00:00","article_modified_time":"2025-05-07T07:34:02+00:00","og_image":[{"width":2016,"height":1512,"url":"https:\/\/3zskadan.cz\/wp-content\/uploads\/IMG-20250506-WA0016.jpg","type":"image\/jpeg"}],"author":"Radek Vinick\u00fd","twitter_card":"summary_large_image","twitter_misc":{"Napsal(a)":"Radek Vinick\u00fd","Odhadovan\u00e1 doba \u010dten\u00ed":"3 minuty"},"schema":{"@context":"https:\/\/schema.org","@graph":[{"@type":"Article","@id":"https:\/\/3zskadan.cz\/?p=13452#article","isPartOf":{"@id":"https:\/\/3zskadan.cz\/?p=13452"},"author":{"name":"Radek Vinick\u00fd","@id":"https:\/\/3zskadan.cz\/#\/schema\/person\/a2724b0431f00279441bbceb4e37b1a5"},"headline":"Prvn\u00ed ro\u010dn\u00edk Memori\u00e1lu Vojty Krause","datePublished":"2025-05-07T07:32:58+00:00","dateModified":"2025-05-07T07:34:02+00:00","mainEntityOfPage":{"@id":"https:\/\/3zskadan.cz\/?p=13452"},"wordCount":322,"commentCount":0,"image":{"@id":"https:\/\/3zskadan.cz\/?p=13452#primaryimage"},"thumbnailUrl":"https:\/\/i0.wp.com\/3zskadan.cz\/wp-content\/uploads\/IMG-20250506-WA0016.jpg?fit=2016%2C1512&ssl=1","articleSection":["Aktuality","Informace"],"inLanguage":"cs","potentialAction":[{"@type":"CommentAction","name":"Comment","target":["https:\/\/3zskadan.cz\/?p=13452#respond"]}]},{"@type":"WebPage","@id":"https:\/\/3zskadan.cz\/?p=13452","url":"https:\/\/3zskadan.cz\/?p=13452","name":"Prvn\u00ed ro\u010dn\u00edk Memori\u00e1lu Vojty Krause - Z\u00e1kladn\u00ed \u0161kola Kada\u0148, ul. Chomutovsk\u00e1 1683","isPartOf":{"@id":"https:\/\/3zskadan.cz\/#website"},"primaryImageOfPage":{"@id":"https:\/\/3zskadan.cz\/?p=13452#primaryimage"},"image":{"@id":"https:\/\/3zskadan.cz\/?p=13452#primaryimage"},"thumbnailUrl":"https:\/\/i0.wp.com\/3zskadan.cz\/wp-content\/uploads\/IMG-20250506-WA0016.jpg?fit=2016%2C1512&ssl=1","datePublished":"2025-05-07T07:32:58+00:00","dateModified":"2025-05-07T07:34:02+00:00","author":{"@id":"https:\/\/3zskadan.cz\/#\/schema\/person\/a2724b0431f00279441bbceb4e37b1a5"},"breadcrumb":{"@id":"https:\/\/3zskadan.cz\/?p=13452#breadcrumb"},"inLanguage":"cs","potentialAction":[{"@type":"ReadAction","target":["https:\/\/3zskadan.cz\/?p=13452"]}]},{"@type":"ImageObject","inLanguage":"cs","@id":"https:\/\/3zskadan.cz\/?p=13452#primaryimage","url":"https:\/\/i0.wp.com\/3zskadan.cz\/wp-content\/uploads\/IMG-20250506-WA0016.jpg?fit=2016%2C1512&ssl=1","contentUrl":"https:\/\/i0.wp.com\/3zskadan.cz\/wp-content\/uploads\/IMG-20250506-WA0016.jpg?fit=2016%2C1512&ssl=1","width":2016,"height":1512},{"@type":"BreadcrumbList","@id":"https:\/\/3zskadan.cz\/?p=13452#breadcrumb","itemListElement":[{"@type":"ListItem","position":1,"name":"Dom\u016f","item":"https:\/\/3zskadan.cz\/"},{"@type":"ListItem","position":2,"name":"Prvn\u00ed ro\u010dn\u00edk Memori\u00e1lu Vojty Krause"}]},{"@type":"WebSite","@id":"https:\/\/3zskadan.cz\/#website","url":"https:\/\/3zskadan.cz\/","name":"Z\u00e1kladn\u00ed \u0161kola Kada\u0148, ul. Chomutovsk\u00e1 1683","description":"","potentialAction":[{"@type":"SearchAction","target":{"@type":"EntryPoint","urlTemplate":"https:\/\/3zskadan.cz\/?s={search_term_string}"},"query-input":{"@type":"PropertyValueSpecification","valueRequired":true,"valueName":"search_term_string"}}],"inLanguage":"cs"},{"@type":"Person","@id":"https:\/\/3zskadan.cz\/#\/schema\/person\/a2724b0431f00279441bbceb4e37b1a5","name":"Radek Vinick\u00fd","image":{"@type":"ImageObject","inLanguage":"cs","@id":"https:\/\/secure.gravatar.com\/avatar\/eda0a90e46343fd9908cdf92cc69b075f7f5b586cf33b05c8dd68cb1209f00d6?s=96&d=wavatar&r=g","url":"https:\/\/secure.gravatar.com\/avatar\/eda0a90e46343fd9908cdf92cc69b075f7f5b586cf33b05c8dd68cb1209f00d6?s=96&d=wavatar&r=g","contentUrl":"https:\/\/secure.gravatar.com\/avatar\/eda0a90e46343fd9908cdf92cc69b075f7f5b586cf33b05c8dd68cb1209f00d6?s=96&d=wavatar&r=g","caption":"Radek Vinick\u00fd"},"url":"https:\/\/3zskadan.cz\/?author=1"}]}},"jetpack_publicize_connections":[],"jetpack_featured_media_url":"https:\/\/i0.wp.com\/3zskadan.cz\/wp-content\/uploads\/IMG-20250506-WA0016.jpg?fit=2016%2C1512&ssl=1","jetpack_sharing_enabled":true,"jetpack_shortlink":"https:\/\/wp.me\/p7YYLP-3uY","_links":{"self":[{"href":"https:\/\/3zskadan.cz\/index.php?rest_route=\/wp\/v2\/posts\/13452","targetHints":{"allow":["GET"]}}],"collection":[{"href":"https:\/\/3zskadan.cz\/index.php?rest_route=\/wp\/v2\/posts"}],"about":[{"href":"https:\/\/3zskadan.cz\/index.php?rest_route=\/wp\/v2\/types\/post"}],"author":[{"embeddable":true,"href":"https:\/\/3zskadan.cz\/index.php?rest_route=\/wp\/v2\/users\/1"}],"replies":[{"embeddable":true,"href":"https:\/\/3zskadan.cz\/index.php?rest_route=%2Fwp%2Fv2%2Fcomments&post=13452"}],"version-history":[{"count":2,"href":"https:\/\/3zskadan.cz\/index.php?rest_route=\/wp\/v2\/posts\/13452\/revisions"}],"predecessor-version":[{"id":13454,"href":"https:\/\/3zskadan.cz\/index.php?rest_route=\/wp\/v2\/posts\/13452\/revisions\/13454"}],"wp:featuredmedia":[{"embeddable":true,"href":"https:\/\/3zskadan.cz\/index.php?rest_route=\/wp\/v2\/media\/13436"}],"wp:attachment":[{"href":"https:\/\/3zskadan.cz\/index.php?rest_route=%2Fwp%2Fv2%2Fmedia&parent=13452"}],"wp:term":[{"taxonomy":"category","embeddable":true,"href":"https:\/\/3zskadan.cz\/index.php?rest_route=%2Fwp%2Fv2%2Fcategories&post=13452"},{"taxonomy":"post_tag","embeddable":true,"href":"https:\/\/3zskadan.cz\/index.php?rest_route=%2Fwp%2Fv2%2Ftags&post=13452"}],"curies":[{"name":"wp","href":"https:\/\/api.w.org\/{rel}","templated":true}]}}