{"id":13513,"date":"2025-05-20T07:45:06","date_gmt":"2025-05-20T05:45:06","guid":{"rendered":"https:\/\/3zskadan.cz\/?p=13513"},"modified":"2025-05-20T07:45:22","modified_gmt":"2025-05-20T05:45:22","slug":"kadanska-latka-a-jeji-50-rocnik","status":"publish","type":"post","link":"https:\/\/3zskadan.cz\/?p=13513","title":{"rendered":"Kada\u0148sk\u00e1 la\u0165ka a jej\u00ed 50. ro\u010dn\u00edk"},"content":{"rendered":"<p>V\u00a0p\u00e1tek 16. kv\u011btna se v\u00a0are\u00e1lu FK Tatran Kada\u0148 konal jubilejn\u00ed 50. ro\u010dn\u00edk z\u00e1vod\u016f ve skoc\u00edch do v\u00fd\u0161ky. Po\u010das\u00ed z\u00e1vod\u016fm bohu\u017eel nep\u0159\u00e1lo, a startuj\u00edc\u00ed tak m\u011bli n\u00e1ro\u010dn\u011bj\u0161\u00ed podm\u00ednky. Na\u0161i \u0161kolu reprezentovalo dev\u011bt \u017e\u00e1k\u016f rozd\u011blen\u00fdch do t\u0159\u00ed kategori\u00ed. V\u0161ichni p\u0159edvedli v\u00fdkon na hranici sv\u00fdch mo\u017enost\u00ed, ale na medailov\u00e9 pozice se dostal pouze Tom\u00e1\u0161 Moln\u00e1r, kter\u00fd obsadil 3. m\u00edsto. V\u0161em z\u00fa\u010dastn\u011bn\u00fdm d\u011bkujeme za reprezentaci \u0161koly a gratulujeme k\u00a0v\u00fdkon\u016fm.<\/p>\n<p>Startuj\u00edc\u00ed: Tom\u00e1\u0161 Moln\u00e1r, Artur Tym\u010duk, Patrik Walecki, Dominik Walecki, Adam Ku\u010dera, Oleksandr Horvat, Jaroslav Chlouba, Maty\u00e1\u0161 Kotlan, David Kov\u00e1\u010d<\/p>\n<p>Daniel Pat\u00e1k<\/p>\n\n\n<figure class=\"wp-block-gallery has-nested-images columns-default is-cropped wp-block-gallery-1 is-layout-flex wp-block-gallery-is-layout-flex\">\n<figure class=\"wp-block-image size-large\"><img data-recalc-dims=\"1\" fetchpriority=\"high\" decoding=\"async\" width=\"768\" height=\"1024\" data-attachment-id=\"13516\" data-permalink=\"https:\/\/3zskadan.cz\/?attachment_id=13516\" data-orig-file=\"https:\/\/i0.wp.com\/3zskadan.cz\/wp-content\/uploads\/Obrazek-WhatsApp-2025-05-19-v-10.34.32_e45319ad.jpg?fit=1536%2C2048&amp;ssl=1\" data-orig-size=\"1536,2048\" data-comments-opened=\"1\" data-image-meta=\"{&quot;aperture&quot;:&quot;0&quot;,&quot;credit&quot;:&quot;&quot;,&quot;camera&quot;:&quot;&quot;,&quot;caption&quot;:&quot;&quot;,&quot;created_timestamp&quot;:&quot;0&quot;,&quot;copyright&quot;:&quot;&quot;,&quot;focal_length&quot;:&quot;0&quot;,&quot;iso&quot;:&quot;0&quot;,&quot;shutter_speed&quot;:&quot;0&quot;,&quot;title&quot;:&quot;&quot;,&quot;orientation&quot;:&quot;0&quot;}\" data-image-title=\"Obr\u00e1zek WhatsApp, 2025-05-19 v 10.34.32_e45319ad\" data-image-description=\"\" data-image-caption=\"\" data-large-file=\"https:\/\/i0.wp.com\/3zskadan.cz\/wp-content\/uploads\/Obrazek-WhatsApp-2025-05-19-v-10.34.32_e45319ad.jpg?fit=768%2C1024&amp;ssl=1\" data-id=\"13516\" src=\"https:\/\/i0.wp.com\/3zskadan.cz\/wp-content\/uploads\/Obrazek-WhatsApp-2025-05-19-v-10.34.32_e45319ad.jpg?resize=768%2C1024&#038;ssl=1\" alt=\"\" class=\"wp-image-13516\" srcset=\"https:\/\/i0.wp.com\/3zskadan.cz\/wp-content\/uploads\/Obrazek-WhatsApp-2025-05-19-v-10.34.32_e45319ad.jpg?resize=768%2C1024&amp;ssl=1 768w, https:\/\/i0.wp.com\/3zskadan.cz\/wp-content\/uploads\/Obrazek-WhatsApp-2025-05-19-v-10.34.32_e45319ad.jpg?resize=225%2C300&amp;ssl=1 225w, https:\/\/i0.wp.com\/3zskadan.cz\/wp-content\/uploads\/Obrazek-WhatsApp-2025-05-19-v-10.34.32_e45319ad.jpg?resize=1152%2C1536&amp;ssl=1 1152w, https:\/\/i0.wp.com\/3zskadan.cz\/wp-content\/uploads\/Obrazek-WhatsApp-2025-05-19-v-10.34.32_e45319ad.jpg?w=1536&amp;ssl=1 1536w\" sizes=\"(max-width: 768px) 100vw, 768px\" \/><\/figure>\n\n\n\n<figure class=\"wp-block-image size-large\"><img data-recalc-dims=\"1\" decoding=\"async\" width=\"1024\" height=\"768\" data-attachment-id=\"13515\" data-permalink=\"https:\/\/3zskadan.cz\/?attachment_id=13515\" data-orig-file=\"https:\/\/i0.wp.com\/3zskadan.cz\/wp-content\/uploads\/Obrazek-WhatsApp-2025-05-19-v-10.34.32_97d2d9a1.jpg?fit=2048%2C1536&amp;ssl=1\" data-orig-size=\"2048,1536\" data-comments-opened=\"1\" data-image-meta=\"{&quot;aperture&quot;:&quot;0&quot;,&quot;credit&quot;:&quot;&quot;,&quot;camera&quot;:&quot;&quot;,&quot;caption&quot;:&quot;&quot;,&quot;created_timestamp&quot;:&quot;0&quot;,&quot;copyright&quot;:&quot;&quot;,&quot;focal_length&quot;:&quot;0&quot;,&quot;iso&quot;:&quot;0&quot;,&quot;shutter_speed&quot;:&quot;0&quot;,&quot;title&quot;:&quot;&quot;,&quot;orientation&quot;:&quot;0&quot;}\" data-image-title=\"Obr\u00e1zek WhatsApp, 2025-05-19 v 10.34.32_97d2d9a1\" data-image-description=\"\" data-image-caption=\"\" data-large-file=\"https:\/\/i0.wp.com\/3zskadan.cz\/wp-content\/uploads\/Obrazek-WhatsApp-2025-05-19-v-10.34.32_97d2d9a1.jpg?fit=1024%2C768&amp;ssl=1\" data-id=\"13515\" src=\"https:\/\/i0.wp.com\/3zskadan.cz\/wp-content\/uploads\/Obrazek-WhatsApp-2025-05-19-v-10.34.32_97d2d9a1.jpg?resize=1024%2C768&#038;ssl=1\" alt=\"\" class=\"wp-image-13515\" srcset=\"https:\/\/i0.wp.com\/3zskadan.cz\/wp-content\/uploads\/Obrazek-WhatsApp-2025-05-19-v-10.34.32_97d2d9a1.jpg?resize=1024%2C768&amp;ssl=1 1024w, https:\/\/i0.wp.com\/3zskadan.cz\/wp-content\/uploads\/Obrazek-WhatsApp-2025-05-19-v-10.34.32_97d2d9a1.jpg?resize=300%2C225&amp;ssl=1 300w, https:\/\/i0.wp.com\/3zskadan.cz\/wp-content\/uploads\/Obrazek-WhatsApp-2025-05-19-v-10.34.32_97d2d9a1.jpg?resize=768%2C576&amp;ssl=1 768w, https:\/\/i0.wp.com\/3zskadan.cz\/wp-content\/uploads\/Obrazek-WhatsApp-2025-05-19-v-10.34.32_97d2d9a1.jpg?resize=1536%2C1152&amp;ssl=1 1536w, https:\/\/i0.wp.com\/3zskadan.cz\/wp-content\/uploads\/Obrazek-WhatsApp-2025-05-19-v-10.34.32_97d2d9a1.jpg?w=2048&amp;ssl=1 2048w\" sizes=\"(max-width: 1024px) 100vw, 1024px\" \/><\/figure>\n<\/figure>\n","protected":false},"excerpt":{"rendered":"<p>V\u00a0p\u00e1tek 16. kv\u011btna se v\u00a0are\u00e1lu FK Tatran Kada\u0148 konal jubilejn\u00ed 50. ro\u010dn\u00edk z\u00e1vod\u016f ve skoc\u00edch do v\u00fd\u0161ky. Po\u010das\u00ed z\u00e1vod\u016fm bohu\u017eel nep\u0159\u00e1lo, a startuj\u00edc\u00ed tak m\u011bli n\u00e1ro\u010dn\u011bj\u0161\u00ed podm\u00ednky. Na\u0161i \u0161kolu reprezentovalo dev\u011bt \u017e\u00e1k\u016f rozd\u011blen\u00fdch do t\u0159\u00ed kategori\u00ed. V\u0161ichni p\u0159edvedli v\u00fdkon na hranici sv\u00fdch mo\u017enost\u00ed, ale na medailov\u00e9 pozice se dostal pouze Tom\u00e1\u0161 Moln\u00e1r, kter\u00fd obsadil 3. [&hellip;]<\/p>\n","protected":false},"author":1,"featured_media":13515,"comment_status":"open","ping_status":"open","sticky":false,"template":"","format":"standard","meta":{"jetpack_post_was_ever_published":false,"_jetpack_newsletter_access":"","_jetpack_dont_email_post_to_subs":false,"_jetpack_newsletter_tier_id":0,"_jetpack_memberships_contains_paywalled_content":false,"_jetpack_memberships_contains_paid_content":false,"footnotes":"","jetpack_publicize_message":"","jetpack_publicize_feature_enabled":true,"jetpack_social_post_already_shared":true,"jetpack_social_options":{"image_generator_settings":{"template":"highway","default_image_id":0,"font":"","enabled":false},"version":2}},"categories":[15,4,41,48],"tags":[],"class_list":{"0":"post-13513","1":"post","2":"type-post","3":"status-publish","4":"format-standard","5":"has-post-thumbnail","7":"category-aktuality","8":"category-informace","9":"category-soutez","10":"category-sportovni-soutez","11":"czr-hentry"},"yoast_head":"<!-- This site is optimized with the Yoast SEO plugin v27.4 - https:\/\/yoast.com\/product\/yoast-seo-wordpress\/ -->\n<title>Kada\u0148sk\u00e1 la\u0165ka a jej\u00ed 50. ro\u010dn\u00edk - Z\u00e1kladn\u00ed \u0161kola Kada\u0148, ul. Chomutovsk\u00e1 1683<\/title>\n<meta name=\"robots\" content=\"index, follow, max-snippet:-1, max-image-preview:large, max-video-preview:-1\" \/>\n<link rel=\"canonical\" href=\"https:\/\/3zskadan.cz\/?p=13513\" \/>\n<meta property=\"og:locale\" content=\"cs_CZ\" \/>\n<meta property=\"og:type\" content=\"article\" \/>\n<meta property=\"og:title\" content=\"Kada\u0148sk\u00e1 la\u0165ka a jej\u00ed 50. ro\u010dn\u00edk - Z\u00e1kladn\u00ed \u0161kola Kada\u0148, ul. Chomutovsk\u00e1 1683\" \/>\n<meta property=\"og:description\" content=\"V\u00a0p\u00e1tek 16. kv\u011btna se v\u00a0are\u00e1lu FK Tatran Kada\u0148 konal jubilejn\u00ed 50. ro\u010dn\u00edk z\u00e1vod\u016f ve skoc\u00edch do v\u00fd\u0161ky. Po\u010das\u00ed z\u00e1vod\u016fm bohu\u017eel nep\u0159\u00e1lo, a startuj\u00edc\u00ed tak m\u011bli n\u00e1ro\u010dn\u011bj\u0161\u00ed podm\u00ednky. Na\u0161i \u0161kolu reprezentovalo dev\u011bt \u017e\u00e1k\u016f rozd\u011blen\u00fdch do t\u0159\u00ed kategori\u00ed. V\u0161ichni p\u0159edvedli v\u00fdkon na hranici sv\u00fdch mo\u017enost\u00ed, ale na medailov\u00e9 pozice se dostal pouze Tom\u00e1\u0161 Moln\u00e1r, kter\u00fd obsadil 3. [&hellip;]\" \/>\n<meta property=\"og:url\" content=\"https:\/\/3zskadan.cz\/?p=13513\" \/>\n<meta property=\"og:site_name\" content=\"Z\u00e1kladn\u00ed \u0161kola Kada\u0148, ul. Chomutovsk\u00e1 1683\" \/>\n<meta property=\"article:published_time\" content=\"2025-05-20T05:45:06+00:00\" \/>\n<meta property=\"article:modified_time\" content=\"2025-05-20T05:45:22+00:00\" \/>\n<meta property=\"og:image\" content=\"https:\/\/3zskadan.cz\/wp-content\/uploads\/Obrazek-WhatsApp-2025-05-19-v-10.34.32_97d2d9a1.jpg\" \/>\n\t<meta property=\"og:image:width\" content=\"2048\" \/>\n\t<meta property=\"og:image:height\" content=\"1536\" \/>\n\t<meta property=\"og:image:type\" content=\"image\/jpeg\" \/>\n<meta name=\"author\" content=\"Radek Vinick\u00fd\" \/>\n<meta name=\"twitter:card\" content=\"summary_large_image\" \/>\n<meta name=\"twitter:label1\" content=\"Napsal(a)\" \/>\n\t<meta name=\"twitter:data1\" content=\"Radek Vinick\u00fd\" \/>\n\t<meta name=\"twitter:label2\" content=\"Odhadovan\u00e1 doba \u010dten\u00ed\" \/>\n\t<meta name=\"twitter:data2\" content=\"2 minuty\" \/>\n<script type=\"application\/ld+json\" class=\"yoast-schema-graph\">{\"@context\":\"https:\\\/\\\/schema.org\",\"@graph\":[{\"@type\":\"Article\",\"@id\":\"https:\\\/\\\/3zskadan.cz\\\/?p=13513#article\",\"isPartOf\":{\"@id\":\"https:\\\/\\\/3zskadan.cz\\\/?p=13513\"},\"author\":{\"name\":\"Radek Vinick\u00fd\",\"@id\":\"https:\\\/\\\/3zskadan.cz\\\/#\\\/schema\\\/person\\\/a2724b0431f00279441bbceb4e37b1a5\"},\"headline\":\"Kada\u0148sk\u00e1 la\u0165ka a jej\u00ed 50. ro\u010dn\u00edk\",\"datePublished\":\"2025-05-20T05:45:06+00:00\",\"dateModified\":\"2025-05-20T05:45:22+00:00\",\"mainEntityOfPage\":{\"@id\":\"https:\\\/\\\/3zskadan.cz\\\/?p=13513\"},\"wordCount\":137,\"commentCount\":0,\"image\":{\"@id\":\"https:\\\/\\\/3zskadan.cz\\\/?p=13513#primaryimage\"},\"thumbnailUrl\":\"https:\\\/\\\/i0.wp.com\\\/3zskadan.cz\\\/wp-content\\\/uploads\\\/Obrazek-WhatsApp-2025-05-19-v-10.34.32_97d2d9a1.jpg?fit=2048%2C1536&ssl=1\",\"articleSection\":[\"Aktuality\",\"Informace\",\"Sout\u011b\u017e\",\"Sportovn\u00ed\"],\"inLanguage\":\"cs\",\"potentialAction\":[{\"@type\":\"CommentAction\",\"name\":\"Comment\",\"target\":[\"https:\\\/\\\/3zskadan.cz\\\/?p=13513#respond\"]}]},{\"@type\":\"WebPage\",\"@id\":\"https:\\\/\\\/3zskadan.cz\\\/?p=13513\",\"url\":\"https:\\\/\\\/3zskadan.cz\\\/?p=13513\",\"name\":\"Kada\u0148sk\u00e1 la\u0165ka a jej\u00ed 50. ro\u010dn\u00edk - Z\u00e1kladn\u00ed \u0161kola Kada\u0148, ul. Chomutovsk\u00e1 1683\",\"isPartOf\":{\"@id\":\"https:\\\/\\\/3zskadan.cz\\\/#website\"},\"primaryImageOfPage\":{\"@id\":\"https:\\\/\\\/3zskadan.cz\\\/?p=13513#primaryimage\"},\"image\":{\"@id\":\"https:\\\/\\\/3zskadan.cz\\\/?p=13513#primaryimage\"},\"thumbnailUrl\":\"https:\\\/\\\/i0.wp.com\\\/3zskadan.cz\\\/wp-content\\\/uploads\\\/Obrazek-WhatsApp-2025-05-19-v-10.34.32_97d2d9a1.jpg?fit=2048%2C1536&ssl=1\",\"datePublished\":\"2025-05-20T05:45:06+00:00\",\"dateModified\":\"2025-05-20T05:45:22+00:00\",\"author\":{\"@id\":\"https:\\\/\\\/3zskadan.cz\\\/#\\\/schema\\\/person\\\/a2724b0431f00279441bbceb4e37b1a5\"},\"breadcrumb\":{\"@id\":\"https:\\\/\\\/3zskadan.cz\\\/?p=13513#breadcrumb\"},\"inLanguage\":\"cs\",\"potentialAction\":[{\"@type\":\"ReadAction\",\"target\":[\"https:\\\/\\\/3zskadan.cz\\\/?p=13513\"]}]},{\"@type\":\"ImageObject\",\"inLanguage\":\"cs\",\"@id\":\"https:\\\/\\\/3zskadan.cz\\\/?p=13513#primaryimage\",\"url\":\"https:\\\/\\\/i0.wp.com\\\/3zskadan.cz\\\/wp-content\\\/uploads\\\/Obrazek-WhatsApp-2025-05-19-v-10.34.32_97d2d9a1.jpg?fit=2048%2C1536&ssl=1\",\"contentUrl\":\"https:\\\/\\\/i0.wp.com\\\/3zskadan.cz\\\/wp-content\\\/uploads\\\/Obrazek-WhatsApp-2025-05-19-v-10.34.32_97d2d9a1.jpg?fit=2048%2C1536&ssl=1\",\"width\":2048,\"height\":1536},{\"@type\":\"BreadcrumbList\",\"@id\":\"https:\\\/\\\/3zskadan.cz\\\/?p=13513#breadcrumb\",\"itemListElement\":[{\"@type\":\"ListItem\",\"position\":1,\"name\":\"Dom\u016f\",\"item\":\"https:\\\/\\\/3zskadan.cz\\\/\"},{\"@type\":\"ListItem\",\"position\":2,\"name\":\"Kada\u0148sk\u00e1 la\u0165ka a jej\u00ed 50. ro\u010dn\u00edk\"}]},{\"@type\":\"WebSite\",\"@id\":\"https:\\\/\\\/3zskadan.cz\\\/#website\",\"url\":\"https:\\\/\\\/3zskadan.cz\\\/\",\"name\":\"Z\u00e1kladn\u00ed \u0161kola Kada\u0148, ul. Chomutovsk\u00e1 1683\",\"description\":\"\",\"potentialAction\":[{\"@type\":\"SearchAction\",\"target\":{\"@type\":\"EntryPoint\",\"urlTemplate\":\"https:\\\/\\\/3zskadan.cz\\\/?s={search_term_string}\"},\"query-input\":{\"@type\":\"PropertyValueSpecification\",\"valueRequired\":true,\"valueName\":\"search_term_string\"}}],\"inLanguage\":\"cs\"},{\"@type\":\"Person\",\"@id\":\"https:\\\/\\\/3zskadan.cz\\\/#\\\/schema\\\/person\\\/a2724b0431f00279441bbceb4e37b1a5\",\"name\":\"Radek Vinick\u00fd\",\"image\":{\"@type\":\"ImageObject\",\"inLanguage\":\"cs\",\"@id\":\"https:\\\/\\\/secure.gravatar.com\\\/avatar\\\/eda0a90e46343fd9908cdf92cc69b075f7f5b586cf33b05c8dd68cb1209f00d6?s=96&d=wavatar&r=g\",\"url\":\"https:\\\/\\\/secure.gravatar.com\\\/avatar\\\/eda0a90e46343fd9908cdf92cc69b075f7f5b586cf33b05c8dd68cb1209f00d6?s=96&d=wavatar&r=g\",\"contentUrl\":\"https:\\\/\\\/secure.gravatar.com\\\/avatar\\\/eda0a90e46343fd9908cdf92cc69b075f7f5b586cf33b05c8dd68cb1209f00d6?s=96&d=wavatar&r=g\",\"caption\":\"Radek Vinick\u00fd\"},\"url\":\"https:\\\/\\\/3zskadan.cz\\\/?author=1\"}]}<\/script>\n<!-- \/ Yoast SEO plugin. -->","yoast_head_json":{"title":"Kada\u0148sk\u00e1 la\u0165ka a jej\u00ed 50. ro\u010dn\u00edk - Z\u00e1kladn\u00ed \u0161kola Kada\u0148, ul. Chomutovsk\u00e1 1683","robots":{"index":"index","follow":"follow","max-snippet":"max-snippet:-1","max-image-preview":"max-image-preview:large","max-video-preview":"max-video-preview:-1"},"canonical":"https:\/\/3zskadan.cz\/?p=13513","og_locale":"cs_CZ","og_type":"article","og_title":"Kada\u0148sk\u00e1 la\u0165ka a jej\u00ed 50. ro\u010dn\u00edk - Z\u00e1kladn\u00ed \u0161kola Kada\u0148, ul. Chomutovsk\u00e1 1683","og_description":"V\u00a0p\u00e1tek 16. kv\u011btna se v\u00a0are\u00e1lu FK Tatran Kada\u0148 konal jubilejn\u00ed 50. ro\u010dn\u00edk z\u00e1vod\u016f ve skoc\u00edch do v\u00fd\u0161ky. Po\u010das\u00ed z\u00e1vod\u016fm bohu\u017eel nep\u0159\u00e1lo, a startuj\u00edc\u00ed tak m\u011bli n\u00e1ro\u010dn\u011bj\u0161\u00ed podm\u00ednky. Na\u0161i \u0161kolu reprezentovalo dev\u011bt \u017e\u00e1k\u016f rozd\u011blen\u00fdch do t\u0159\u00ed kategori\u00ed. V\u0161ichni p\u0159edvedli v\u00fdkon na hranici sv\u00fdch mo\u017enost\u00ed, ale na medailov\u00e9 pozice se dostal pouze Tom\u00e1\u0161 Moln\u00e1r, kter\u00fd obsadil 3. [&hellip;]","og_url":"https:\/\/3zskadan.cz\/?p=13513","og_site_name":"Z\u00e1kladn\u00ed \u0161kola Kada\u0148, ul. Chomutovsk\u00e1 1683","article_published_time":"2025-05-20T05:45:06+00:00","article_modified_time":"2025-05-20T05:45:22+00:00","og_image":[{"width":2048,"height":1536,"url":"https:\/\/3zskadan.cz\/wp-content\/uploads\/Obrazek-WhatsApp-2025-05-19-v-10.34.32_97d2d9a1.jpg","type":"image\/jpeg"}],"author":"Radek Vinick\u00fd","twitter_card":"summary_large_image","twitter_misc":{"Napsal(a)":"Radek Vinick\u00fd","Odhadovan\u00e1 doba \u010dten\u00ed":"2 minuty"},"schema":{"@context":"https:\/\/schema.org","@graph":[{"@type":"Article","@id":"https:\/\/3zskadan.cz\/?p=13513#article","isPartOf":{"@id":"https:\/\/3zskadan.cz\/?p=13513"},"author":{"name":"Radek Vinick\u00fd","@id":"https:\/\/3zskadan.cz\/#\/schema\/person\/a2724b0431f00279441bbceb4e37b1a5"},"headline":"Kada\u0148sk\u00e1 la\u0165ka a jej\u00ed 50. ro\u010dn\u00edk","datePublished":"2025-05-20T05:45:06+00:00","dateModified":"2025-05-20T05:45:22+00:00","mainEntityOfPage":{"@id":"https:\/\/3zskadan.cz\/?p=13513"},"wordCount":137,"commentCount":0,"image":{"@id":"https:\/\/3zskadan.cz\/?p=13513#primaryimage"},"thumbnailUrl":"https:\/\/i0.wp.com\/3zskadan.cz\/wp-content\/uploads\/Obrazek-WhatsApp-2025-05-19-v-10.34.32_97d2d9a1.jpg?fit=2048%2C1536&ssl=1","articleSection":["Aktuality","Informace","Sout\u011b\u017e","Sportovn\u00ed"],"inLanguage":"cs","potentialAction":[{"@type":"CommentAction","name":"Comment","target":["https:\/\/3zskadan.cz\/?p=13513#respond"]}]},{"@type":"WebPage","@id":"https:\/\/3zskadan.cz\/?p=13513","url":"https:\/\/3zskadan.cz\/?p=13513","name":"Kada\u0148sk\u00e1 la\u0165ka a jej\u00ed 50. ro\u010dn\u00edk - Z\u00e1kladn\u00ed \u0161kola Kada\u0148, ul. Chomutovsk\u00e1 1683","isPartOf":{"@id":"https:\/\/3zskadan.cz\/#website"},"primaryImageOfPage":{"@id":"https:\/\/3zskadan.cz\/?p=13513#primaryimage"},"image":{"@id":"https:\/\/3zskadan.cz\/?p=13513#primaryimage"},"thumbnailUrl":"https:\/\/i0.wp.com\/3zskadan.cz\/wp-content\/uploads\/Obrazek-WhatsApp-2025-05-19-v-10.34.32_97d2d9a1.jpg?fit=2048%2C1536&ssl=1","datePublished":"2025-05-20T05:45:06+00:00","dateModified":"2025-05-20T05:45:22+00:00","author":{"@id":"https:\/\/3zskadan.cz\/#\/schema\/person\/a2724b0431f00279441bbceb4e37b1a5"},"breadcrumb":{"@id":"https:\/\/3zskadan.cz\/?p=13513#breadcrumb"},"inLanguage":"cs","potentialAction":[{"@type":"ReadAction","target":["https:\/\/3zskadan.cz\/?p=13513"]}]},{"@type":"ImageObject","inLanguage":"cs","@id":"https:\/\/3zskadan.cz\/?p=13513#primaryimage","url":"https:\/\/i0.wp.com\/3zskadan.cz\/wp-content\/uploads\/Obrazek-WhatsApp-2025-05-19-v-10.34.32_97d2d9a1.jpg?fit=2048%2C1536&ssl=1","contentUrl":"https:\/\/i0.wp.com\/3zskadan.cz\/wp-content\/uploads\/Obrazek-WhatsApp-2025-05-19-v-10.34.32_97d2d9a1.jpg?fit=2048%2C1536&ssl=1","width":2048,"height":1536},{"@type":"BreadcrumbList","@id":"https:\/\/3zskadan.cz\/?p=13513#breadcrumb","itemListElement":[{"@type":"ListItem","position":1,"name":"Dom\u016f","item":"https:\/\/3zskadan.cz\/"},{"@type":"ListItem","position":2,"name":"Kada\u0148sk\u00e1 la\u0165ka a jej\u00ed 50. ro\u010dn\u00edk"}]},{"@type":"WebSite","@id":"https:\/\/3zskadan.cz\/#website","url":"https:\/\/3zskadan.cz\/","name":"Z\u00e1kladn\u00ed \u0161kola Kada\u0148, ul. Chomutovsk\u00e1 1683","description":"","potentialAction":[{"@type":"SearchAction","target":{"@type":"EntryPoint","urlTemplate":"https:\/\/3zskadan.cz\/?s={search_term_string}"},"query-input":{"@type":"PropertyValueSpecification","valueRequired":true,"valueName":"search_term_string"}}],"inLanguage":"cs"},{"@type":"Person","@id":"https:\/\/3zskadan.cz\/#\/schema\/person\/a2724b0431f00279441bbceb4e37b1a5","name":"Radek Vinick\u00fd","image":{"@type":"ImageObject","inLanguage":"cs","@id":"https:\/\/secure.gravatar.com\/avatar\/eda0a90e46343fd9908cdf92cc69b075f7f5b586cf33b05c8dd68cb1209f00d6?s=96&d=wavatar&r=g","url":"https:\/\/secure.gravatar.com\/avatar\/eda0a90e46343fd9908cdf92cc69b075f7f5b586cf33b05c8dd68cb1209f00d6?s=96&d=wavatar&r=g","contentUrl":"https:\/\/secure.gravatar.com\/avatar\/eda0a90e46343fd9908cdf92cc69b075f7f5b586cf33b05c8dd68cb1209f00d6?s=96&d=wavatar&r=g","caption":"Radek Vinick\u00fd"},"url":"https:\/\/3zskadan.cz\/?author=1"}]}},"jetpack_publicize_connections":[],"jetpack_featured_media_url":"https:\/\/i0.wp.com\/3zskadan.cz\/wp-content\/uploads\/Obrazek-WhatsApp-2025-05-19-v-10.34.32_97d2d9a1.jpg?fit=2048%2C1536&ssl=1","jetpack_sharing_enabled":true,"jetpack_shortlink":"https:\/\/wp.me\/p7YYLP-3vX","_links":{"self":[{"href":"https:\/\/3zskadan.cz\/index.php?rest_route=\/wp\/v2\/posts\/13513","targetHints":{"allow":["GET"]}}],"collection":[{"href":"https:\/\/3zskadan.cz\/index.php?rest_route=\/wp\/v2\/posts"}],"about":[{"href":"https:\/\/3zskadan.cz\/index.php?rest_route=\/wp\/v2\/types\/post"}],"author":[{"embeddable":true,"href":"https:\/\/3zskadan.cz\/index.php?rest_route=\/wp\/v2\/users\/1"}],"replies":[{"embeddable":true,"href":"https:\/\/3zskadan.cz\/index.php?rest_route=%2Fwp%2Fv2%2Fcomments&post=13513"}],"version-history":[{"count":2,"href":"https:\/\/3zskadan.cz\/index.php?rest_route=\/wp\/v2\/posts\/13513\/revisions"}],"predecessor-version":[{"id":13525,"href":"https:\/\/3zskadan.cz\/index.php?rest_route=\/wp\/v2\/posts\/13513\/revisions\/13525"}],"wp:featuredmedia":[{"embeddable":true,"href":"https:\/\/3zskadan.cz\/index.php?rest_route=\/wp\/v2\/media\/13515"}],"wp:attachment":[{"href":"https:\/\/3zskadan.cz\/index.php?rest_route=%2Fwp%2Fv2%2Fmedia&parent=13513"}],"wp:term":[{"taxonomy":"category","embeddable":true,"href":"https:\/\/3zskadan.cz\/index.php?rest_route=%2Fwp%2Fv2%2Fcategories&post=13513"},{"taxonomy":"post_tag","embeddable":true,"href":"https:\/\/3zskadan.cz\/index.php?rest_route=%2Fwp%2Fv2%2Ftags&post=13513"}],"curies":[{"name":"wp","href":"https:\/\/api.w.org\/{rel}","templated":true}]}}