{"id":13665,"date":"2025-06-13T14:20:41","date_gmt":"2025-06-13T12:20:41","guid":{"rendered":"https:\/\/3zskadan.cz\/?p=13665"},"modified":"2025-06-13T14:20:42","modified_gmt":"2025-06-13T12:20:42","slug":"uspechy-nasich-zaku-na-preboru-atletiky-mesta-kadane","status":"publish","type":"post","link":"https:\/\/3zskadan.cz\/?p=13665","title":{"rendered":"\u00dasp\u011bchy na\u0161ich \u017e\u00e1k\u016f na p\u0159eboru atletiky m\u011bsta Kadan\u011b"},"content":{"rendered":"<p>Ve st\u0159edu 12. \u010dervna se na atletick\u00e9m stadionu v are\u00e1lu FK Tatran Kada\u0148 konal ka\u017edoro\u010dn\u00ed <strong>P\u0159ebor v atletice m\u011bsta Kadan\u011b<\/strong> a na\u0161e \u0161kola, Z\u0160 Chomutovsk\u00e1 Kada\u0148, se zde rozhodn\u011b neztratila! Na\u0161i \u017e\u00e1ci dos\u00e1hli skv\u011bl\u00fdch v\u00fdsledk\u016f a p\u0159ivezli celou \u0159adu medail\u00ed. Gratulujeme v\u0161em reprezentant\u016fm a d\u011bkujeme za vzornou reprezentaci \u0161koly.<\/p>\n<h3><strong>I. stupe\u0148 \u2013 mlad\u0161\u00ed \u017e\u00e1ci a \u017e\u00e1kyn\u011b<\/strong><\/h3>\n<p>Nejv\u00edce zaz\u00e1\u0159il <strong>Luk\u00e1\u0161 Kendera<\/strong>, kter\u00fd ovl\u00e1dl hned t\u0159i discipl\u00edny \u2013 <strong>1. m\u00edsto v b\u011bhu na 50 m<\/strong>, <strong>1. m\u00edsto v b\u011bhu na 300 m<\/strong>, <strong>1. m\u00edsto ve skoku do d\u00e1lky<\/strong> a nav\u00edc p\u0159idal <strong>2. m\u00edsto v hodu m\u00ed\u010dkem<\/strong>. Skv\u011ble si vedl i jeho bratr <strong>Patrick Kendera<\/strong>, kter\u00fd ve stejn\u00fdch discipl\u00edn\u00e1ch vybojoval v\u017edy <strong>2. m\u00edsto<\/strong>.<\/p>\n<p>\u00dasp\u011bchy slavily i na\u0161e d\u00edvky. <strong>Magdal\u00e9na Muchnov\u00e1<\/strong> z\u00edskala <strong>2. m\u00edsto v b\u011bhu na 50 m<\/strong> a <strong>3. m\u00edsto v hodu m\u00ed\u010dkem<\/strong>, <strong>Ad\u00e9la Sch\u00f6nauerov\u00e1<\/strong> si odnesla <strong>2. m\u00edsto v b\u011bhu na 300 m<\/strong> a <strong>3. m\u00edsto ve skoku do d\u00e1lky<\/strong>.<\/p>\n<p>Dal\u0161\u00ed cenn\u00e9 medaile vybojovali:<\/p>\n<ul>\n<li><strong>Samir Cherni<\/strong> \u2013 2. m\u00edsto v b\u011bhu na 300 m<\/li>\n<li><strong>Vojt\u011bch Klou\u010dek<\/strong> \u2013 3. m\u00edsto v b\u011bhu na 300 m<\/li>\n<li><strong>Ji\u0159ina Hod\u00edkov\u00e1<\/strong> \u2013 2. m\u00edsto v hodu m\u00ed\u010dkem<\/li>\n<\/ul>\n<p>D\u00e1le na\u0161i \u0161kolu skv\u011ble reprezentovali: <strong>Mark\u00e9ta Smolkov\u00e1, George Maxinoae, Eva Dvo\u0159\u00e1kov\u00e1, Mykhailo Shten<\/strong> a <strong>Ladislav Bake\u0161<\/strong>.<\/p>\n<h3><strong>II. stupe\u0148 \u2013 star\u0161\u00ed \u017e\u00e1ci a \u017e\u00e1kyn\u011b<\/strong><\/h3>\n<p>I mezi star\u0161\u00edmi \u017e\u00e1ky jsme slavili velk\u00e9 \u00fasp\u011bchy. <strong>Laura Zimmermannov\u00e1<\/strong> si odvezla hned <strong>\u010dty\u0159i medaile<\/strong>: <strong>1. m\u00edsto ve skoku do d\u00e1lky<\/strong>, <strong>1. m\u00edsto ve vrhu koul\u00ed<\/strong>, <strong>3. m\u00edsto v b\u011bhu na 800 m<\/strong> a <strong>3. m\u00edsto v b\u011bhu na 60 m<\/strong>.<\/p>\n<p>V\u00fdborn\u00e9 v\u00fdkony podali i dal\u0161\u00ed \u017e\u00e1ci:<\/p>\n<ul>\n<li><strong>Tom\u00e1\u0161 Moln\u00e1r<\/strong> \u2013 1. m\u00edsto v hodu kriketov\u00fdm m\u00ed\u010dkem, 3. m\u00edsto v b\u011bhu na 800 m<\/li>\n<li><strong>Dominik Walecki<\/strong> \u2013 2. m\u00edsto v b\u011bhu na 60 m, 3. m\u00edsto ve skoku do d\u00e1lky<\/li>\n<li><strong>Adam Ku\u010dera<\/strong> \u2013 2. m\u00edsto ve skoku do d\u00e1lky, 3. m\u00edsto v b\u011bhu na 60 m<\/li>\n<li><strong>Nela Drdov\u00e1<\/strong> \u2013 2. m\u00edsto ve skoku do d\u00e1lky<\/li>\n<li><strong>Vanessa Bake\u0161ov\u00e1<\/strong> \u2013 3. m\u00edsto ve skoku do d\u00e1lky, 3. m\u00edsto v b\u011bhu na 800 m<\/li>\n<li><strong>Dominik Kadl\u010d\u00edk<\/strong> \u2013 3. m\u00edsto v b\u011bhu na 800 m<\/li>\n<li><strong>Dominik Bare\u0161<\/strong> \u2013 3. m\u00edsto ve skoku do d\u00e1lky<\/li>\n<\/ul>\n<p>Ocen\u011bn\u00ed si zaslou\u017e\u00ed i ostatn\u00ed \u00fa\u010dastn\u00edci: <strong>Tereza Mi\u0161alkov\u00e1, Kate\u0159ina Foldov\u00e1, Maty\u00e1\u0161 Stan\u011bk, Vojta Michal, Jolana Ku\u010derov\u00e1, Sa\u0161a Horvat, Maty\u00e1\u0161 Anton, Jakub Chalupsk\u00fd<\/strong> a <strong>Marian Ghinea<\/strong>, kte\u0159\u00ed se state\u010dn\u011b pustili do z\u00e1vod\u016f a podali bojovn\u00e9 v\u00fdkony.<\/p>\n<h3><strong>Pod\u011bkov\u00e1n\u00ed<\/strong><\/h3>\n<p>Velk\u00e9 d\u00edky pat\u0159\u00ed tak\u00e9 <strong>Veronice Novotn\u00e9 z 9. t\u0159\u00eddy<\/strong>, kter\u00e1 pom\u00e1hala s organizac\u00ed a podporou mlad\u0161\u00edch spolu\u017e\u00e1k\u016f.<\/p>\n<p>Gratulujeme v\u0161em na\u0161im atlet\u016fm a t\u011b\u0161\u00edme se na dal\u0161\u00ed sportovn\u00ed v\u00fdzvy, ve kter\u00fdch budou reprezentovat Z\u0160 Chomutovsk\u00e1 stejn\u011b skv\u011ble jako nyn\u00ed! &#x1f4aa;&#x1f947;&#x1f948;&#x1f949;<\/p>\n\n\n<figure class=\"wp-block-gallery has-nested-images columns-default is-cropped wp-block-gallery-1 is-layout-flex wp-block-gallery-is-layout-flex\">\n<figure class=\"wp-block-image size-large\"><img data-recalc-dims=\"1\" fetchpriority=\"high\" decoding=\"async\" width=\"1024\" height=\"768\" data-attachment-id=\"13664\" data-permalink=\"https:\/\/3zskadan.cz\/?attachment_id=13664\" data-orig-file=\"https:\/\/i0.wp.com\/3zskadan.cz\/wp-content\/uploads\/IMG-20250613-WA0001.jpg?fit=2048%2C1536&amp;ssl=1\" data-orig-size=\"2048,1536\" data-comments-opened=\"1\" data-image-meta=\"{&quot;aperture&quot;:&quot;0&quot;,&quot;credit&quot;:&quot;&quot;,&quot;camera&quot;:&quot;&quot;,&quot;caption&quot;:&quot;&quot;,&quot;created_timestamp&quot;:&quot;0&quot;,&quot;copyright&quot;:&quot;&quot;,&quot;focal_length&quot;:&quot;0&quot;,&quot;iso&quot;:&quot;0&quot;,&quot;shutter_speed&quot;:&quot;0&quot;,&quot;title&quot;:&quot;&quot;,&quot;orientation&quot;:&quot;0&quot;}\" data-image-title=\"atletika\" data-image-description=\"\" data-image-caption=\"\" data-large-file=\"https:\/\/i0.wp.com\/3zskadan.cz\/wp-content\/uploads\/IMG-20250613-WA0001.jpg?fit=1024%2C768&amp;ssl=1\" data-id=\"13664\" src=\"https:\/\/i0.wp.com\/3zskadan.cz\/wp-content\/uploads\/IMG-20250613-WA0001.jpg?resize=1024%2C768&#038;ssl=1\" alt=\"\" class=\"wp-image-13664\" srcset=\"https:\/\/i0.wp.com\/3zskadan.cz\/wp-content\/uploads\/IMG-20250613-WA0001.jpg?resize=1024%2C768&amp;ssl=1 1024w, https:\/\/i0.wp.com\/3zskadan.cz\/wp-content\/uploads\/IMG-20250613-WA0001.jpg?resize=300%2C225&amp;ssl=1 300w, https:\/\/i0.wp.com\/3zskadan.cz\/wp-content\/uploads\/IMG-20250613-WA0001.jpg?resize=768%2C576&amp;ssl=1 768w, https:\/\/i0.wp.com\/3zskadan.cz\/wp-content\/uploads\/IMG-20250613-WA0001.jpg?resize=1536%2C1152&amp;ssl=1 1536w, https:\/\/i0.wp.com\/3zskadan.cz\/wp-content\/uploads\/IMG-20250613-WA0001.jpg?w=2048&amp;ssl=1 2048w\" sizes=\"(max-width: 1024px) 100vw, 1024px\" \/><\/figure>\n\n\n\n<figure class=\"wp-block-image size-large\"><img data-recalc-dims=\"1\" decoding=\"async\" width=\"1024\" height=\"473\" data-attachment-id=\"13663\" data-permalink=\"https:\/\/3zskadan.cz\/?attachment_id=13663\" data-orig-file=\"https:\/\/i0.wp.com\/3zskadan.cz\/wp-content\/uploads\/IMG-20250612-WA0067-scaled.jpg?fit=2560%2C1183&amp;ssl=1\" data-orig-size=\"2560,1183\" data-comments-opened=\"1\" data-image-meta=\"{&quot;aperture&quot;:&quot;0&quot;,&quot;credit&quot;:&quot;&quot;,&quot;camera&quot;:&quot;&quot;,&quot;caption&quot;:&quot;&quot;,&quot;created_timestamp&quot;:&quot;0&quot;,&quot;copyright&quot;:&quot;&quot;,&quot;focal_length&quot;:&quot;0&quot;,&quot;iso&quot;:&quot;0&quot;,&quot;shutter_speed&quot;:&quot;0&quot;,&quot;title&quot;:&quot;&quot;,&quot;orientation&quot;:&quot;0&quot;}\" data-image-title=\"atletika\" data-image-description=\"\" data-image-caption=\"\" data-large-file=\"https:\/\/i0.wp.com\/3zskadan.cz\/wp-content\/uploads\/IMG-20250612-WA0067-scaled.jpg?fit=1024%2C473&amp;ssl=1\" data-id=\"13663\" src=\"https:\/\/i0.wp.com\/3zskadan.cz\/wp-content\/uploads\/IMG-20250612-WA0067.jpg?resize=1024%2C473&#038;ssl=1\" alt=\"\" class=\"wp-image-13663\" srcset=\"https:\/\/i0.wp.com\/3zskadan.cz\/wp-content\/uploads\/IMG-20250612-WA0067-scaled.jpg?resize=1024%2C473&amp;ssl=1 1024w, https:\/\/i0.wp.com\/3zskadan.cz\/wp-content\/uploads\/IMG-20250612-WA0067-scaled.jpg?resize=300%2C139&amp;ssl=1 300w, https:\/\/i0.wp.com\/3zskadan.cz\/wp-content\/uploads\/IMG-20250612-WA0067-scaled.jpg?resize=768%2C355&amp;ssl=1 768w, https:\/\/i0.wp.com\/3zskadan.cz\/wp-content\/uploads\/IMG-20250612-WA0067-scaled.jpg?resize=1536%2C710&amp;ssl=1 1536w, https:\/\/i0.wp.com\/3zskadan.cz\/wp-content\/uploads\/IMG-20250612-WA0067-scaled.jpg?resize=2048%2C946&amp;ssl=1 2048w, https:\/\/i0.wp.com\/3zskadan.cz\/wp-content\/uploads\/IMG-20250612-WA0067-scaled.jpg?w=2340&amp;ssl=1 2340w\" sizes=\"(max-width: 1024px) 100vw, 1024px\" \/><\/figure>\n<\/figure>\n","protected":false},"excerpt":{"rendered":"<p>Ve st\u0159edu 12. \u010dervna se na atletick\u00e9m stadionu v are\u00e1lu FK Tatran Kada\u0148 konal ka\u017edoro\u010dn\u00ed P\u0159ebor v atletice m\u011bsta Kadan\u011b a na\u0161e \u0161kola, Z\u0160 Chomutovsk\u00e1 Kada\u0148, se zde rozhodn\u011b neztratila! Na\u0161i \u017e\u00e1ci dos\u00e1hli skv\u011bl\u00fdch v\u00fdsledk\u016f a p\u0159ivezli celou \u0159adu medail\u00ed. Gratulujeme v\u0161em reprezentant\u016fm a d\u011bkujeme za vzornou reprezentaci \u0161koly. I. stupe\u0148 \u2013 mlad\u0161\u00ed \u017e\u00e1ci a [&hellip;]<\/p>\n","protected":false},"author":1,"featured_media":13663,"comment_status":"open","ping_status":"open","sticky":false,"template":"","format":"standard","meta":{"jetpack_post_was_ever_published":false,"_jetpack_newsletter_access":"","_jetpack_dont_email_post_to_subs":false,"_jetpack_newsletter_tier_id":0,"_jetpack_memberships_contains_paywalled_content":false,"_jetpack_memberships_contains_paid_content":false,"footnotes":"","jetpack_publicize_message":"","jetpack_publicize_feature_enabled":true,"jetpack_social_post_already_shared":true,"jetpack_social_options":{"image_generator_settings":{"template":"highway","default_image_id":0,"font":"","enabled":false},"version":2}},"categories":[15,4],"tags":[],"class_list":{"0":"post-13665","1":"post","2":"type-post","3":"status-publish","4":"format-standard","5":"has-post-thumbnail","7":"category-aktuality","8":"category-informace","9":"czr-hentry"},"yoast_head":"<!-- This site is optimized with the Yoast SEO plugin v27.4 - https:\/\/yoast.com\/product\/yoast-seo-wordpress\/ -->\n<title>\u00dasp\u011bchy na\u0161ich \u017e\u00e1k\u016f na p\u0159eboru atletiky m\u011bsta Kadan\u011b - Z\u00e1kladn\u00ed \u0161kola Kada\u0148, ul. Chomutovsk\u00e1 1683<\/title>\n<meta name=\"robots\" content=\"index, follow, max-snippet:-1, max-image-preview:large, max-video-preview:-1\" \/>\n<link rel=\"canonical\" href=\"https:\/\/3zskadan.cz\/?p=13665\" \/>\n<meta property=\"og:locale\" content=\"cs_CZ\" \/>\n<meta property=\"og:type\" content=\"article\" \/>\n<meta property=\"og:title\" content=\"\u00dasp\u011bchy na\u0161ich \u017e\u00e1k\u016f na p\u0159eboru atletiky m\u011bsta Kadan\u011b - Z\u00e1kladn\u00ed \u0161kola Kada\u0148, ul. Chomutovsk\u00e1 1683\" \/>\n<meta property=\"og:description\" content=\"Ve st\u0159edu 12. \u010dervna se na atletick\u00e9m stadionu v are\u00e1lu FK Tatran Kada\u0148 konal ka\u017edoro\u010dn\u00ed P\u0159ebor v atletice m\u011bsta Kadan\u011b a na\u0161e \u0161kola, Z\u0160 Chomutovsk\u00e1 Kada\u0148, se zde rozhodn\u011b neztratila! Na\u0161i \u017e\u00e1ci dos\u00e1hli skv\u011bl\u00fdch v\u00fdsledk\u016f a p\u0159ivezli celou \u0159adu medail\u00ed. Gratulujeme v\u0161em reprezentant\u016fm a d\u011bkujeme za vzornou reprezentaci \u0161koly. I. stupe\u0148 \u2013 mlad\u0161\u00ed \u017e\u00e1ci a [&hellip;]\" \/>\n<meta property=\"og:url\" content=\"https:\/\/3zskadan.cz\/?p=13665\" \/>\n<meta property=\"og:site_name\" content=\"Z\u00e1kladn\u00ed \u0161kola Kada\u0148, ul. Chomutovsk\u00e1 1683\" \/>\n<meta property=\"article:published_time\" content=\"2025-06-13T12:20:41+00:00\" \/>\n<meta property=\"article:modified_time\" content=\"2025-06-13T12:20:42+00:00\" \/>\n<meta property=\"og:image\" content=\"https:\/\/3zskadan.cz\/wp-content\/uploads\/IMG-20250612-WA0067-scaled.jpg\" \/>\n\t<meta property=\"og:image:width\" content=\"2560\" \/>\n\t<meta property=\"og:image:height\" content=\"1183\" \/>\n\t<meta property=\"og:image:type\" content=\"image\/jpeg\" \/>\n<meta name=\"author\" content=\"Radek Vinick\u00fd\" \/>\n<meta name=\"twitter:card\" content=\"summary_large_image\" \/>\n<meta name=\"twitter:label1\" content=\"Napsal(a)\" \/>\n\t<meta name=\"twitter:data1\" content=\"Radek Vinick\u00fd\" \/>\n\t<meta name=\"twitter:label2\" content=\"Odhadovan\u00e1 doba \u010dten\u00ed\" \/>\n\t<meta name=\"twitter:data2\" content=\"3 minuty\" \/>\n<script type=\"application\/ld+json\" class=\"yoast-schema-graph\">{\"@context\":\"https:\\\/\\\/schema.org\",\"@graph\":[{\"@type\":\"Article\",\"@id\":\"https:\\\/\\\/3zskadan.cz\\\/?p=13665#article\",\"isPartOf\":{\"@id\":\"https:\\\/\\\/3zskadan.cz\\\/?p=13665\"},\"author\":{\"name\":\"Radek Vinick\u00fd\",\"@id\":\"https:\\\/\\\/3zskadan.cz\\\/#\\\/schema\\\/person\\\/a2724b0431f00279441bbceb4e37b1a5\"},\"headline\":\"\u00dasp\u011bchy na\u0161ich \u017e\u00e1k\u016f na p\u0159eboru atletiky m\u011bsta Kadan\u011b\",\"datePublished\":\"2025-06-13T12:20:41+00:00\",\"dateModified\":\"2025-06-13T12:20:42+00:00\",\"mainEntityOfPage\":{\"@id\":\"https:\\\/\\\/3zskadan.cz\\\/?p=13665\"},\"wordCount\":514,\"commentCount\":0,\"image\":{\"@id\":\"https:\\\/\\\/3zskadan.cz\\\/?p=13665#primaryimage\"},\"thumbnailUrl\":\"https:\\\/\\\/i0.wp.com\\\/3zskadan.cz\\\/wp-content\\\/uploads\\\/IMG-20250612-WA0067-scaled.jpg?fit=2560%2C1183&ssl=1\",\"articleSection\":[\"Aktuality\",\"Informace\"],\"inLanguage\":\"cs\",\"potentialAction\":[{\"@type\":\"CommentAction\",\"name\":\"Comment\",\"target\":[\"https:\\\/\\\/3zskadan.cz\\\/?p=13665#respond\"]}]},{\"@type\":\"WebPage\",\"@id\":\"https:\\\/\\\/3zskadan.cz\\\/?p=13665\",\"url\":\"https:\\\/\\\/3zskadan.cz\\\/?p=13665\",\"name\":\"\u00dasp\u011bchy na\u0161ich \u017e\u00e1k\u016f na p\u0159eboru atletiky m\u011bsta Kadan\u011b - Z\u00e1kladn\u00ed \u0161kola Kada\u0148, ul. Chomutovsk\u00e1 1683\",\"isPartOf\":{\"@id\":\"https:\\\/\\\/3zskadan.cz\\\/#website\"},\"primaryImageOfPage\":{\"@id\":\"https:\\\/\\\/3zskadan.cz\\\/?p=13665#primaryimage\"},\"image\":{\"@id\":\"https:\\\/\\\/3zskadan.cz\\\/?p=13665#primaryimage\"},\"thumbnailUrl\":\"https:\\\/\\\/i0.wp.com\\\/3zskadan.cz\\\/wp-content\\\/uploads\\\/IMG-20250612-WA0067-scaled.jpg?fit=2560%2C1183&ssl=1\",\"datePublished\":\"2025-06-13T12:20:41+00:00\",\"dateModified\":\"2025-06-13T12:20:42+00:00\",\"author\":{\"@id\":\"https:\\\/\\\/3zskadan.cz\\\/#\\\/schema\\\/person\\\/a2724b0431f00279441bbceb4e37b1a5\"},\"breadcrumb\":{\"@id\":\"https:\\\/\\\/3zskadan.cz\\\/?p=13665#breadcrumb\"},\"inLanguage\":\"cs\",\"potentialAction\":[{\"@type\":\"ReadAction\",\"target\":[\"https:\\\/\\\/3zskadan.cz\\\/?p=13665\"]}]},{\"@type\":\"ImageObject\",\"inLanguage\":\"cs\",\"@id\":\"https:\\\/\\\/3zskadan.cz\\\/?p=13665#primaryimage\",\"url\":\"https:\\\/\\\/i0.wp.com\\\/3zskadan.cz\\\/wp-content\\\/uploads\\\/IMG-20250612-WA0067-scaled.jpg?fit=2560%2C1183&ssl=1\",\"contentUrl\":\"https:\\\/\\\/i0.wp.com\\\/3zskadan.cz\\\/wp-content\\\/uploads\\\/IMG-20250612-WA0067-scaled.jpg?fit=2560%2C1183&ssl=1\",\"width\":2560,\"height\":1183},{\"@type\":\"BreadcrumbList\",\"@id\":\"https:\\\/\\\/3zskadan.cz\\\/?p=13665#breadcrumb\",\"itemListElement\":[{\"@type\":\"ListItem\",\"position\":1,\"name\":\"Dom\u016f\",\"item\":\"https:\\\/\\\/3zskadan.cz\\\/\"},{\"@type\":\"ListItem\",\"position\":2,\"name\":\"\u00dasp\u011bchy na\u0161ich \u017e\u00e1k\u016f na p\u0159eboru atletiky m\u011bsta Kadan\u011b\"}]},{\"@type\":\"WebSite\",\"@id\":\"https:\\\/\\\/3zskadan.cz\\\/#website\",\"url\":\"https:\\\/\\\/3zskadan.cz\\\/\",\"name\":\"Z\u00e1kladn\u00ed \u0161kola Kada\u0148, ul. Chomutovsk\u00e1 1683\",\"description\":\"\",\"potentialAction\":[{\"@type\":\"SearchAction\",\"target\":{\"@type\":\"EntryPoint\",\"urlTemplate\":\"https:\\\/\\\/3zskadan.cz\\\/?s={search_term_string}\"},\"query-input\":{\"@type\":\"PropertyValueSpecification\",\"valueRequired\":true,\"valueName\":\"search_term_string\"}}],\"inLanguage\":\"cs\"},{\"@type\":\"Person\",\"@id\":\"https:\\\/\\\/3zskadan.cz\\\/#\\\/schema\\\/person\\\/a2724b0431f00279441bbceb4e37b1a5\",\"name\":\"Radek Vinick\u00fd\",\"image\":{\"@type\":\"ImageObject\",\"inLanguage\":\"cs\",\"@id\":\"https:\\\/\\\/secure.gravatar.com\\\/avatar\\\/eda0a90e46343fd9908cdf92cc69b075f7f5b586cf33b05c8dd68cb1209f00d6?s=96&d=wavatar&r=g\",\"url\":\"https:\\\/\\\/secure.gravatar.com\\\/avatar\\\/eda0a90e46343fd9908cdf92cc69b075f7f5b586cf33b05c8dd68cb1209f00d6?s=96&d=wavatar&r=g\",\"contentUrl\":\"https:\\\/\\\/secure.gravatar.com\\\/avatar\\\/eda0a90e46343fd9908cdf92cc69b075f7f5b586cf33b05c8dd68cb1209f00d6?s=96&d=wavatar&r=g\",\"caption\":\"Radek Vinick\u00fd\"},\"url\":\"https:\\\/\\\/3zskadan.cz\\\/?author=1\"}]}<\/script>\n<!-- \/ Yoast SEO plugin. -->","yoast_head_json":{"title":"\u00dasp\u011bchy na\u0161ich \u017e\u00e1k\u016f na p\u0159eboru atletiky m\u011bsta Kadan\u011b - Z\u00e1kladn\u00ed \u0161kola Kada\u0148, ul. Chomutovsk\u00e1 1683","robots":{"index":"index","follow":"follow","max-snippet":"max-snippet:-1","max-image-preview":"max-image-preview:large","max-video-preview":"max-video-preview:-1"},"canonical":"https:\/\/3zskadan.cz\/?p=13665","og_locale":"cs_CZ","og_type":"article","og_title":"\u00dasp\u011bchy na\u0161ich \u017e\u00e1k\u016f na p\u0159eboru atletiky m\u011bsta Kadan\u011b - Z\u00e1kladn\u00ed \u0161kola Kada\u0148, ul. Chomutovsk\u00e1 1683","og_description":"Ve st\u0159edu 12. \u010dervna se na atletick\u00e9m stadionu v are\u00e1lu FK Tatran Kada\u0148 konal ka\u017edoro\u010dn\u00ed P\u0159ebor v atletice m\u011bsta Kadan\u011b a na\u0161e \u0161kola, Z\u0160 Chomutovsk\u00e1 Kada\u0148, se zde rozhodn\u011b neztratila! Na\u0161i \u017e\u00e1ci dos\u00e1hli skv\u011bl\u00fdch v\u00fdsledk\u016f a p\u0159ivezli celou \u0159adu medail\u00ed. Gratulujeme v\u0161em reprezentant\u016fm a d\u011bkujeme za vzornou reprezentaci \u0161koly. I. stupe\u0148 \u2013 mlad\u0161\u00ed \u017e\u00e1ci a [&hellip;]","og_url":"https:\/\/3zskadan.cz\/?p=13665","og_site_name":"Z\u00e1kladn\u00ed \u0161kola Kada\u0148, ul. Chomutovsk\u00e1 1683","article_published_time":"2025-06-13T12:20:41+00:00","article_modified_time":"2025-06-13T12:20:42+00:00","og_image":[{"width":2560,"height":1183,"url":"https:\/\/3zskadan.cz\/wp-content\/uploads\/IMG-20250612-WA0067-scaled.jpg","type":"image\/jpeg"}],"author":"Radek Vinick\u00fd","twitter_card":"summary_large_image","twitter_misc":{"Napsal(a)":"Radek Vinick\u00fd","Odhadovan\u00e1 doba \u010dten\u00ed":"3 minuty"},"schema":{"@context":"https:\/\/schema.org","@graph":[{"@type":"Article","@id":"https:\/\/3zskadan.cz\/?p=13665#article","isPartOf":{"@id":"https:\/\/3zskadan.cz\/?p=13665"},"author":{"name":"Radek Vinick\u00fd","@id":"https:\/\/3zskadan.cz\/#\/schema\/person\/a2724b0431f00279441bbceb4e37b1a5"},"headline":"\u00dasp\u011bchy na\u0161ich \u017e\u00e1k\u016f na p\u0159eboru atletiky m\u011bsta Kadan\u011b","datePublished":"2025-06-13T12:20:41+00:00","dateModified":"2025-06-13T12:20:42+00:00","mainEntityOfPage":{"@id":"https:\/\/3zskadan.cz\/?p=13665"},"wordCount":514,"commentCount":0,"image":{"@id":"https:\/\/3zskadan.cz\/?p=13665#primaryimage"},"thumbnailUrl":"https:\/\/i0.wp.com\/3zskadan.cz\/wp-content\/uploads\/IMG-20250612-WA0067-scaled.jpg?fit=2560%2C1183&ssl=1","articleSection":["Aktuality","Informace"],"inLanguage":"cs","potentialAction":[{"@type":"CommentAction","name":"Comment","target":["https:\/\/3zskadan.cz\/?p=13665#respond"]}]},{"@type":"WebPage","@id":"https:\/\/3zskadan.cz\/?p=13665","url":"https:\/\/3zskadan.cz\/?p=13665","name":"\u00dasp\u011bchy na\u0161ich \u017e\u00e1k\u016f na p\u0159eboru atletiky m\u011bsta Kadan\u011b - Z\u00e1kladn\u00ed \u0161kola Kada\u0148, ul. Chomutovsk\u00e1 1683","isPartOf":{"@id":"https:\/\/3zskadan.cz\/#website"},"primaryImageOfPage":{"@id":"https:\/\/3zskadan.cz\/?p=13665#primaryimage"},"image":{"@id":"https:\/\/3zskadan.cz\/?p=13665#primaryimage"},"thumbnailUrl":"https:\/\/i0.wp.com\/3zskadan.cz\/wp-content\/uploads\/IMG-20250612-WA0067-scaled.jpg?fit=2560%2C1183&ssl=1","datePublished":"2025-06-13T12:20:41+00:00","dateModified":"2025-06-13T12:20:42+00:00","author":{"@id":"https:\/\/3zskadan.cz\/#\/schema\/person\/a2724b0431f00279441bbceb4e37b1a5"},"breadcrumb":{"@id":"https:\/\/3zskadan.cz\/?p=13665#breadcrumb"},"inLanguage":"cs","potentialAction":[{"@type":"ReadAction","target":["https:\/\/3zskadan.cz\/?p=13665"]}]},{"@type":"ImageObject","inLanguage":"cs","@id":"https:\/\/3zskadan.cz\/?p=13665#primaryimage","url":"https:\/\/i0.wp.com\/3zskadan.cz\/wp-content\/uploads\/IMG-20250612-WA0067-scaled.jpg?fit=2560%2C1183&ssl=1","contentUrl":"https:\/\/i0.wp.com\/3zskadan.cz\/wp-content\/uploads\/IMG-20250612-WA0067-scaled.jpg?fit=2560%2C1183&ssl=1","width":2560,"height":1183},{"@type":"BreadcrumbList","@id":"https:\/\/3zskadan.cz\/?p=13665#breadcrumb","itemListElement":[{"@type":"ListItem","position":1,"name":"Dom\u016f","item":"https:\/\/3zskadan.cz\/"},{"@type":"ListItem","position":2,"name":"\u00dasp\u011bchy na\u0161ich \u017e\u00e1k\u016f na p\u0159eboru atletiky m\u011bsta Kadan\u011b"}]},{"@type":"WebSite","@id":"https:\/\/3zskadan.cz\/#website","url":"https:\/\/3zskadan.cz\/","name":"Z\u00e1kladn\u00ed \u0161kola Kada\u0148, ul. Chomutovsk\u00e1 1683","description":"","potentialAction":[{"@type":"SearchAction","target":{"@type":"EntryPoint","urlTemplate":"https:\/\/3zskadan.cz\/?s={search_term_string}"},"query-input":{"@type":"PropertyValueSpecification","valueRequired":true,"valueName":"search_term_string"}}],"inLanguage":"cs"},{"@type":"Person","@id":"https:\/\/3zskadan.cz\/#\/schema\/person\/a2724b0431f00279441bbceb4e37b1a5","name":"Radek Vinick\u00fd","image":{"@type":"ImageObject","inLanguage":"cs","@id":"https:\/\/secure.gravatar.com\/avatar\/eda0a90e46343fd9908cdf92cc69b075f7f5b586cf33b05c8dd68cb1209f00d6?s=96&d=wavatar&r=g","url":"https:\/\/secure.gravatar.com\/avatar\/eda0a90e46343fd9908cdf92cc69b075f7f5b586cf33b05c8dd68cb1209f00d6?s=96&d=wavatar&r=g","contentUrl":"https:\/\/secure.gravatar.com\/avatar\/eda0a90e46343fd9908cdf92cc69b075f7f5b586cf33b05c8dd68cb1209f00d6?s=96&d=wavatar&r=g","caption":"Radek Vinick\u00fd"},"url":"https:\/\/3zskadan.cz\/?author=1"}]}},"jetpack_publicize_connections":[],"jetpack_featured_media_url":"https:\/\/i0.wp.com\/3zskadan.cz\/wp-content\/uploads\/IMG-20250612-WA0067-scaled.jpg?fit=2560%2C1183&ssl=1","jetpack_sharing_enabled":true,"jetpack_shortlink":"https:\/\/wp.me\/p7YYLP-3yp","_links":{"self":[{"href":"https:\/\/3zskadan.cz\/index.php?rest_route=\/wp\/v2\/posts\/13665","targetHints":{"allow":["GET"]}}],"collection":[{"href":"https:\/\/3zskadan.cz\/index.php?rest_route=\/wp\/v2\/posts"}],"about":[{"href":"https:\/\/3zskadan.cz\/index.php?rest_route=\/wp\/v2\/types\/post"}],"author":[{"embeddable":true,"href":"https:\/\/3zskadan.cz\/index.php?rest_route=\/wp\/v2\/users\/1"}],"replies":[{"embeddable":true,"href":"https:\/\/3zskadan.cz\/index.php?rest_route=%2Fwp%2Fv2%2Fcomments&post=13665"}],"version-history":[{"count":2,"href":"https:\/\/3zskadan.cz\/index.php?rest_route=\/wp\/v2\/posts\/13665\/revisions"}],"predecessor-version":[{"id":13667,"href":"https:\/\/3zskadan.cz\/index.php?rest_route=\/wp\/v2\/posts\/13665\/revisions\/13667"}],"wp:featuredmedia":[{"embeddable":true,"href":"https:\/\/3zskadan.cz\/index.php?rest_route=\/wp\/v2\/media\/13663"}],"wp:attachment":[{"href":"https:\/\/3zskadan.cz\/index.php?rest_route=%2Fwp%2Fv2%2Fmedia&parent=13665"}],"wp:term":[{"taxonomy":"category","embeddable":true,"href":"https:\/\/3zskadan.cz\/index.php?rest_route=%2Fwp%2Fv2%2Fcategories&post=13665"},{"taxonomy":"post_tag","embeddable":true,"href":"https:\/\/3zskadan.cz\/index.php?rest_route=%2Fwp%2Fv2%2Ftags&post=13665"}],"curies":[{"name":"wp","href":"https:\/\/api.w.org\/{rel}","templated":true}]}}