{"id":13883,"date":"2025-09-23T07:41:03","date_gmt":"2025-09-23T05:41:03","guid":{"rendered":"https:\/\/3zskadan.cz\/?p=13883"},"modified":"2025-09-23T07:41:24","modified_gmt":"2025-09-23T05:41:24","slug":"pesky-do-skoly","status":"publish","type":"post","link":"https:\/\/3zskadan.cz\/?p=13883","title":{"rendered":"P\u011b\u0161ky do \u0161koly"},"content":{"rendered":"<p>Na\u0161e \u0161kola se letos zapojila do celorepublikov\u00e9 akce P\u011b\u0161ky do \u0161koly, kter\u00e1 podporuje zdrav\u00fd pohyb, ohleduplnost k \u017eivotn\u00edmu prost\u0159ed\u00ed a radost ze spole\u010dn\u00e9ho putov\u00e1n\u00ed do \u0161koly. Leto\u0161n\u00ed dev\u00e1t\u00fd ro\u010dn\u00edk byl rekordn\u00ed, jeliko\u017e se do n\u011bj zapojilo v\u00edce ne\u017e 580 \u0161kol a t\u00e9m\u011b\u0159 4500 t\u0159\u00edd. Cel\u00fd t\u00fdden \u017e\u00e1ci i u\u010ditel\u00e9 chodili do \u0161koly p\u011b\u0161ky, nebo vyu\u017e\u00edvali hromadnou dopravu. Za ka\u017edou takovou cestu mohli z\u00edskat jeden bod. D\u00edky tomu jsme spole\u010dn\u011b po se\u010dten\u00ed z\u00edskali kr\u00e1sn\u00fdch 1300 bod\u016f. D\u011bkujeme v\u0161em, kte\u0159\u00ed se do akce zapojili a pomohli tak uk\u00e1zat, \u017ee i mal\u00e1 zm\u011bna v ka\u017edodenn\u00edch cest\u00e1ch m\u016f\u017ee m\u00edt velk\u00fd smysl. U\u017e te\u010f se t\u011b\u0161\u00edme na dal\u0161\u00ed ro\u010dn\u00edk!<\/p>\n<p>Daniel Pat\u00e1k<\/p>\n\n\n<figure class=\"wp-block-gallery has-nested-images columns-default is-cropped wp-block-gallery-1 is-layout-flex wp-block-gallery-is-layout-flex\">\n<figure class=\"wp-block-image size-large\"><img data-recalc-dims=\"1\" fetchpriority=\"high\" decoding=\"async\" width=\"576\" height=\"441\" data-attachment-id=\"13885\" data-permalink=\"https:\/\/3zskadan.cz\/?attachment_id=13885\" data-orig-file=\"https:\/\/i0.wp.com\/3zskadan.cz\/wp-content\/uploads\/Obrazek-WhatsApp-2025-09-22-v-09.40.27_52da02c3.jpg?fit=576%2C441&amp;ssl=1\" data-orig-size=\"576,441\" data-comments-opened=\"1\" data-image-meta=\"{&quot;aperture&quot;:&quot;0&quot;,&quot;credit&quot;:&quot;&quot;,&quot;camera&quot;:&quot;&quot;,&quot;caption&quot;:&quot;&quot;,&quot;created_timestamp&quot;:&quot;0&quot;,&quot;copyright&quot;:&quot;&quot;,&quot;focal_length&quot;:&quot;0&quot;,&quot;iso&quot;:&quot;0&quot;,&quot;shutter_speed&quot;:&quot;0&quot;,&quot;title&quot;:&quot;&quot;,&quot;orientation&quot;:&quot;0&quot;}\" data-image-title=\"Obr\u00e1zek WhatsApp, 2025-09-22 v 09.40.27_52da02c3\" data-image-description=\"\" data-image-caption=\"\" data-large-file=\"https:\/\/i0.wp.com\/3zskadan.cz\/wp-content\/uploads\/Obrazek-WhatsApp-2025-09-22-v-09.40.27_52da02c3.jpg?fit=576%2C441&amp;ssl=1\" data-id=\"13885\" src=\"https:\/\/i0.wp.com\/3zskadan.cz\/wp-content\/uploads\/Obrazek-WhatsApp-2025-09-22-v-09.40.27_52da02c3.jpg?resize=576%2C441&#038;ssl=1\" alt=\"\" class=\"wp-image-13885\" srcset=\"https:\/\/i0.wp.com\/3zskadan.cz\/wp-content\/uploads\/Obrazek-WhatsApp-2025-09-22-v-09.40.27_52da02c3.jpg?w=576&amp;ssl=1 576w, https:\/\/i0.wp.com\/3zskadan.cz\/wp-content\/uploads\/Obrazek-WhatsApp-2025-09-22-v-09.40.27_52da02c3.jpg?resize=300%2C230&amp;ssl=1 300w\" sizes=\"(max-width: 576px) 100vw, 576px\" \/><\/figure>\n<\/figure>\n","protected":false},"excerpt":{"rendered":"<p>Na\u0161e \u0161kola se letos zapojila do celorepublikov\u00e9 akce P\u011b\u0161ky do \u0161koly, kter\u00e1 podporuje zdrav\u00fd pohyb, ohleduplnost k \u017eivotn\u00edmu prost\u0159ed\u00ed a radost ze spole\u010dn\u00e9ho putov\u00e1n\u00ed do \u0161koly. Leto\u0161n\u00ed dev\u00e1t\u00fd ro\u010dn\u00edk byl rekordn\u00ed, jeliko\u017e se do n\u011bj zapojilo v\u00edce ne\u017e 580 \u0161kol a t\u00e9m\u011b\u0159 4500 t\u0159\u00edd. Cel\u00fd t\u00fdden \u017e\u00e1ci i u\u010ditel\u00e9 chodili do \u0161koly p\u011b\u0161ky, nebo vyu\u017e\u00edvali [&hellip;]<\/p>\n","protected":false},"author":1,"featured_media":13885,"comment_status":"open","ping_status":"open","sticky":false,"template":"","format":"standard","meta":{"jetpack_post_was_ever_published":false,"_jetpack_newsletter_access":"","_jetpack_dont_email_post_to_subs":false,"_jetpack_newsletter_tier_id":0,"_jetpack_memberships_contains_paywalled_content":false,"_jetpack_memberships_contains_paid_content":false,"footnotes":"","jetpack_publicize_message":"","jetpack_publicize_feature_enabled":true,"jetpack_social_post_already_shared":true,"jetpack_social_options":{"image_generator_settings":{"template":"highway","default_image_id":0,"font":"","enabled":false},"version":2}},"categories":[15,4],"tags":[],"class_list":{"0":"post-13883","1":"post","2":"type-post","3":"status-publish","4":"format-standard","5":"has-post-thumbnail","7":"category-aktuality","8":"category-informace","9":"czr-hentry"},"yoast_head":"<!-- This site is optimized with the Yoast SEO plugin v27.4 - https:\/\/yoast.com\/product\/yoast-seo-wordpress\/ -->\n<title>P\u011b\u0161ky do \u0161koly - Z\u00e1kladn\u00ed \u0161kola Kada\u0148, ul. Chomutovsk\u00e1 1683<\/title>\n<meta name=\"robots\" content=\"index, follow, max-snippet:-1, max-image-preview:large, max-video-preview:-1\" \/>\n<link rel=\"canonical\" href=\"https:\/\/3zskadan.cz\/?p=13883\" \/>\n<meta property=\"og:locale\" content=\"cs_CZ\" \/>\n<meta property=\"og:type\" content=\"article\" \/>\n<meta property=\"og:title\" content=\"P\u011b\u0161ky do \u0161koly - Z\u00e1kladn\u00ed \u0161kola Kada\u0148, ul. Chomutovsk\u00e1 1683\" \/>\n<meta property=\"og:description\" content=\"Na\u0161e \u0161kola se letos zapojila do celorepublikov\u00e9 akce P\u011b\u0161ky do \u0161koly, kter\u00e1 podporuje zdrav\u00fd pohyb, ohleduplnost k \u017eivotn\u00edmu prost\u0159ed\u00ed a radost ze spole\u010dn\u00e9ho putov\u00e1n\u00ed do \u0161koly. Leto\u0161n\u00ed dev\u00e1t\u00fd ro\u010dn\u00edk byl rekordn\u00ed, jeliko\u017e se do n\u011bj zapojilo v\u00edce ne\u017e 580 \u0161kol a t\u00e9m\u011b\u0159 4500 t\u0159\u00edd. Cel\u00fd t\u00fdden \u017e\u00e1ci i u\u010ditel\u00e9 chodili do \u0161koly p\u011b\u0161ky, nebo vyu\u017e\u00edvali [&hellip;]\" \/>\n<meta property=\"og:url\" content=\"https:\/\/3zskadan.cz\/?p=13883\" \/>\n<meta property=\"og:site_name\" content=\"Z\u00e1kladn\u00ed \u0161kola Kada\u0148, ul. Chomutovsk\u00e1 1683\" \/>\n<meta property=\"article:published_time\" content=\"2025-09-23T05:41:03+00:00\" \/>\n<meta property=\"article:modified_time\" content=\"2025-09-23T05:41:24+00:00\" \/>\n<meta property=\"og:image\" content=\"https:\/\/3zskadan.cz\/wp-content\/uploads\/Obrazek-WhatsApp-2025-09-22-v-09.40.27_52da02c3.jpg\" \/>\n\t<meta property=\"og:image:width\" content=\"576\" \/>\n\t<meta property=\"og:image:height\" content=\"441\" \/>\n\t<meta property=\"og:image:type\" content=\"image\/jpeg\" \/>\n<meta name=\"author\" content=\"Radek Vinick\u00fd\" \/>\n<meta name=\"twitter:card\" content=\"summary_large_image\" \/>\n<meta name=\"twitter:label1\" content=\"Napsal(a)\" \/>\n\t<meta name=\"twitter:data1\" content=\"Radek Vinick\u00fd\" \/>\n\t<meta name=\"twitter:label2\" content=\"Odhadovan\u00e1 doba \u010dten\u00ed\" \/>\n\t<meta name=\"twitter:data2\" content=\"1 minuta\" \/>\n<script type=\"application\/ld+json\" class=\"yoast-schema-graph\">{\"@context\":\"https:\\\/\\\/schema.org\",\"@graph\":[{\"@type\":\"Article\",\"@id\":\"https:\\\/\\\/3zskadan.cz\\\/?p=13883#article\",\"isPartOf\":{\"@id\":\"https:\\\/\\\/3zskadan.cz\\\/?p=13883\"},\"author\":{\"name\":\"Radek Vinick\u00fd\",\"@id\":\"https:\\\/\\\/3zskadan.cz\\\/#\\\/schema\\\/person\\\/a2724b0431f00279441bbceb4e37b1a5\"},\"headline\":\"P\u011b\u0161ky do \u0161koly\",\"datePublished\":\"2025-09-23T05:41:03+00:00\",\"dateModified\":\"2025-09-23T05:41:24+00:00\",\"mainEntityOfPage\":{\"@id\":\"https:\\\/\\\/3zskadan.cz\\\/?p=13883\"},\"wordCount\":147,\"commentCount\":0,\"image\":{\"@id\":\"https:\\\/\\\/3zskadan.cz\\\/?p=13883#primaryimage\"},\"thumbnailUrl\":\"https:\\\/\\\/i0.wp.com\\\/3zskadan.cz\\\/wp-content\\\/uploads\\\/Obrazek-WhatsApp-2025-09-22-v-09.40.27_52da02c3.jpg?fit=576%2C441&ssl=1\",\"articleSection\":[\"Aktuality\",\"Informace\"],\"inLanguage\":\"cs\",\"potentialAction\":[{\"@type\":\"CommentAction\",\"name\":\"Comment\",\"target\":[\"https:\\\/\\\/3zskadan.cz\\\/?p=13883#respond\"]}]},{\"@type\":\"WebPage\",\"@id\":\"https:\\\/\\\/3zskadan.cz\\\/?p=13883\",\"url\":\"https:\\\/\\\/3zskadan.cz\\\/?p=13883\",\"name\":\"P\u011b\u0161ky do \u0161koly - Z\u00e1kladn\u00ed \u0161kola Kada\u0148, ul. Chomutovsk\u00e1 1683\",\"isPartOf\":{\"@id\":\"https:\\\/\\\/3zskadan.cz\\\/#website\"},\"primaryImageOfPage\":{\"@id\":\"https:\\\/\\\/3zskadan.cz\\\/?p=13883#primaryimage\"},\"image\":{\"@id\":\"https:\\\/\\\/3zskadan.cz\\\/?p=13883#primaryimage\"},\"thumbnailUrl\":\"https:\\\/\\\/i0.wp.com\\\/3zskadan.cz\\\/wp-content\\\/uploads\\\/Obrazek-WhatsApp-2025-09-22-v-09.40.27_52da02c3.jpg?fit=576%2C441&ssl=1\",\"datePublished\":\"2025-09-23T05:41:03+00:00\",\"dateModified\":\"2025-09-23T05:41:24+00:00\",\"author\":{\"@id\":\"https:\\\/\\\/3zskadan.cz\\\/#\\\/schema\\\/person\\\/a2724b0431f00279441bbceb4e37b1a5\"},\"breadcrumb\":{\"@id\":\"https:\\\/\\\/3zskadan.cz\\\/?p=13883#breadcrumb\"},\"inLanguage\":\"cs\",\"potentialAction\":[{\"@type\":\"ReadAction\",\"target\":[\"https:\\\/\\\/3zskadan.cz\\\/?p=13883\"]}]},{\"@type\":\"ImageObject\",\"inLanguage\":\"cs\",\"@id\":\"https:\\\/\\\/3zskadan.cz\\\/?p=13883#primaryimage\",\"url\":\"https:\\\/\\\/i0.wp.com\\\/3zskadan.cz\\\/wp-content\\\/uploads\\\/Obrazek-WhatsApp-2025-09-22-v-09.40.27_52da02c3.jpg?fit=576%2C441&ssl=1\",\"contentUrl\":\"https:\\\/\\\/i0.wp.com\\\/3zskadan.cz\\\/wp-content\\\/uploads\\\/Obrazek-WhatsApp-2025-09-22-v-09.40.27_52da02c3.jpg?fit=576%2C441&ssl=1\",\"width\":576,\"height\":441},{\"@type\":\"BreadcrumbList\",\"@id\":\"https:\\\/\\\/3zskadan.cz\\\/?p=13883#breadcrumb\",\"itemListElement\":[{\"@type\":\"ListItem\",\"position\":1,\"name\":\"Dom\u016f\",\"item\":\"https:\\\/\\\/3zskadan.cz\\\/\"},{\"@type\":\"ListItem\",\"position\":2,\"name\":\"P\u011b\u0161ky do \u0161koly\"}]},{\"@type\":\"WebSite\",\"@id\":\"https:\\\/\\\/3zskadan.cz\\\/#website\",\"url\":\"https:\\\/\\\/3zskadan.cz\\\/\",\"name\":\"Z\u00e1kladn\u00ed \u0161kola Kada\u0148, ul. Chomutovsk\u00e1 1683\",\"description\":\"\",\"potentialAction\":[{\"@type\":\"SearchAction\",\"target\":{\"@type\":\"EntryPoint\",\"urlTemplate\":\"https:\\\/\\\/3zskadan.cz\\\/?s={search_term_string}\"},\"query-input\":{\"@type\":\"PropertyValueSpecification\",\"valueRequired\":true,\"valueName\":\"search_term_string\"}}],\"inLanguage\":\"cs\"},{\"@type\":\"Person\",\"@id\":\"https:\\\/\\\/3zskadan.cz\\\/#\\\/schema\\\/person\\\/a2724b0431f00279441bbceb4e37b1a5\",\"name\":\"Radek Vinick\u00fd\",\"image\":{\"@type\":\"ImageObject\",\"inLanguage\":\"cs\",\"@id\":\"https:\\\/\\\/secure.gravatar.com\\\/avatar\\\/eda0a90e46343fd9908cdf92cc69b075f7f5b586cf33b05c8dd68cb1209f00d6?s=96&d=wavatar&r=g\",\"url\":\"https:\\\/\\\/secure.gravatar.com\\\/avatar\\\/eda0a90e46343fd9908cdf92cc69b075f7f5b586cf33b05c8dd68cb1209f00d6?s=96&d=wavatar&r=g\",\"contentUrl\":\"https:\\\/\\\/secure.gravatar.com\\\/avatar\\\/eda0a90e46343fd9908cdf92cc69b075f7f5b586cf33b05c8dd68cb1209f00d6?s=96&d=wavatar&r=g\",\"caption\":\"Radek Vinick\u00fd\"},\"url\":\"https:\\\/\\\/3zskadan.cz\\\/?author=1\"}]}<\/script>\n<!-- \/ Yoast SEO plugin. -->","yoast_head_json":{"title":"P\u011b\u0161ky do \u0161koly - Z\u00e1kladn\u00ed \u0161kola Kada\u0148, ul. Chomutovsk\u00e1 1683","robots":{"index":"index","follow":"follow","max-snippet":"max-snippet:-1","max-image-preview":"max-image-preview:large","max-video-preview":"max-video-preview:-1"},"canonical":"https:\/\/3zskadan.cz\/?p=13883","og_locale":"cs_CZ","og_type":"article","og_title":"P\u011b\u0161ky do \u0161koly - Z\u00e1kladn\u00ed \u0161kola Kada\u0148, ul. Chomutovsk\u00e1 1683","og_description":"Na\u0161e \u0161kola se letos zapojila do celorepublikov\u00e9 akce P\u011b\u0161ky do \u0161koly, kter\u00e1 podporuje zdrav\u00fd pohyb, ohleduplnost k \u017eivotn\u00edmu prost\u0159ed\u00ed a radost ze spole\u010dn\u00e9ho putov\u00e1n\u00ed do \u0161koly. Leto\u0161n\u00ed dev\u00e1t\u00fd ro\u010dn\u00edk byl rekordn\u00ed, jeliko\u017e se do n\u011bj zapojilo v\u00edce ne\u017e 580 \u0161kol a t\u00e9m\u011b\u0159 4500 t\u0159\u00edd. Cel\u00fd t\u00fdden \u017e\u00e1ci i u\u010ditel\u00e9 chodili do \u0161koly p\u011b\u0161ky, nebo vyu\u017e\u00edvali [&hellip;]","og_url":"https:\/\/3zskadan.cz\/?p=13883","og_site_name":"Z\u00e1kladn\u00ed \u0161kola Kada\u0148, ul. Chomutovsk\u00e1 1683","article_published_time":"2025-09-23T05:41:03+00:00","article_modified_time":"2025-09-23T05:41:24+00:00","og_image":[{"width":576,"height":441,"url":"https:\/\/3zskadan.cz\/wp-content\/uploads\/Obrazek-WhatsApp-2025-09-22-v-09.40.27_52da02c3.jpg","type":"image\/jpeg"}],"author":"Radek Vinick\u00fd","twitter_card":"summary_large_image","twitter_misc":{"Napsal(a)":"Radek Vinick\u00fd","Odhadovan\u00e1 doba \u010dten\u00ed":"1 minuta"},"schema":{"@context":"https:\/\/schema.org","@graph":[{"@type":"Article","@id":"https:\/\/3zskadan.cz\/?p=13883#article","isPartOf":{"@id":"https:\/\/3zskadan.cz\/?p=13883"},"author":{"name":"Radek Vinick\u00fd","@id":"https:\/\/3zskadan.cz\/#\/schema\/person\/a2724b0431f00279441bbceb4e37b1a5"},"headline":"P\u011b\u0161ky do \u0161koly","datePublished":"2025-09-23T05:41:03+00:00","dateModified":"2025-09-23T05:41:24+00:00","mainEntityOfPage":{"@id":"https:\/\/3zskadan.cz\/?p=13883"},"wordCount":147,"commentCount":0,"image":{"@id":"https:\/\/3zskadan.cz\/?p=13883#primaryimage"},"thumbnailUrl":"https:\/\/i0.wp.com\/3zskadan.cz\/wp-content\/uploads\/Obrazek-WhatsApp-2025-09-22-v-09.40.27_52da02c3.jpg?fit=576%2C441&ssl=1","articleSection":["Aktuality","Informace"],"inLanguage":"cs","potentialAction":[{"@type":"CommentAction","name":"Comment","target":["https:\/\/3zskadan.cz\/?p=13883#respond"]}]},{"@type":"WebPage","@id":"https:\/\/3zskadan.cz\/?p=13883","url":"https:\/\/3zskadan.cz\/?p=13883","name":"P\u011b\u0161ky do \u0161koly - Z\u00e1kladn\u00ed \u0161kola Kada\u0148, ul. Chomutovsk\u00e1 1683","isPartOf":{"@id":"https:\/\/3zskadan.cz\/#website"},"primaryImageOfPage":{"@id":"https:\/\/3zskadan.cz\/?p=13883#primaryimage"},"image":{"@id":"https:\/\/3zskadan.cz\/?p=13883#primaryimage"},"thumbnailUrl":"https:\/\/i0.wp.com\/3zskadan.cz\/wp-content\/uploads\/Obrazek-WhatsApp-2025-09-22-v-09.40.27_52da02c3.jpg?fit=576%2C441&ssl=1","datePublished":"2025-09-23T05:41:03+00:00","dateModified":"2025-09-23T05:41:24+00:00","author":{"@id":"https:\/\/3zskadan.cz\/#\/schema\/person\/a2724b0431f00279441bbceb4e37b1a5"},"breadcrumb":{"@id":"https:\/\/3zskadan.cz\/?p=13883#breadcrumb"},"inLanguage":"cs","potentialAction":[{"@type":"ReadAction","target":["https:\/\/3zskadan.cz\/?p=13883"]}]},{"@type":"ImageObject","inLanguage":"cs","@id":"https:\/\/3zskadan.cz\/?p=13883#primaryimage","url":"https:\/\/i0.wp.com\/3zskadan.cz\/wp-content\/uploads\/Obrazek-WhatsApp-2025-09-22-v-09.40.27_52da02c3.jpg?fit=576%2C441&ssl=1","contentUrl":"https:\/\/i0.wp.com\/3zskadan.cz\/wp-content\/uploads\/Obrazek-WhatsApp-2025-09-22-v-09.40.27_52da02c3.jpg?fit=576%2C441&ssl=1","width":576,"height":441},{"@type":"BreadcrumbList","@id":"https:\/\/3zskadan.cz\/?p=13883#breadcrumb","itemListElement":[{"@type":"ListItem","position":1,"name":"Dom\u016f","item":"https:\/\/3zskadan.cz\/"},{"@type":"ListItem","position":2,"name":"P\u011b\u0161ky do \u0161koly"}]},{"@type":"WebSite","@id":"https:\/\/3zskadan.cz\/#website","url":"https:\/\/3zskadan.cz\/","name":"Z\u00e1kladn\u00ed \u0161kola Kada\u0148, ul. Chomutovsk\u00e1 1683","description":"","potentialAction":[{"@type":"SearchAction","target":{"@type":"EntryPoint","urlTemplate":"https:\/\/3zskadan.cz\/?s={search_term_string}"},"query-input":{"@type":"PropertyValueSpecification","valueRequired":true,"valueName":"search_term_string"}}],"inLanguage":"cs"},{"@type":"Person","@id":"https:\/\/3zskadan.cz\/#\/schema\/person\/a2724b0431f00279441bbceb4e37b1a5","name":"Radek Vinick\u00fd","image":{"@type":"ImageObject","inLanguage":"cs","@id":"https:\/\/secure.gravatar.com\/avatar\/eda0a90e46343fd9908cdf92cc69b075f7f5b586cf33b05c8dd68cb1209f00d6?s=96&d=wavatar&r=g","url":"https:\/\/secure.gravatar.com\/avatar\/eda0a90e46343fd9908cdf92cc69b075f7f5b586cf33b05c8dd68cb1209f00d6?s=96&d=wavatar&r=g","contentUrl":"https:\/\/secure.gravatar.com\/avatar\/eda0a90e46343fd9908cdf92cc69b075f7f5b586cf33b05c8dd68cb1209f00d6?s=96&d=wavatar&r=g","caption":"Radek Vinick\u00fd"},"url":"https:\/\/3zskadan.cz\/?author=1"}]}},"jetpack_publicize_connections":[],"jetpack_featured_media_url":"https:\/\/i0.wp.com\/3zskadan.cz\/wp-content\/uploads\/Obrazek-WhatsApp-2025-09-22-v-09.40.27_52da02c3.jpg?fit=576%2C441&ssl=1","jetpack_sharing_enabled":true,"jetpack_shortlink":"https:\/\/wp.me\/p7YYLP-3BV","_links":{"self":[{"href":"https:\/\/3zskadan.cz\/index.php?rest_route=\/wp\/v2\/posts\/13883","targetHints":{"allow":["GET"]}}],"collection":[{"href":"https:\/\/3zskadan.cz\/index.php?rest_route=\/wp\/v2\/posts"}],"about":[{"href":"https:\/\/3zskadan.cz\/index.php?rest_route=\/wp\/v2\/types\/post"}],"author":[{"embeddable":true,"href":"https:\/\/3zskadan.cz\/index.php?rest_route=\/wp\/v2\/users\/1"}],"replies":[{"embeddable":true,"href":"https:\/\/3zskadan.cz\/index.php?rest_route=%2Fwp%2Fv2%2Fcomments&post=13883"}],"version-history":[{"count":2,"href":"https:\/\/3zskadan.cz\/index.php?rest_route=\/wp\/v2\/posts\/13883\/revisions"}],"predecessor-version":[{"id":13886,"href":"https:\/\/3zskadan.cz\/index.php?rest_route=\/wp\/v2\/posts\/13883\/revisions\/13886"}],"wp:featuredmedia":[{"embeddable":true,"href":"https:\/\/3zskadan.cz\/index.php?rest_route=\/wp\/v2\/media\/13885"}],"wp:attachment":[{"href":"https:\/\/3zskadan.cz\/index.php?rest_route=%2Fwp%2Fv2%2Fmedia&parent=13883"}],"wp:term":[{"taxonomy":"category","embeddable":true,"href":"https:\/\/3zskadan.cz\/index.php?rest_route=%2Fwp%2Fv2%2Fcategories&post=13883"},{"taxonomy":"post_tag","embeddable":true,"href":"https:\/\/3zskadan.cz\/index.php?rest_route=%2Fwp%2Fv2%2Ftags&post=13883"}],"curies":[{"name":"wp","href":"https:\/\/api.w.org\/{rel}","templated":true}]}}