{"id":14165,"date":"2025-12-10T07:52:39","date_gmt":"2025-12-10T06:52:39","guid":{"rendered":"https:\/\/3zskadan.cz\/?p=14165"},"modified":"2025-12-10T07:52:40","modified_gmt":"2025-12-10T06:52:40","slug":"kreativni-dopoledne","status":"publish","type":"post","link":"https:\/\/3zskadan.cz\/?p=14165","title":{"rendered":"Kreativn\u00ed dopoledne"},"content":{"rendered":"<h3><strong>Kreativn\u00ed dopoledne s Jitkou K\u016fsovou <\/strong><\/h3>\n<p>Na za\u010d\u00e1tku prosince jsme m\u011bli mo\u017enost z\u00fa\u010dastnit se v Galerii Josefa Lieslera v\u00fdjime\u010dn\u00e9ho vzd\u011bl\u00e1vac\u00edho programu, kter\u00fd se uskute\u010dnil v n\u00e1vaznosti na aktu\u00e1ln\u00ed expozici Skupiny kada\u0148sk\u00fdch um\u011blc\u016f. Jitka K\u016fsov\u00e1 \u2013 mal\u00ed\u0159ka, kresl\u00ed\u0159ka, socha\u0159ka a jedna z vystavuj\u00edc\u00edch autorek \u2013 p\u0159ipravila spole\u010dn\u011b s kur\u00e1torkou v\u00fdstavy, Mgr. et MgA. Zde\u0148kou B\u00edlkovou, inspirativn\u00ed workshop pro vybran\u00e9 \u017e\u00e1ky 2. stupn\u011b Slun\u00ed\u010dkov\u00e9 \u0161koly.<\/p>\n<p>Do galerie vyrazila skupina dvaceti d\u011bt\u00ed, kter\u00e9 spojuje cit pro um\u011bn\u00ed, zv\u00eddavost a chu\u0165 objevovat nov\u00e9 postupy. Cel\u00e9 dopoledne se v\u011bnovaly pr\u00e1ci s tu\u0161\u00ed a m\u011bly p\u0159\u00edle\u017eitost zkou\u0161et jak tradi\u010dn\u00ed, tak origin\u00e1ln\u00ed n\u00e1stroje \u2013 tu\u0161ov\u00e1 p\u00e9rka, speci\u00e1ln\u00ed \u0161t\u011btce, kousky bambusu \u010di oby\u010dejn\u00e9 traviny, kter\u00e9 se p\u0159ekvapiv\u011b osv\u011bd\u010dily jako v\u00fdborn\u00e9 pom\u016fcky. Jedine\u010dn\u00fd p\u0159\u00edstup ka\u017ed\u00e9ho \u00fa\u010dastn\u00edka se projevil v pestr\u00e9 \u0161k\u00e1le vznikl\u00fdch d\u011bl.<\/p>\n<p>Po celou dobu m\u011bli mlad\u00ed tv\u016frci mo\u017enost konzultovat sv\u00e9 n\u00e1pady p\u0159\u00edmo s Jitkou K\u016fsovou, kter\u00e1 sv\u00fdm p\u0159\u00e1telsk\u00fdm p\u0159\u00edstupem vytv\u00e1\u0159ela p\u0159\u00edjemnou a uvoln\u011bnou atmosf\u00e9ru. Program obohatila tak\u00e9 komentovan\u00e1 prohl\u00eddka veden\u00e1 kur\u00e1torkou. Na z\u00e1v\u011br prob\u011bhla spole\u010dn\u00e1 reflexe pod veden\u00edm Mgr. Jakuba Havl\u00ed\u010dka, b\u011bhem n\u00ed\u017e mohli \u017e\u00e1ci p\u0159edstavit sv\u00e1 d\u00edla a pod\u011blit se o dojmy z dopoledn\u00edho setk\u00e1n\u00ed.<\/p>\n<p>Srde\u010dn\u011b d\u011bkujeme Galerii Josefa Lieslera za mil\u00e9 p\u0159ijet\u00ed a za mo\u017enost \u00fa\u010dastnit se tak podn\u011btn\u00e9ho programu. Dopoledne bylo inspirativn\u00ed, rozmanit\u00e9 a hlavn\u011b \u2013 pln\u00e9 tvo\u0159iv\u00e9 energie!<\/p>\n\n\n<figure class=\"wp-block-gallery has-nested-images columns-default is-cropped wp-block-gallery-1 is-layout-flex wp-block-gallery-is-layout-flex\">\n<figure class=\"wp-block-image size-large\"><img data-recalc-dims=\"1\" fetchpriority=\"high\" decoding=\"async\" width=\"1024\" height=\"768\" data-attachment-id=\"14154\" data-permalink=\"https:\/\/3zskadan.cz\/?attachment_id=14154\" data-orig-file=\"https:\/\/i0.wp.com\/3zskadan.cz\/wp-content\/uploads\/IMG-20251209-WA0014.jpg?fit=1600%2C1200&amp;ssl=1\" data-orig-size=\"1600,1200\" data-comments-opened=\"1\" data-image-meta=\"{&quot;aperture&quot;:&quot;0&quot;,&quot;credit&quot;:&quot;&quot;,&quot;camera&quot;:&quot;&quot;,&quot;caption&quot;:&quot;&quot;,&quot;created_timestamp&quot;:&quot;0&quot;,&quot;copyright&quot;:&quot;&quot;,&quot;focal_length&quot;:&quot;0&quot;,&quot;iso&quot;:&quot;0&quot;,&quot;shutter_speed&quot;:&quot;0&quot;,&quot;title&quot;:&quot;&quot;,&quot;orientation&quot;:&quot;0&quot;}\" data-image-title=\"galerie\" data-image-description=\"\" data-image-caption=\"\" data-large-file=\"https:\/\/i0.wp.com\/3zskadan.cz\/wp-content\/uploads\/IMG-20251209-WA0014.jpg?fit=1024%2C768&amp;ssl=1\" data-id=\"14154\" src=\"https:\/\/i0.wp.com\/3zskadan.cz\/wp-content\/uploads\/IMG-20251209-WA0014.jpg?resize=1024%2C768&#038;ssl=1\" alt=\"\" class=\"wp-image-14154\" srcset=\"https:\/\/i0.wp.com\/3zskadan.cz\/wp-content\/uploads\/IMG-20251209-WA0014.jpg?resize=1024%2C768&amp;ssl=1 1024w, https:\/\/i0.wp.com\/3zskadan.cz\/wp-content\/uploads\/IMG-20251209-WA0014.jpg?resize=300%2C225&amp;ssl=1 300w, https:\/\/i0.wp.com\/3zskadan.cz\/wp-content\/uploads\/IMG-20251209-WA0014.jpg?resize=768%2C576&amp;ssl=1 768w, https:\/\/i0.wp.com\/3zskadan.cz\/wp-content\/uploads\/IMG-20251209-WA0014.jpg?resize=1536%2C1152&amp;ssl=1 1536w, https:\/\/i0.wp.com\/3zskadan.cz\/wp-content\/uploads\/IMG-20251209-WA0014.jpg?w=1600&amp;ssl=1 1600w\" sizes=\"(max-width: 1024px) 100vw, 1024px\" \/><\/figure>\n\n\n\n<figure class=\"wp-block-image size-large\"><img data-recalc-dims=\"1\" decoding=\"async\" width=\"1024\" height=\"768\" data-attachment-id=\"14153\" data-permalink=\"https:\/\/3zskadan.cz\/?attachment_id=14153\" data-orig-file=\"https:\/\/i0.wp.com\/3zskadan.cz\/wp-content\/uploads\/IMG-20251209-WA0013.jpg?fit=1600%2C1200&amp;ssl=1\" data-orig-size=\"1600,1200\" data-comments-opened=\"1\" data-image-meta=\"{&quot;aperture&quot;:&quot;0&quot;,&quot;credit&quot;:&quot;&quot;,&quot;camera&quot;:&quot;&quot;,&quot;caption&quot;:&quot;&quot;,&quot;created_timestamp&quot;:&quot;0&quot;,&quot;copyright&quot;:&quot;&quot;,&quot;focal_length&quot;:&quot;0&quot;,&quot;iso&quot;:&quot;0&quot;,&quot;shutter_speed&quot;:&quot;0&quot;,&quot;title&quot;:&quot;&quot;,&quot;orientation&quot;:&quot;0&quot;}\" data-image-title=\"galerie\" data-image-description=\"\" data-image-caption=\"\" data-large-file=\"https:\/\/i0.wp.com\/3zskadan.cz\/wp-content\/uploads\/IMG-20251209-WA0013.jpg?fit=1024%2C768&amp;ssl=1\" data-id=\"14153\" src=\"https:\/\/i0.wp.com\/3zskadan.cz\/wp-content\/uploads\/IMG-20251209-WA0013.jpg?resize=1024%2C768&#038;ssl=1\" alt=\"\" class=\"wp-image-14153\" srcset=\"https:\/\/i0.wp.com\/3zskadan.cz\/wp-content\/uploads\/IMG-20251209-WA0013.jpg?resize=1024%2C768&amp;ssl=1 1024w, https:\/\/i0.wp.com\/3zskadan.cz\/wp-content\/uploads\/IMG-20251209-WA0013.jpg?resize=300%2C225&amp;ssl=1 300w, https:\/\/i0.wp.com\/3zskadan.cz\/wp-content\/uploads\/IMG-20251209-WA0013.jpg?resize=768%2C576&amp;ssl=1 768w, https:\/\/i0.wp.com\/3zskadan.cz\/wp-content\/uploads\/IMG-20251209-WA0013.jpg?resize=1536%2C1152&amp;ssl=1 1536w, https:\/\/i0.wp.com\/3zskadan.cz\/wp-content\/uploads\/IMG-20251209-WA0013.jpg?w=1600&amp;ssl=1 1600w\" sizes=\"(max-width: 1024px) 100vw, 1024px\" \/><\/figure>\n\n\n\n<figure class=\"wp-block-image size-large\"><img data-recalc-dims=\"1\" decoding=\"async\" width=\"1024\" height=\"780\" data-attachment-id=\"14152\" data-permalink=\"https:\/\/3zskadan.cz\/?attachment_id=14152\" data-orig-file=\"https:\/\/i0.wp.com\/3zskadan.cz\/wp-content\/uploads\/IMG-20251209-WA0010.jpg?fit=1500%2C1143&amp;ssl=1\" data-orig-size=\"1500,1143\" data-comments-opened=\"1\" data-image-meta=\"{&quot;aperture&quot;:&quot;0&quot;,&quot;credit&quot;:&quot;&quot;,&quot;camera&quot;:&quot;&quot;,&quot;caption&quot;:&quot;&quot;,&quot;created_timestamp&quot;:&quot;0&quot;,&quot;copyright&quot;:&quot;&quot;,&quot;focal_length&quot;:&quot;0&quot;,&quot;iso&quot;:&quot;0&quot;,&quot;shutter_speed&quot;:&quot;0&quot;,&quot;title&quot;:&quot;&quot;,&quot;orientation&quot;:&quot;0&quot;}\" data-image-title=\"galerie\" data-image-description=\"\" data-image-caption=\"\" data-large-file=\"https:\/\/i0.wp.com\/3zskadan.cz\/wp-content\/uploads\/IMG-20251209-WA0010.jpg?fit=1024%2C780&amp;ssl=1\" data-id=\"14152\" src=\"https:\/\/i0.wp.com\/3zskadan.cz\/wp-content\/uploads\/IMG-20251209-WA0010.jpg?resize=1024%2C780&#038;ssl=1\" alt=\"\" class=\"wp-image-14152\" srcset=\"https:\/\/i0.wp.com\/3zskadan.cz\/wp-content\/uploads\/IMG-20251209-WA0010.jpg?resize=1024%2C780&amp;ssl=1 1024w, https:\/\/i0.wp.com\/3zskadan.cz\/wp-content\/uploads\/IMG-20251209-WA0010.jpg?resize=300%2C229&amp;ssl=1 300w, https:\/\/i0.wp.com\/3zskadan.cz\/wp-content\/uploads\/IMG-20251209-WA0010.jpg?resize=768%2C585&amp;ssl=1 768w, https:\/\/i0.wp.com\/3zskadan.cz\/wp-content\/uploads\/IMG-20251209-WA0010.jpg?w=1500&amp;ssl=1 1500w\" sizes=\"(max-width: 1024px) 100vw, 1024px\" \/><\/figure>\n\n\n\n<figure class=\"wp-block-image size-large\"><img data-recalc-dims=\"1\" loading=\"lazy\" decoding=\"async\" width=\"1024\" height=\"768\" data-attachment-id=\"14151\" data-permalink=\"https:\/\/3zskadan.cz\/?attachment_id=14151\" data-orig-file=\"https:\/\/i0.wp.com\/3zskadan.cz\/wp-content\/uploads\/IMG-20251209-WA0017.jpg?fit=1600%2C1200&amp;ssl=1\" data-orig-size=\"1600,1200\" data-comments-opened=\"1\" data-image-meta=\"{&quot;aperture&quot;:&quot;0&quot;,&quot;credit&quot;:&quot;&quot;,&quot;camera&quot;:&quot;&quot;,&quot;caption&quot;:&quot;&quot;,&quot;created_timestamp&quot;:&quot;0&quot;,&quot;copyright&quot;:&quot;&quot;,&quot;focal_length&quot;:&quot;0&quot;,&quot;iso&quot;:&quot;0&quot;,&quot;shutter_speed&quot;:&quot;0&quot;,&quot;title&quot;:&quot;&quot;,&quot;orientation&quot;:&quot;0&quot;}\" data-image-title=\"galerie\" data-image-description=\"\" data-image-caption=\"\" data-large-file=\"https:\/\/i0.wp.com\/3zskadan.cz\/wp-content\/uploads\/IMG-20251209-WA0017.jpg?fit=1024%2C768&amp;ssl=1\" data-id=\"14151\" src=\"https:\/\/i0.wp.com\/3zskadan.cz\/wp-content\/uploads\/IMG-20251209-WA0017.jpg?resize=1024%2C768&#038;ssl=1\" alt=\"\" class=\"wp-image-14151\" srcset=\"https:\/\/i0.wp.com\/3zskadan.cz\/wp-content\/uploads\/IMG-20251209-WA0017.jpg?resize=1024%2C768&amp;ssl=1 1024w, https:\/\/i0.wp.com\/3zskadan.cz\/wp-content\/uploads\/IMG-20251209-WA0017.jpg?resize=300%2C225&amp;ssl=1 300w, https:\/\/i0.wp.com\/3zskadan.cz\/wp-content\/uploads\/IMG-20251209-WA0017.jpg?resize=768%2C576&amp;ssl=1 768w, https:\/\/i0.wp.com\/3zskadan.cz\/wp-content\/uploads\/IMG-20251209-WA0017.jpg?resize=1536%2C1152&amp;ssl=1 1536w, https:\/\/i0.wp.com\/3zskadan.cz\/wp-content\/uploads\/IMG-20251209-WA0017.jpg?w=1600&amp;ssl=1 1600w\" sizes=\"(max-width: 1024px) 100vw, 1024px\" \/><\/figure>\n<\/figure>\n","protected":false},"excerpt":{"rendered":"<p>Kreativn\u00ed dopoledne s Jitkou K\u016fsovou Na za\u010d\u00e1tku prosince jsme m\u011bli mo\u017enost z\u00fa\u010dastnit se v Galerii Josefa Lieslera v\u00fdjime\u010dn\u00e9ho vzd\u011bl\u00e1vac\u00edho programu, kter\u00fd se uskute\u010dnil v n\u00e1vaznosti na aktu\u00e1ln\u00ed expozici Skupiny kada\u0148sk\u00fdch um\u011blc\u016f. Jitka K\u016fsov\u00e1 \u2013 mal\u00ed\u0159ka, kresl\u00ed\u0159ka, socha\u0159ka a jedna z vystavuj\u00edc\u00edch autorek \u2013 p\u0159ipravila spole\u010dn\u011b s kur\u00e1torkou v\u00fdstavy, Mgr. et MgA. Zde\u0148kou B\u00edlkovou, inspirativn\u00ed workshop [&hellip;]<\/p>\n","protected":false},"author":1,"featured_media":14154,"comment_status":"open","ping_status":"open","sticky":false,"template":"","format":"standard","meta":{"jetpack_post_was_ever_published":false,"_jetpack_newsletter_access":"","_jetpack_dont_email_post_to_subs":false,"_jetpack_newsletter_tier_id":0,"_jetpack_memberships_contains_paywalled_content":false,"_jetpack_memberships_contains_paid_content":false,"footnotes":"","jetpack_publicize_message":"","jetpack_publicize_feature_enabled":true,"jetpack_social_post_already_shared":true,"jetpack_social_options":{"image_generator_settings":{"template":"highway","default_image_id":0,"font":"","enabled":false},"version":2}},"categories":[15,4],"tags":[],"class_list":{"0":"post-14165","1":"post","2":"type-post","3":"status-publish","4":"format-standard","5":"has-post-thumbnail","7":"category-aktuality","8":"category-informace","9":"czr-hentry"},"yoast_head":"<!-- This site is optimized with the Yoast SEO plugin v27.4 - https:\/\/yoast.com\/product\/yoast-seo-wordpress\/ -->\n<title>Kreativn\u00ed dopoledne - Z\u00e1kladn\u00ed \u0161kola Kada\u0148, ul. Chomutovsk\u00e1 1683<\/title>\n<meta name=\"robots\" content=\"index, follow, max-snippet:-1, max-image-preview:large, max-video-preview:-1\" \/>\n<link rel=\"canonical\" href=\"https:\/\/3zskadan.cz\/?p=14165\" \/>\n<meta property=\"og:locale\" content=\"cs_CZ\" \/>\n<meta property=\"og:type\" content=\"article\" \/>\n<meta property=\"og:title\" content=\"Kreativn\u00ed dopoledne - Z\u00e1kladn\u00ed \u0161kola Kada\u0148, ul. Chomutovsk\u00e1 1683\" \/>\n<meta property=\"og:description\" content=\"Kreativn\u00ed dopoledne s Jitkou K\u016fsovou Na za\u010d\u00e1tku prosince jsme m\u011bli mo\u017enost z\u00fa\u010dastnit se v Galerii Josefa Lieslera v\u00fdjime\u010dn\u00e9ho vzd\u011bl\u00e1vac\u00edho programu, kter\u00fd se uskute\u010dnil v n\u00e1vaznosti na aktu\u00e1ln\u00ed expozici Skupiny kada\u0148sk\u00fdch um\u011blc\u016f. Jitka K\u016fsov\u00e1 \u2013 mal\u00ed\u0159ka, kresl\u00ed\u0159ka, socha\u0159ka a jedna z vystavuj\u00edc\u00edch autorek \u2013 p\u0159ipravila spole\u010dn\u011b s kur\u00e1torkou v\u00fdstavy, Mgr. et MgA. Zde\u0148kou B\u00edlkovou, inspirativn\u00ed workshop [&hellip;]\" \/>\n<meta property=\"og:url\" content=\"https:\/\/3zskadan.cz\/?p=14165\" \/>\n<meta property=\"og:site_name\" content=\"Z\u00e1kladn\u00ed \u0161kola Kada\u0148, ul. Chomutovsk\u00e1 1683\" \/>\n<meta property=\"article:published_time\" content=\"2025-12-10T06:52:39+00:00\" \/>\n<meta property=\"article:modified_time\" content=\"2025-12-10T06:52:40+00:00\" \/>\n<meta property=\"og:image\" content=\"https:\/\/3zskadan.cz\/wp-content\/uploads\/IMG-20251209-WA0014.jpg\" \/>\n\t<meta property=\"og:image:width\" content=\"1600\" \/>\n\t<meta property=\"og:image:height\" content=\"1200\" \/>\n\t<meta property=\"og:image:type\" content=\"image\/jpeg\" \/>\n<meta name=\"author\" content=\"Radek Vinick\u00fd\" \/>\n<meta name=\"twitter:card\" content=\"summary_large_image\" \/>\n<meta name=\"twitter:label1\" content=\"Napsal(a)\" \/>\n\t<meta name=\"twitter:data1\" content=\"Radek Vinick\u00fd\" \/>\n\t<meta name=\"twitter:label2\" content=\"Odhadovan\u00e1 doba \u010dten\u00ed\" \/>\n\t<meta name=\"twitter:data2\" content=\"3 minuty\" \/>\n<script type=\"application\/ld+json\" class=\"yoast-schema-graph\">{\"@context\":\"https:\\\/\\\/schema.org\",\"@graph\":[{\"@type\":\"Article\",\"@id\":\"https:\\\/\\\/3zskadan.cz\\\/?p=14165#article\",\"isPartOf\":{\"@id\":\"https:\\\/\\\/3zskadan.cz\\\/?p=14165\"},\"author\":{\"name\":\"Radek Vinick\u00fd\",\"@id\":\"https:\\\/\\\/3zskadan.cz\\\/#\\\/schema\\\/person\\\/a2724b0431f00279441bbceb4e37b1a5\"},\"headline\":\"Kreativn\u00ed dopoledne\",\"datePublished\":\"2025-12-10T06:52:39+00:00\",\"dateModified\":\"2025-12-10T06:52:40+00:00\",\"mainEntityOfPage\":{\"@id\":\"https:\\\/\\\/3zskadan.cz\\\/?p=14165\"},\"wordCount\":296,\"commentCount\":0,\"image\":{\"@id\":\"https:\\\/\\\/3zskadan.cz\\\/?p=14165#primaryimage\"},\"thumbnailUrl\":\"https:\\\/\\\/i0.wp.com\\\/3zskadan.cz\\\/wp-content\\\/uploads\\\/IMG-20251209-WA0014.jpg?fit=1600%2C1200&ssl=1\",\"articleSection\":[\"Aktuality\",\"Informace\"],\"inLanguage\":\"cs\",\"potentialAction\":[{\"@type\":\"CommentAction\",\"name\":\"Comment\",\"target\":[\"https:\\\/\\\/3zskadan.cz\\\/?p=14165#respond\"]}]},{\"@type\":\"WebPage\",\"@id\":\"https:\\\/\\\/3zskadan.cz\\\/?p=14165\",\"url\":\"https:\\\/\\\/3zskadan.cz\\\/?p=14165\",\"name\":\"Kreativn\u00ed dopoledne - Z\u00e1kladn\u00ed \u0161kola Kada\u0148, ul. Chomutovsk\u00e1 1683\",\"isPartOf\":{\"@id\":\"https:\\\/\\\/3zskadan.cz\\\/#website\"},\"primaryImageOfPage\":{\"@id\":\"https:\\\/\\\/3zskadan.cz\\\/?p=14165#primaryimage\"},\"image\":{\"@id\":\"https:\\\/\\\/3zskadan.cz\\\/?p=14165#primaryimage\"},\"thumbnailUrl\":\"https:\\\/\\\/i0.wp.com\\\/3zskadan.cz\\\/wp-content\\\/uploads\\\/IMG-20251209-WA0014.jpg?fit=1600%2C1200&ssl=1\",\"datePublished\":\"2025-12-10T06:52:39+00:00\",\"dateModified\":\"2025-12-10T06:52:40+00:00\",\"author\":{\"@id\":\"https:\\\/\\\/3zskadan.cz\\\/#\\\/schema\\\/person\\\/a2724b0431f00279441bbceb4e37b1a5\"},\"breadcrumb\":{\"@id\":\"https:\\\/\\\/3zskadan.cz\\\/?p=14165#breadcrumb\"},\"inLanguage\":\"cs\",\"potentialAction\":[{\"@type\":\"ReadAction\",\"target\":[\"https:\\\/\\\/3zskadan.cz\\\/?p=14165\"]}]},{\"@type\":\"ImageObject\",\"inLanguage\":\"cs\",\"@id\":\"https:\\\/\\\/3zskadan.cz\\\/?p=14165#primaryimage\",\"url\":\"https:\\\/\\\/i0.wp.com\\\/3zskadan.cz\\\/wp-content\\\/uploads\\\/IMG-20251209-WA0014.jpg?fit=1600%2C1200&ssl=1\",\"contentUrl\":\"https:\\\/\\\/i0.wp.com\\\/3zskadan.cz\\\/wp-content\\\/uploads\\\/IMG-20251209-WA0014.jpg?fit=1600%2C1200&ssl=1\",\"width\":1600,\"height\":1200},{\"@type\":\"BreadcrumbList\",\"@id\":\"https:\\\/\\\/3zskadan.cz\\\/?p=14165#breadcrumb\",\"itemListElement\":[{\"@type\":\"ListItem\",\"position\":1,\"name\":\"Dom\u016f\",\"item\":\"https:\\\/\\\/3zskadan.cz\\\/\"},{\"@type\":\"ListItem\",\"position\":2,\"name\":\"Kreativn\u00ed dopoledne\"}]},{\"@type\":\"WebSite\",\"@id\":\"https:\\\/\\\/3zskadan.cz\\\/#website\",\"url\":\"https:\\\/\\\/3zskadan.cz\\\/\",\"name\":\"Z\u00e1kladn\u00ed \u0161kola Kada\u0148, ul. Chomutovsk\u00e1 1683\",\"description\":\"\",\"potentialAction\":[{\"@type\":\"SearchAction\",\"target\":{\"@type\":\"EntryPoint\",\"urlTemplate\":\"https:\\\/\\\/3zskadan.cz\\\/?s={search_term_string}\"},\"query-input\":{\"@type\":\"PropertyValueSpecification\",\"valueRequired\":true,\"valueName\":\"search_term_string\"}}],\"inLanguage\":\"cs\"},{\"@type\":\"Person\",\"@id\":\"https:\\\/\\\/3zskadan.cz\\\/#\\\/schema\\\/person\\\/a2724b0431f00279441bbceb4e37b1a5\",\"name\":\"Radek Vinick\u00fd\",\"image\":{\"@type\":\"ImageObject\",\"inLanguage\":\"cs\",\"@id\":\"https:\\\/\\\/secure.gravatar.com\\\/avatar\\\/eda0a90e46343fd9908cdf92cc69b075f7f5b586cf33b05c8dd68cb1209f00d6?s=96&d=wavatar&r=g\",\"url\":\"https:\\\/\\\/secure.gravatar.com\\\/avatar\\\/eda0a90e46343fd9908cdf92cc69b075f7f5b586cf33b05c8dd68cb1209f00d6?s=96&d=wavatar&r=g\",\"contentUrl\":\"https:\\\/\\\/secure.gravatar.com\\\/avatar\\\/eda0a90e46343fd9908cdf92cc69b075f7f5b586cf33b05c8dd68cb1209f00d6?s=96&d=wavatar&r=g\",\"caption\":\"Radek Vinick\u00fd\"},\"url\":\"https:\\\/\\\/3zskadan.cz\\\/?author=1\"}]}<\/script>\n<!-- \/ Yoast SEO plugin. -->","yoast_head_json":{"title":"Kreativn\u00ed dopoledne - Z\u00e1kladn\u00ed \u0161kola Kada\u0148, ul. Chomutovsk\u00e1 1683","robots":{"index":"index","follow":"follow","max-snippet":"max-snippet:-1","max-image-preview":"max-image-preview:large","max-video-preview":"max-video-preview:-1"},"canonical":"https:\/\/3zskadan.cz\/?p=14165","og_locale":"cs_CZ","og_type":"article","og_title":"Kreativn\u00ed dopoledne - Z\u00e1kladn\u00ed \u0161kola Kada\u0148, ul. Chomutovsk\u00e1 1683","og_description":"Kreativn\u00ed dopoledne s Jitkou K\u016fsovou Na za\u010d\u00e1tku prosince jsme m\u011bli mo\u017enost z\u00fa\u010dastnit se v Galerii Josefa Lieslera v\u00fdjime\u010dn\u00e9ho vzd\u011bl\u00e1vac\u00edho programu, kter\u00fd se uskute\u010dnil v n\u00e1vaznosti na aktu\u00e1ln\u00ed expozici Skupiny kada\u0148sk\u00fdch um\u011blc\u016f. Jitka K\u016fsov\u00e1 \u2013 mal\u00ed\u0159ka, kresl\u00ed\u0159ka, socha\u0159ka a jedna z vystavuj\u00edc\u00edch autorek \u2013 p\u0159ipravila spole\u010dn\u011b s kur\u00e1torkou v\u00fdstavy, Mgr. et MgA. Zde\u0148kou B\u00edlkovou, inspirativn\u00ed workshop [&hellip;]","og_url":"https:\/\/3zskadan.cz\/?p=14165","og_site_name":"Z\u00e1kladn\u00ed \u0161kola Kada\u0148, ul. Chomutovsk\u00e1 1683","article_published_time":"2025-12-10T06:52:39+00:00","article_modified_time":"2025-12-10T06:52:40+00:00","og_image":[{"width":1600,"height":1200,"url":"https:\/\/3zskadan.cz\/wp-content\/uploads\/IMG-20251209-WA0014.jpg","type":"image\/jpeg"}],"author":"Radek Vinick\u00fd","twitter_card":"summary_large_image","twitter_misc":{"Napsal(a)":"Radek Vinick\u00fd","Odhadovan\u00e1 doba \u010dten\u00ed":"3 minuty"},"schema":{"@context":"https:\/\/schema.org","@graph":[{"@type":"Article","@id":"https:\/\/3zskadan.cz\/?p=14165#article","isPartOf":{"@id":"https:\/\/3zskadan.cz\/?p=14165"},"author":{"name":"Radek Vinick\u00fd","@id":"https:\/\/3zskadan.cz\/#\/schema\/person\/a2724b0431f00279441bbceb4e37b1a5"},"headline":"Kreativn\u00ed dopoledne","datePublished":"2025-12-10T06:52:39+00:00","dateModified":"2025-12-10T06:52:40+00:00","mainEntityOfPage":{"@id":"https:\/\/3zskadan.cz\/?p=14165"},"wordCount":296,"commentCount":0,"image":{"@id":"https:\/\/3zskadan.cz\/?p=14165#primaryimage"},"thumbnailUrl":"https:\/\/i0.wp.com\/3zskadan.cz\/wp-content\/uploads\/IMG-20251209-WA0014.jpg?fit=1600%2C1200&ssl=1","articleSection":["Aktuality","Informace"],"inLanguage":"cs","potentialAction":[{"@type":"CommentAction","name":"Comment","target":["https:\/\/3zskadan.cz\/?p=14165#respond"]}]},{"@type":"WebPage","@id":"https:\/\/3zskadan.cz\/?p=14165","url":"https:\/\/3zskadan.cz\/?p=14165","name":"Kreativn\u00ed dopoledne - Z\u00e1kladn\u00ed \u0161kola Kada\u0148, ul. Chomutovsk\u00e1 1683","isPartOf":{"@id":"https:\/\/3zskadan.cz\/#website"},"primaryImageOfPage":{"@id":"https:\/\/3zskadan.cz\/?p=14165#primaryimage"},"image":{"@id":"https:\/\/3zskadan.cz\/?p=14165#primaryimage"},"thumbnailUrl":"https:\/\/i0.wp.com\/3zskadan.cz\/wp-content\/uploads\/IMG-20251209-WA0014.jpg?fit=1600%2C1200&ssl=1","datePublished":"2025-12-10T06:52:39+00:00","dateModified":"2025-12-10T06:52:40+00:00","author":{"@id":"https:\/\/3zskadan.cz\/#\/schema\/person\/a2724b0431f00279441bbceb4e37b1a5"},"breadcrumb":{"@id":"https:\/\/3zskadan.cz\/?p=14165#breadcrumb"},"inLanguage":"cs","potentialAction":[{"@type":"ReadAction","target":["https:\/\/3zskadan.cz\/?p=14165"]}]},{"@type":"ImageObject","inLanguage":"cs","@id":"https:\/\/3zskadan.cz\/?p=14165#primaryimage","url":"https:\/\/i0.wp.com\/3zskadan.cz\/wp-content\/uploads\/IMG-20251209-WA0014.jpg?fit=1600%2C1200&ssl=1","contentUrl":"https:\/\/i0.wp.com\/3zskadan.cz\/wp-content\/uploads\/IMG-20251209-WA0014.jpg?fit=1600%2C1200&ssl=1","width":1600,"height":1200},{"@type":"BreadcrumbList","@id":"https:\/\/3zskadan.cz\/?p=14165#breadcrumb","itemListElement":[{"@type":"ListItem","position":1,"name":"Dom\u016f","item":"https:\/\/3zskadan.cz\/"},{"@type":"ListItem","position":2,"name":"Kreativn\u00ed dopoledne"}]},{"@type":"WebSite","@id":"https:\/\/3zskadan.cz\/#website","url":"https:\/\/3zskadan.cz\/","name":"Z\u00e1kladn\u00ed \u0161kola Kada\u0148, ul. Chomutovsk\u00e1 1683","description":"","potentialAction":[{"@type":"SearchAction","target":{"@type":"EntryPoint","urlTemplate":"https:\/\/3zskadan.cz\/?s={search_term_string}"},"query-input":{"@type":"PropertyValueSpecification","valueRequired":true,"valueName":"search_term_string"}}],"inLanguage":"cs"},{"@type":"Person","@id":"https:\/\/3zskadan.cz\/#\/schema\/person\/a2724b0431f00279441bbceb4e37b1a5","name":"Radek Vinick\u00fd","image":{"@type":"ImageObject","inLanguage":"cs","@id":"https:\/\/secure.gravatar.com\/avatar\/eda0a90e46343fd9908cdf92cc69b075f7f5b586cf33b05c8dd68cb1209f00d6?s=96&d=wavatar&r=g","url":"https:\/\/secure.gravatar.com\/avatar\/eda0a90e46343fd9908cdf92cc69b075f7f5b586cf33b05c8dd68cb1209f00d6?s=96&d=wavatar&r=g","contentUrl":"https:\/\/secure.gravatar.com\/avatar\/eda0a90e46343fd9908cdf92cc69b075f7f5b586cf33b05c8dd68cb1209f00d6?s=96&d=wavatar&r=g","caption":"Radek Vinick\u00fd"},"url":"https:\/\/3zskadan.cz\/?author=1"}]}},"jetpack_publicize_connections":[],"jetpack_featured_media_url":"https:\/\/i0.wp.com\/3zskadan.cz\/wp-content\/uploads\/IMG-20251209-WA0014.jpg?fit=1600%2C1200&ssl=1","jetpack_sharing_enabled":true,"jetpack_shortlink":"https:\/\/wp.me\/p7YYLP-3Gt","_links":{"self":[{"href":"https:\/\/3zskadan.cz\/index.php?rest_route=\/wp\/v2\/posts\/14165","targetHints":{"allow":["GET"]}}],"collection":[{"href":"https:\/\/3zskadan.cz\/index.php?rest_route=\/wp\/v2\/posts"}],"about":[{"href":"https:\/\/3zskadan.cz\/index.php?rest_route=\/wp\/v2\/types\/post"}],"author":[{"embeddable":true,"href":"https:\/\/3zskadan.cz\/index.php?rest_route=\/wp\/v2\/users\/1"}],"replies":[{"embeddable":true,"href":"https:\/\/3zskadan.cz\/index.php?rest_route=%2Fwp%2Fv2%2Fcomments&post=14165"}],"version-history":[{"count":2,"href":"https:\/\/3zskadan.cz\/index.php?rest_route=\/wp\/v2\/posts\/14165\/revisions"}],"predecessor-version":[{"id":14167,"href":"https:\/\/3zskadan.cz\/index.php?rest_route=\/wp\/v2\/posts\/14165\/revisions\/14167"}],"wp:featuredmedia":[{"embeddable":true,"href":"https:\/\/3zskadan.cz\/index.php?rest_route=\/wp\/v2\/media\/14154"}],"wp:attachment":[{"href":"https:\/\/3zskadan.cz\/index.php?rest_route=%2Fwp%2Fv2%2Fmedia&parent=14165"}],"wp:term":[{"taxonomy":"category","embeddable":true,"href":"https:\/\/3zskadan.cz\/index.php?rest_route=%2Fwp%2Fv2%2Fcategories&post=14165"},{"taxonomy":"post_tag","embeddable":true,"href":"https:\/\/3zskadan.cz\/index.php?rest_route=%2Fwp%2Fv2%2Ftags&post=14165"}],"curies":[{"name":"wp","href":"https:\/\/api.w.org\/{rel}","templated":true}]}}