{"id":2232,"date":"2017-04-12T15:36:43","date_gmt":"2017-04-12T13:36:43","guid":{"rendered":"http:\/\/3zskadan.cz\/?p=2232"},"modified":"2017-04-12T15:37:19","modified_gmt":"2017-04-12T13:37:19","slug":"tesime-se-na-skolu-v-prirode","status":"publish","type":"post","link":"https:\/\/3zskadan.cz\/?p=2232","title":{"rendered":"T\u011b\u0161\u00edme se na \u0161kolu v\u00a0p\u0159\u00edrod\u011b"},"content":{"rendered":"<p>Ve st\u0159edu 19. 4. 2017 ve 14 h p\u0159ijedou p\u0159ed \u0161kolu dva velk\u00e9 z\u00e1jezdov\u00e9 autobusy, kter\u00e9 n\u00e1s odvezou do Hrachova. Prv\u0148\u00e1ci a druh\u00e1ci se budou sch\u00e1zet p\u0159ed dru\u017einou a star\u0161\u00ed d\u011bti p\u0159ed hlavn\u00ed budovou. <strong>Odjezd je napl\u00e1nov\u00e1n na 14:30 h<\/strong>. Po\u010d\u00edt\u00e1me s t\u00edm, \u017ee do rekrea\u010dn\u00edho st\u0159ediska doraz\u00edme v\u00a017 h.<\/p>\n<p>P\u0159ed odjezdem <strong>nesm\u00edme<\/strong> zapomenout odevzdat:<\/p>\n<ul>\n<li><strong>l\u00e9ka\u0159sk\u00e9 potvrzen\u00ed, <\/strong><\/li>\n<li><strong>kopii karti\u010dky poji\u0161\u0165ovny, <\/strong><\/li>\n<li><strong>potvrzen\u00ed o bezinfek\u010dnosti, <\/strong><\/li>\n<li><strong>p\u0159\u00edpadn\u011b pravideln\u011b u\u017e\u00edvan\u00e9 l\u00e9ky<\/strong>.<\/li>\n<\/ul>\n<p>V\u0161ichni budeme m\u00edt radost, kdy\u017e n\u00e1m p\u0159ijdou pohledy nebo dopisy, a proto p\u0159ipom\u00edn\u00e1me adresu:<\/p>\n<p>&nbsp;<\/p>\n<p><a href=\"https:\/\/i0.wp.com\/3zskadan.cz\/wp-content\/uploads\/2017\/04\/pohled.png\"><img data-recalc-dims=\"1\" fetchpriority=\"high\" decoding=\"async\" data-attachment-id=\"2233\" data-permalink=\"https:\/\/3zskadan.cz\/?attachment_id=2233\" data-orig-file=\"https:\/\/i0.wp.com\/3zskadan.cz\/wp-content\/uploads\/2017\/04\/pohled.png?fit=582%2C382&amp;ssl=1\" data-orig-size=\"582,382\" data-comments-opened=\"1\" data-image-meta=\"{&quot;aperture&quot;:&quot;0&quot;,&quot;credit&quot;:&quot;&quot;,&quot;camera&quot;:&quot;&quot;,&quot;caption&quot;:&quot;&quot;,&quot;created_timestamp&quot;:&quot;0&quot;,&quot;copyright&quot;:&quot;&quot;,&quot;focal_length&quot;:&quot;0&quot;,&quot;iso&quot;:&quot;0&quot;,&quot;shutter_speed&quot;:&quot;0&quot;,&quot;title&quot;:&quot;&quot;,&quot;orientation&quot;:&quot;0&quot;}\" data-image-title=\"pohled\" data-image-description=\"\" data-image-caption=\"\" data-large-file=\"https:\/\/i0.wp.com\/3zskadan.cz\/wp-content\/uploads\/2017\/04\/pohled.png?fit=582%2C382&amp;ssl=1\" class=\"size-full wp-image-2233 aligncenter\" src=\"https:\/\/i0.wp.com\/3zskadan.cz\/wp-content\/uploads\/2017\/04\/pohled.png?resize=582%2C382\" alt=\"\" width=\"582\" height=\"382\" srcset=\"https:\/\/i0.wp.com\/3zskadan.cz\/wp-content\/uploads\/2017\/04\/pohled.png?w=582&amp;ssl=1 582w, https:\/\/i0.wp.com\/3zskadan.cz\/wp-content\/uploads\/2017\/04\/pohled.png?resize=80%2C53&amp;ssl=1 80w, https:\/\/i0.wp.com\/3zskadan.cz\/wp-content\/uploads\/2017\/04\/pohled.png?resize=300%2C197&amp;ssl=1 300w\" sizes=\"(max-width: 582px) 100vw, 582px\" \/><\/a><\/p>\n<p>Dom\u016f se budeme vracet za t\u00fdden 26. 4. 2017 kolem poledn\u00edho.<\/p>\n","protected":false},"excerpt":{"rendered":"<p>Ve st\u0159edu 19. 4. 2017 ve 14 h p\u0159ijedou p\u0159ed \u0161kolu dva velk\u00e9 z\u00e1jezdov\u00e9 autobusy, kter\u00e9 n\u00e1s odvezou do Hrachova. Prv\u0148\u00e1ci a druh\u00e1ci se budou sch\u00e1zet p\u0159ed dru\u017einou a star\u0161\u00ed d\u011bti p\u0159ed hlavn\u00ed budovou. Odjezd je napl\u00e1nov\u00e1n na 14:30 h. Po\u010d\u00edt\u00e1me s t\u00edm, \u017ee do rekrea\u010dn\u00edho st\u0159ediska doraz\u00edme v\u00a017 h. P\u0159ed odjezdem nesm\u00edme zapomenout odevzdat: [&hellip;]<\/p>\n","protected":false},"author":1,"featured_media":0,"comment_status":"open","ping_status":"open","sticky":false,"template":"","format":"standard","meta":{"jetpack_post_was_ever_published":false,"_jetpack_newsletter_access":"","_jetpack_dont_email_post_to_subs":false,"_jetpack_newsletter_tier_id":0,"_jetpack_memberships_contains_paywalled_content":false,"_jetpack_memberships_contains_paid_content":false,"footnotes":"","jetpack_publicize_message":"","jetpack_publicize_feature_enabled":true,"jetpack_social_post_already_shared":true,"jetpack_social_options":{"image_generator_settings":{"template":"highway","default_image_id":0,"font":"","enabled":false},"version":2}},"categories":[15],"tags":[],"class_list":{"0":"post-2232","1":"post","2":"type-post","3":"status-publish","4":"format-standard","6":"category-aktuality","7":"czr-hentry"},"yoast_head":"<!-- This site is optimized with the Yoast SEO plugin v27.4 - https:\/\/yoast.com\/product\/yoast-seo-wordpress\/ -->\n<title>T\u011b\u0161\u00edme se na \u0161kolu v\u00a0p\u0159\u00edrod\u011b - Z\u00e1kladn\u00ed \u0161kola Kada\u0148, ul. Chomutovsk\u00e1 1683<\/title>\n<meta name=\"robots\" content=\"index, follow, max-snippet:-1, max-image-preview:large, max-video-preview:-1\" \/>\n<link rel=\"canonical\" href=\"https:\/\/3zskadan.cz\/?p=2232\" \/>\n<meta property=\"og:locale\" content=\"cs_CZ\" \/>\n<meta property=\"og:type\" content=\"article\" \/>\n<meta property=\"og:title\" content=\"T\u011b\u0161\u00edme se na \u0161kolu v\u00a0p\u0159\u00edrod\u011b - Z\u00e1kladn\u00ed \u0161kola Kada\u0148, ul. Chomutovsk\u00e1 1683\" \/>\n<meta property=\"og:description\" content=\"Ve st\u0159edu 19. 4. 2017 ve 14 h p\u0159ijedou p\u0159ed \u0161kolu dva velk\u00e9 z\u00e1jezdov\u00e9 autobusy, kter\u00e9 n\u00e1s odvezou do Hrachova. Prv\u0148\u00e1ci a druh\u00e1ci se budou sch\u00e1zet p\u0159ed dru\u017einou a star\u0161\u00ed d\u011bti p\u0159ed hlavn\u00ed budovou. Odjezd je napl\u00e1nov\u00e1n na 14:30 h. Po\u010d\u00edt\u00e1me s t\u00edm, \u017ee do rekrea\u010dn\u00edho st\u0159ediska doraz\u00edme v\u00a017 h. P\u0159ed odjezdem nesm\u00edme zapomenout odevzdat: [&hellip;]\" \/>\n<meta property=\"og:url\" content=\"https:\/\/3zskadan.cz\/?p=2232\" \/>\n<meta property=\"og:site_name\" content=\"Z\u00e1kladn\u00ed \u0161kola Kada\u0148, ul. Chomutovsk\u00e1 1683\" \/>\n<meta property=\"article:published_time\" content=\"2017-04-12T13:36:43+00:00\" \/>\n<meta property=\"article:modified_time\" content=\"2017-04-12T13:37:19+00:00\" \/>\n<meta property=\"og:image\" content=\"http:\/\/3zskadan.cz\/wp-content\/uploads\/2017\/04\/pohled.png\" \/>\n<meta name=\"author\" content=\"Radek Vinick\u00fd\" \/>\n<meta name=\"twitter:card\" content=\"summary_large_image\" \/>\n<meta name=\"twitter:label1\" content=\"Napsal(a)\" \/>\n\t<meta name=\"twitter:data1\" content=\"Radek Vinick\u00fd\" \/>\n\t<meta name=\"twitter:label2\" content=\"Odhadovan\u00e1 doba \u010dten\u00ed\" \/>\n\t<meta name=\"twitter:data2\" content=\"1 minuta\" \/>\n<script type=\"application\/ld+json\" class=\"yoast-schema-graph\">{\"@context\":\"https:\\\/\\\/schema.org\",\"@graph\":[{\"@type\":\"Article\",\"@id\":\"https:\\\/\\\/3zskadan.cz\\\/?p=2232#article\",\"isPartOf\":{\"@id\":\"https:\\\/\\\/3zskadan.cz\\\/?p=2232\"},\"author\":{\"name\":\"Radek Vinick\u00fd\",\"@id\":\"https:\\\/\\\/3zskadan.cz\\\/#\\\/schema\\\/person\\\/a2724b0431f00279441bbceb4e37b1a5\"},\"headline\":\"T\u011b\u0161\u00edme se na \u0161kolu v\u00a0p\u0159\u00edrod\u011b\",\"datePublished\":\"2017-04-12T13:36:43+00:00\",\"dateModified\":\"2017-04-12T13:37:19+00:00\",\"mainEntityOfPage\":{\"@id\":\"https:\\\/\\\/3zskadan.cz\\\/?p=2232\"},\"wordCount\":133,\"commentCount\":0,\"image\":{\"@id\":\"https:\\\/\\\/3zskadan.cz\\\/?p=2232#primaryimage\"},\"thumbnailUrl\":\"http:\\\/\\\/3zskadan.cz\\\/wp-content\\\/uploads\\\/2017\\\/04\\\/pohled.png\",\"articleSection\":[\"Aktuality\"],\"inLanguage\":\"cs\",\"potentialAction\":[{\"@type\":\"CommentAction\",\"name\":\"Comment\",\"target\":[\"https:\\\/\\\/3zskadan.cz\\\/?p=2232#respond\"]}]},{\"@type\":\"WebPage\",\"@id\":\"https:\\\/\\\/3zskadan.cz\\\/?p=2232\",\"url\":\"https:\\\/\\\/3zskadan.cz\\\/?p=2232\",\"name\":\"T\u011b\u0161\u00edme se na \u0161kolu v\u00a0p\u0159\u00edrod\u011b - Z\u00e1kladn\u00ed \u0161kola Kada\u0148, ul. Chomutovsk\u00e1 1683\",\"isPartOf\":{\"@id\":\"https:\\\/\\\/3zskadan.cz\\\/#website\"},\"primaryImageOfPage\":{\"@id\":\"https:\\\/\\\/3zskadan.cz\\\/?p=2232#primaryimage\"},\"image\":{\"@id\":\"https:\\\/\\\/3zskadan.cz\\\/?p=2232#primaryimage\"},\"thumbnailUrl\":\"http:\\\/\\\/3zskadan.cz\\\/wp-content\\\/uploads\\\/2017\\\/04\\\/pohled.png\",\"datePublished\":\"2017-04-12T13:36:43+00:00\",\"dateModified\":\"2017-04-12T13:37:19+00:00\",\"author\":{\"@id\":\"https:\\\/\\\/3zskadan.cz\\\/#\\\/schema\\\/person\\\/a2724b0431f00279441bbceb4e37b1a5\"},\"breadcrumb\":{\"@id\":\"https:\\\/\\\/3zskadan.cz\\\/?p=2232#breadcrumb\"},\"inLanguage\":\"cs\",\"potentialAction\":[{\"@type\":\"ReadAction\",\"target\":[\"https:\\\/\\\/3zskadan.cz\\\/?p=2232\"]}]},{\"@type\":\"ImageObject\",\"inLanguage\":\"cs\",\"@id\":\"https:\\\/\\\/3zskadan.cz\\\/?p=2232#primaryimage\",\"url\":\"http:\\\/\\\/3zskadan.cz\\\/wp-content\\\/uploads\\\/2017\\\/04\\\/pohled.png\",\"contentUrl\":\"http:\\\/\\\/3zskadan.cz\\\/wp-content\\\/uploads\\\/2017\\\/04\\\/pohled.png\"},{\"@type\":\"BreadcrumbList\",\"@id\":\"https:\\\/\\\/3zskadan.cz\\\/?p=2232#breadcrumb\",\"itemListElement\":[{\"@type\":\"ListItem\",\"position\":1,\"name\":\"Dom\u016f\",\"item\":\"https:\\\/\\\/3zskadan.cz\\\/\"},{\"@type\":\"ListItem\",\"position\":2,\"name\":\"T\u011b\u0161\u00edme se na \u0161kolu v\u00a0p\u0159\u00edrod\u011b\"}]},{\"@type\":\"WebSite\",\"@id\":\"https:\\\/\\\/3zskadan.cz\\\/#website\",\"url\":\"https:\\\/\\\/3zskadan.cz\\\/\",\"name\":\"Z\u00e1kladn\u00ed \u0161kola Kada\u0148, ul. Chomutovsk\u00e1 1683\",\"description\":\"\",\"potentialAction\":[{\"@type\":\"SearchAction\",\"target\":{\"@type\":\"EntryPoint\",\"urlTemplate\":\"https:\\\/\\\/3zskadan.cz\\\/?s={search_term_string}\"},\"query-input\":{\"@type\":\"PropertyValueSpecification\",\"valueRequired\":true,\"valueName\":\"search_term_string\"}}],\"inLanguage\":\"cs\"},{\"@type\":\"Person\",\"@id\":\"https:\\\/\\\/3zskadan.cz\\\/#\\\/schema\\\/person\\\/a2724b0431f00279441bbceb4e37b1a5\",\"name\":\"Radek Vinick\u00fd\",\"image\":{\"@type\":\"ImageObject\",\"inLanguage\":\"cs\",\"@id\":\"https:\\\/\\\/secure.gravatar.com\\\/avatar\\\/eda0a90e46343fd9908cdf92cc69b075f7f5b586cf33b05c8dd68cb1209f00d6?s=96&d=wavatar&r=g\",\"url\":\"https:\\\/\\\/secure.gravatar.com\\\/avatar\\\/eda0a90e46343fd9908cdf92cc69b075f7f5b586cf33b05c8dd68cb1209f00d6?s=96&d=wavatar&r=g\",\"contentUrl\":\"https:\\\/\\\/secure.gravatar.com\\\/avatar\\\/eda0a90e46343fd9908cdf92cc69b075f7f5b586cf33b05c8dd68cb1209f00d6?s=96&d=wavatar&r=g\",\"caption\":\"Radek Vinick\u00fd\"},\"url\":\"https:\\\/\\\/3zskadan.cz\\\/?author=1\"}]}<\/script>\n<!-- \/ Yoast SEO plugin. -->","yoast_head_json":{"title":"T\u011b\u0161\u00edme se na \u0161kolu v\u00a0p\u0159\u00edrod\u011b - Z\u00e1kladn\u00ed \u0161kola Kada\u0148, ul. Chomutovsk\u00e1 1683","robots":{"index":"index","follow":"follow","max-snippet":"max-snippet:-1","max-image-preview":"max-image-preview:large","max-video-preview":"max-video-preview:-1"},"canonical":"https:\/\/3zskadan.cz\/?p=2232","og_locale":"cs_CZ","og_type":"article","og_title":"T\u011b\u0161\u00edme se na \u0161kolu v\u00a0p\u0159\u00edrod\u011b - Z\u00e1kladn\u00ed \u0161kola Kada\u0148, ul. Chomutovsk\u00e1 1683","og_description":"Ve st\u0159edu 19. 4. 2017 ve 14 h p\u0159ijedou p\u0159ed \u0161kolu dva velk\u00e9 z\u00e1jezdov\u00e9 autobusy, kter\u00e9 n\u00e1s odvezou do Hrachova. Prv\u0148\u00e1ci a druh\u00e1ci se budou sch\u00e1zet p\u0159ed dru\u017einou a star\u0161\u00ed d\u011bti p\u0159ed hlavn\u00ed budovou. Odjezd je napl\u00e1nov\u00e1n na 14:30 h. Po\u010d\u00edt\u00e1me s t\u00edm, \u017ee do rekrea\u010dn\u00edho st\u0159ediska doraz\u00edme v\u00a017 h. P\u0159ed odjezdem nesm\u00edme zapomenout odevzdat: [&hellip;]","og_url":"https:\/\/3zskadan.cz\/?p=2232","og_site_name":"Z\u00e1kladn\u00ed \u0161kola Kada\u0148, ul. Chomutovsk\u00e1 1683","article_published_time":"2017-04-12T13:36:43+00:00","article_modified_time":"2017-04-12T13:37:19+00:00","og_image":[{"url":"http:\/\/3zskadan.cz\/wp-content\/uploads\/2017\/04\/pohled.png","type":"","width":"","height":""}],"author":"Radek Vinick\u00fd","twitter_card":"summary_large_image","twitter_misc":{"Napsal(a)":"Radek Vinick\u00fd","Odhadovan\u00e1 doba \u010dten\u00ed":"1 minuta"},"schema":{"@context":"https:\/\/schema.org","@graph":[{"@type":"Article","@id":"https:\/\/3zskadan.cz\/?p=2232#article","isPartOf":{"@id":"https:\/\/3zskadan.cz\/?p=2232"},"author":{"name":"Radek Vinick\u00fd","@id":"https:\/\/3zskadan.cz\/#\/schema\/person\/a2724b0431f00279441bbceb4e37b1a5"},"headline":"T\u011b\u0161\u00edme se na \u0161kolu v\u00a0p\u0159\u00edrod\u011b","datePublished":"2017-04-12T13:36:43+00:00","dateModified":"2017-04-12T13:37:19+00:00","mainEntityOfPage":{"@id":"https:\/\/3zskadan.cz\/?p=2232"},"wordCount":133,"commentCount":0,"image":{"@id":"https:\/\/3zskadan.cz\/?p=2232#primaryimage"},"thumbnailUrl":"http:\/\/3zskadan.cz\/wp-content\/uploads\/2017\/04\/pohled.png","articleSection":["Aktuality"],"inLanguage":"cs","potentialAction":[{"@type":"CommentAction","name":"Comment","target":["https:\/\/3zskadan.cz\/?p=2232#respond"]}]},{"@type":"WebPage","@id":"https:\/\/3zskadan.cz\/?p=2232","url":"https:\/\/3zskadan.cz\/?p=2232","name":"T\u011b\u0161\u00edme se na \u0161kolu v\u00a0p\u0159\u00edrod\u011b - Z\u00e1kladn\u00ed \u0161kola Kada\u0148, ul. Chomutovsk\u00e1 1683","isPartOf":{"@id":"https:\/\/3zskadan.cz\/#website"},"primaryImageOfPage":{"@id":"https:\/\/3zskadan.cz\/?p=2232#primaryimage"},"image":{"@id":"https:\/\/3zskadan.cz\/?p=2232#primaryimage"},"thumbnailUrl":"http:\/\/3zskadan.cz\/wp-content\/uploads\/2017\/04\/pohled.png","datePublished":"2017-04-12T13:36:43+00:00","dateModified":"2017-04-12T13:37:19+00:00","author":{"@id":"https:\/\/3zskadan.cz\/#\/schema\/person\/a2724b0431f00279441bbceb4e37b1a5"},"breadcrumb":{"@id":"https:\/\/3zskadan.cz\/?p=2232#breadcrumb"},"inLanguage":"cs","potentialAction":[{"@type":"ReadAction","target":["https:\/\/3zskadan.cz\/?p=2232"]}]},{"@type":"ImageObject","inLanguage":"cs","@id":"https:\/\/3zskadan.cz\/?p=2232#primaryimage","url":"http:\/\/3zskadan.cz\/wp-content\/uploads\/2017\/04\/pohled.png","contentUrl":"http:\/\/3zskadan.cz\/wp-content\/uploads\/2017\/04\/pohled.png"},{"@type":"BreadcrumbList","@id":"https:\/\/3zskadan.cz\/?p=2232#breadcrumb","itemListElement":[{"@type":"ListItem","position":1,"name":"Dom\u016f","item":"https:\/\/3zskadan.cz\/"},{"@type":"ListItem","position":2,"name":"T\u011b\u0161\u00edme se na \u0161kolu v\u00a0p\u0159\u00edrod\u011b"}]},{"@type":"WebSite","@id":"https:\/\/3zskadan.cz\/#website","url":"https:\/\/3zskadan.cz\/","name":"Z\u00e1kladn\u00ed \u0161kola Kada\u0148, ul. Chomutovsk\u00e1 1683","description":"","potentialAction":[{"@type":"SearchAction","target":{"@type":"EntryPoint","urlTemplate":"https:\/\/3zskadan.cz\/?s={search_term_string}"},"query-input":{"@type":"PropertyValueSpecification","valueRequired":true,"valueName":"search_term_string"}}],"inLanguage":"cs"},{"@type":"Person","@id":"https:\/\/3zskadan.cz\/#\/schema\/person\/a2724b0431f00279441bbceb4e37b1a5","name":"Radek Vinick\u00fd","image":{"@type":"ImageObject","inLanguage":"cs","@id":"https:\/\/secure.gravatar.com\/avatar\/eda0a90e46343fd9908cdf92cc69b075f7f5b586cf33b05c8dd68cb1209f00d6?s=96&d=wavatar&r=g","url":"https:\/\/secure.gravatar.com\/avatar\/eda0a90e46343fd9908cdf92cc69b075f7f5b586cf33b05c8dd68cb1209f00d6?s=96&d=wavatar&r=g","contentUrl":"https:\/\/secure.gravatar.com\/avatar\/eda0a90e46343fd9908cdf92cc69b075f7f5b586cf33b05c8dd68cb1209f00d6?s=96&d=wavatar&r=g","caption":"Radek Vinick\u00fd"},"url":"https:\/\/3zskadan.cz\/?author=1"}]}},"jetpack_publicize_connections":[],"jetpack_featured_media_url":"","jetpack_sharing_enabled":true,"jetpack_shortlink":"https:\/\/wp.me\/p7YYLP-A0","_links":{"self":[{"href":"https:\/\/3zskadan.cz\/index.php?rest_route=\/wp\/v2\/posts\/2232","targetHints":{"allow":["GET"]}}],"collection":[{"href":"https:\/\/3zskadan.cz\/index.php?rest_route=\/wp\/v2\/posts"}],"about":[{"href":"https:\/\/3zskadan.cz\/index.php?rest_route=\/wp\/v2\/types\/post"}],"author":[{"embeddable":true,"href":"https:\/\/3zskadan.cz\/index.php?rest_route=\/wp\/v2\/users\/1"}],"replies":[{"embeddable":true,"href":"https:\/\/3zskadan.cz\/index.php?rest_route=%2Fwp%2Fv2%2Fcomments&post=2232"}],"version-history":[{"count":0,"href":"https:\/\/3zskadan.cz\/index.php?rest_route=\/wp\/v2\/posts\/2232\/revisions"}],"wp:attachment":[{"href":"https:\/\/3zskadan.cz\/index.php?rest_route=%2Fwp%2Fv2%2Fmedia&parent=2232"}],"wp:term":[{"taxonomy":"category","embeddable":true,"href":"https:\/\/3zskadan.cz\/index.php?rest_route=%2Fwp%2Fv2%2Fcategories&post=2232"},{"taxonomy":"post_tag","embeddable":true,"href":"https:\/\/3zskadan.cz\/index.php?rest_route=%2Fwp%2Fv2%2Ftags&post=2232"}],"curies":[{"name":"wp","href":"https:\/\/api.w.org\/{rel}","templated":true}]}}