{"id":6116,"date":"2019-08-28T19:40:12","date_gmt":"2019-08-28T17:40:12","guid":{"rendered":"https:\/\/3zskadan.cz\/?p=6116"},"modified":"2019-08-28T19:42:26","modified_gmt":"2019-08-28T17:42:26","slug":"prvni-tyden-ve-skole-2","status":"publish","type":"post","link":"https:\/\/3zskadan.cz\/?p=6116","title":{"rendered":"Prvn\u00ed t\u00fdden ve \u0161kole"},"content":{"rendered":"<p>Do konce pr\u00e1zdnin u\u017e zb\u00fdv\u00e1 jen p\u00e1r dn\u016f. \u0160kol\u00e1ci si je\u0161t\u011b u\u017e\u00edvaj\u00ed zaslou\u017een\u00e9 pr\u00e1zdniny, ale ve \u0161kole se piln\u011b pracuje. U\u017e je vymalov\u00e1no. V n\u011bkolika t\u0159\u00edd\u00e1ch m\u00e1me nov\u00e9 osv\u011btlen\u00ed. Zedn\u00edci b\u011bhem pr\u00e1zdnin stihli upravit \u010d\u00e1st jednoho kabinetu na sklad recyklovan\u00e9ho pap\u00edru. V\u00fdrobci n\u00e1bytku nainstalovali nov\u00e9 sk\u0159\u00edn\u011b do kabinetu chemie. Do sousedn\u00ed p\u0159\u00edrodov\u011bdn\u00e9 u\u010debny p\u0159ibyla nov\u00e1 interaktivn\u00ed tabule s lep\u0161\u00edm vizualiz\u00e9rem, mnoho modern\u00edch pom\u016fcek a m\u011b\u0159ic\u00edch senzor\u016f na laboratorn\u00ed pr\u00e1ce. Pan \u0161koln\u00edk vylep\u0161il alt\u00e1n, aby se n\u00e1m v n\u011bm l\u00e9pe u\u010dilo. T\u011b\u0161te se! A\u017e se po pr\u00e1zdnin\u00e1ch vr\u00e1t\u00edte, \u010dekaj\u00ed na v\u00e1s kr\u00e1sn\u011b vyzdoben\u00e9 u\u010debny i chodby, aby se v\u00e1m ve \u0161kole l\u00edbilo.<\/p>\n<p>V pond\u011bl\u00ed 2. z\u00e1\u0159\u00ed bude v\u0161e p\u0159ipraveno a v 8.15 h za\u010dne \u0161koln\u00ed rok 2019\/2020.<\/p>\n<p>A jak bude prvn\u00ed t\u00fdden \u0161koln\u00edho roku pokra\u010dovat?<\/p>\n<p><strong>Pond\u011bl\u00ed 2. z\u00e1\u0159\u00ed 2019<\/strong><\/p>\n<ul>\n<li>1. t\u0159\u00eddy od 8.15 slavnostn\u00ed p\u0159iv\u00edt\u00e1n\u00ed v alt\u00e1nu Jit\u0159enka, po kter\u00e9m n\u00e1sleduje t\u0159\u00eddn\u00ed sch\u016fzka<\/li>\n<li>2. a\u017e 9. t\u0159\u00eddy uv\u00edt\u00e1n\u00ed ve t\u0159\u00edd\u00e1ch s t\u0159\u00eddn\u00edmi u\u010diteli od 8.15 do 10.00<\/li>\n<li>cel\u00e1 \u0161kola od 10.00 vzty\u010den\u00ed slun\u00ed\u010dkov\u00e9 vlajky s&nbsp;pozdravem Slunci<\/li>\n<li>konec vyu\u010dov\u00e1n\u00ed v&nbsp;10.15<\/li>\n<li>ob\u011bdy se vyd\u00e1vaj\u00ed od 10.15 do 12.00<\/li>\n<\/ul>\n<p><strong>\u00dater\u00fd 3. z\u00e1\u0159\u00ed 2019<\/strong><\/p>\n<ul>\n<li>1. t\u0159\u00eddy ve t\u0159\u00edd\u011b do 9.55<\/li>\n<li>2. a\u017e 5. t\u0159\u00eddy s t\u0159\u00eddn\u00edmi u\u010diteli ve t\u0159\u00edd\u00e1ch do 11.30<\/li>\n<li>6. a\u017e 9. t\u0159\u00eddy s&nbsp;t\u0159\u00eddn\u00edmi u\u010diteli ve t\u0159\u00edd\u00e1ch do 11.55<\/li>\n<li>ob\u011bdy se vyd\u00e1vaj\u00ed od 11.30 do 13.30<\/li>\n<\/ul>\n<p><strong>St\u0159eda 4. z\u00e1\u0159\u00ed 2019<\/strong><\/p>\n<ul>\n<li>1. t\u0159\u00eddy ve t\u0159\u00edd\u011b do 11.00<\/li>\n<li>2. a\u017e 5. t\u0159\u00eddy v\u00fduka podle rozvrhu do 11.55<\/li>\n<li>6. a\u017e 9. t\u0159\u00eddy v\u00fduka podle rozvrhu do 12.50<\/li>\n<li>ob\u011bdy se vyd\u00e1vaj\u00ed od 11.30 do 13.30<\/li>\n<\/ul>\n<p><strong>\u010ctvrtek 5. z\u00e1\u0159\u00ed 2019 a p\u00e1tek 6. z\u00e1\u0159\u00ed 2019<\/strong><\/p>\n<ul>\n<li>1. t\u0159\u00eddy ve t\u0159\u00edd\u011b do 11.55<\/li>\n<li>2. a\u017e 9. t\u0159\u00eddy v\u00fduka podle rozvrhu bez odpoledn\u00edho vyu\u010dov\u00e1n\u00ed<\/li>\n<li>ob\u011bdy se vyd\u00e1vaj\u00ed od 11.30 do 14.00<\/li>\n<\/ul>\n<p>\u0160koln\u00ed dru\u017eina je cel\u00fd t\u00fdden v&nbsp;provozu od 5.30 do 16.30<\/p>\n<p>Stravn\u00e9 a dru\u017einu pla\u0165te pokud mo\u017eno bezhotovostn\u011b inkasn\u00edm zp\u016fsobem.<\/p>\n<p>Bli\u017e\u0161\u00ed informace v\u00e1m sd\u011bl\u00ed vedouc\u00ed \u0161koln\u00edho stravov\u00e1n\u00ed p. B\u00e1rov\u00e1 v term\u00ednech:<\/p>\n<table style=\"border-collapse: collapse; width: 100%; height: 112px;\">\n<tbody>\n<tr style=\"height: 28px;\">\n<td style=\"width: 25%; height: 28px;\">St\u0159eda 28. 8. 2019<\/td>\n<td style=\"width: 75%; height: 28px;\">7.00 \u2013 13.00<\/td>\n<\/tr>\n<tr style=\"height: 28px;\">\n<td style=\"width: 25%; height: 28px;\">\u010ctvrtek 29. 8. 2019<\/td>\n<td style=\"width: 75%; height: 28px;\">7.00 \u2013 13.00<\/td>\n<\/tr>\n<tr style=\"height: 28px;\">\n<td style=\"width: 25%; height: 28px;\">P\u00e1tek 30. 8. 2019 &nbsp;<\/td>\n<td style=\"width: 75%; height: 28px;\">7.00 \u2013 12.00<\/td>\n<\/tr>\n<tr style=\"height: 28px;\">\n<td style=\"width: 25%; height: 28px;\">Pond\u011bl\u00ed 2. 9. 2019<\/td>\n<td style=\"width: 75%; height: 28px;\">6.00 \u2013 12.00 a 14.15 \u2013 15.00<\/td>\n<\/tr>\n<\/tbody>\n<\/table>\n<p><strong>Ceny stravn\u00e9ho:<\/strong><\/p>\n<table style=\"border-collapse: collapse; width: 100%;\">\n<tbody>\n<tr>\n<td style=\"width: 25%;\">v\u011bkov\u00e9 skupiny<\/td>\n<td style=\"width: 75%;\">cena za 1 ob\u011bd<\/td>\n<\/tr>\n<tr>\n<td style=\"width: 25%;\">7 \u2013 10 let<\/td>\n<td style=\"width: 75%;\">24 K\u010d<\/td>\n<\/tr>\n<tr>\n<td style=\"width: 25%;\">11 \u2013 14 let<\/td>\n<td style=\"width: 75%;\">26 K\u010d<\/td>\n<\/tr>\n<tr>\n<td style=\"width: 25%;\">15 a v\u00edce let<\/td>\n<td style=\"width: 75%;\">27 K\u010d<\/td>\n<\/tr>\n<\/tbody>\n<\/table>\n<p>Z\u00e1loha p\u0159i bezhotovostn\u00ed platb\u011b 550 K\u010d na m\u011bs\u00edc, se \u0161koln\u00ed dru\u017einou celkem 650 K\u010d.<\/p>\n","protected":false},"excerpt":{"rendered":"<p>Do konce pr\u00e1zdnin u\u017e zb\u00fdv\u00e1 jen p\u00e1r dn\u016f. \u0160kol\u00e1ci si je\u0161t\u011b u\u017e\u00edvaj\u00ed zaslou\u017een\u00e9 pr\u00e1zdniny, ale ve \u0161kole se piln\u011b pracuje. U\u017e je vymalov\u00e1no. V n\u011bkolika t\u0159\u00edd\u00e1ch m\u00e1me nov\u00e9 osv\u011btlen\u00ed. Zedn\u00edci b\u011bhem pr\u00e1zdnin stihli upravit \u010d\u00e1st jednoho kabinetu na sklad recyklovan\u00e9ho pap\u00edru. V\u00fdrobci n\u00e1bytku nainstalovali nov\u00e9 sk\u0159\u00edn\u011b do kabinetu chemie. Do sousedn\u00ed p\u0159\u00edrodov\u011bdn\u00e9 u\u010debny p\u0159ibyla nov\u00e1 [&hellip;]<\/p>\n","protected":false},"author":1,"featured_media":517,"comment_status":"open","ping_status":"open","sticky":false,"template":"","format":"standard","meta":{"jetpack_post_was_ever_published":false,"_jetpack_newsletter_access":"","_jetpack_dont_email_post_to_subs":false,"_jetpack_newsletter_tier_id":0,"_jetpack_memberships_contains_paywalled_content":false,"_jetpack_memberships_contains_paid_content":false,"footnotes":"","jetpack_publicize_message":"","jetpack_publicize_feature_enabled":true,"jetpack_social_post_already_shared":true,"jetpack_social_options":{"image_generator_settings":{"template":"highway","default_image_id":0,"font":"","enabled":false},"version":2}},"categories":[15,4],"tags":[69,3,100],"class_list":{"0":"post-6116","1":"post","2":"type-post","3":"status-publish","4":"format-standard","5":"has-post-thumbnail","7":"category-aktuality","8":"category-informace","9":"tag-aktuality","10":"tag-informace","11":"tag-zahajeni-roku","12":"czr-hentry"},"yoast_head":"<!-- This site is optimized with the Yoast SEO plugin v27.4 - https:\/\/yoast.com\/product\/yoast-seo-wordpress\/ -->\n<title>Prvn\u00ed t\u00fdden ve \u0161kole - Z\u00e1kladn\u00ed \u0161kola Kada\u0148, ul. Chomutovsk\u00e1 1683<\/title>\n<meta name=\"robots\" content=\"index, follow, max-snippet:-1, max-image-preview:large, max-video-preview:-1\" \/>\n<link rel=\"canonical\" href=\"https:\/\/3zskadan.cz\/?p=6116\" \/>\n<meta property=\"og:locale\" content=\"cs_CZ\" \/>\n<meta property=\"og:type\" content=\"article\" \/>\n<meta property=\"og:title\" content=\"Prvn\u00ed t\u00fdden ve \u0161kole - Z\u00e1kladn\u00ed \u0161kola Kada\u0148, ul. Chomutovsk\u00e1 1683\" \/>\n<meta property=\"og:description\" content=\"Do konce pr\u00e1zdnin u\u017e zb\u00fdv\u00e1 jen p\u00e1r dn\u016f. \u0160kol\u00e1ci si je\u0161t\u011b u\u017e\u00edvaj\u00ed zaslou\u017een\u00e9 pr\u00e1zdniny, ale ve \u0161kole se piln\u011b pracuje. U\u017e je vymalov\u00e1no. V n\u011bkolika t\u0159\u00edd\u00e1ch m\u00e1me nov\u00e9 osv\u011btlen\u00ed. Zedn\u00edci b\u011bhem pr\u00e1zdnin stihli upravit \u010d\u00e1st jednoho kabinetu na sklad recyklovan\u00e9ho pap\u00edru. V\u00fdrobci n\u00e1bytku nainstalovali nov\u00e9 sk\u0159\u00edn\u011b do kabinetu chemie. Do sousedn\u00ed p\u0159\u00edrodov\u011bdn\u00e9 u\u010debny p\u0159ibyla nov\u00e1 [&hellip;]\" \/>\n<meta property=\"og:url\" content=\"https:\/\/3zskadan.cz\/?p=6116\" \/>\n<meta property=\"og:site_name\" content=\"Z\u00e1kladn\u00ed \u0161kola Kada\u0148, ul. Chomutovsk\u00e1 1683\" \/>\n<meta property=\"article:published_time\" content=\"2019-08-28T17:40:12+00:00\" \/>\n<meta property=\"article:modified_time\" content=\"2019-08-28T17:42:26+00:00\" \/>\n<meta property=\"og:image\" content=\"https:\/\/i0.wp.com\/3zskadan.cz\/wp-content\/uploads\/2016\/10\/slunicka.jpg?fit=2048%2C1364&ssl=1\" \/>\n\t<meta property=\"og:image:width\" content=\"2048\" \/>\n\t<meta property=\"og:image:height\" content=\"1364\" \/>\n\t<meta property=\"og:image:type\" content=\"image\/jpeg\" \/>\n<meta name=\"author\" content=\"Radek Vinick\u00fd\" \/>\n<meta name=\"twitter:card\" content=\"summary_large_image\" \/>\n<meta name=\"twitter:label1\" content=\"Napsal(a)\" \/>\n\t<meta name=\"twitter:data1\" content=\"Radek Vinick\u00fd\" \/>\n\t<meta name=\"twitter:label2\" content=\"Odhadovan\u00e1 doba \u010dten\u00ed\" \/>\n\t<meta name=\"twitter:data2\" content=\"2 minuty\" \/>\n<script type=\"application\/ld+json\" class=\"yoast-schema-graph\">{\"@context\":\"https:\\\/\\\/schema.org\",\"@graph\":[{\"@type\":\"Article\",\"@id\":\"https:\\\/\\\/3zskadan.cz\\\/?p=6116#article\",\"isPartOf\":{\"@id\":\"https:\\\/\\\/3zskadan.cz\\\/?p=6116\"},\"author\":{\"name\":\"Radek Vinick\u00fd\",\"@id\":\"https:\\\/\\\/3zskadan.cz\\\/#\\\/schema\\\/person\\\/a2724b0431f00279441bbceb4e37b1a5\"},\"headline\":\"Prvn\u00ed t\u00fdden ve \u0161kole\",\"datePublished\":\"2019-08-28T17:40:12+00:00\",\"dateModified\":\"2019-08-28T17:42:26+00:00\",\"mainEntityOfPage\":{\"@id\":\"https:\\\/\\\/3zskadan.cz\\\/?p=6116\"},\"wordCount\":447,\"commentCount\":0,\"image\":{\"@id\":\"https:\\\/\\\/3zskadan.cz\\\/?p=6116#primaryimage\"},\"thumbnailUrl\":\"https:\\\/\\\/i0.wp.com\\\/3zskadan.cz\\\/wp-content\\\/uploads\\\/2016\\\/10\\\/slunicka.jpg?fit=2048%2C1364&ssl=1\",\"keywords\":[\"Aktuality\",\"Informace\",\"zah\u00e1jen\u00ed roku\"],\"articleSection\":[\"Aktuality\",\"Informace\"],\"inLanguage\":\"cs\",\"potentialAction\":[{\"@type\":\"CommentAction\",\"name\":\"Comment\",\"target\":[\"https:\\\/\\\/3zskadan.cz\\\/?p=6116#respond\"]}]},{\"@type\":\"WebPage\",\"@id\":\"https:\\\/\\\/3zskadan.cz\\\/?p=6116\",\"url\":\"https:\\\/\\\/3zskadan.cz\\\/?p=6116\",\"name\":\"Prvn\u00ed t\u00fdden ve \u0161kole - Z\u00e1kladn\u00ed \u0161kola Kada\u0148, ul. Chomutovsk\u00e1 1683\",\"isPartOf\":{\"@id\":\"https:\\\/\\\/3zskadan.cz\\\/#website\"},\"primaryImageOfPage\":{\"@id\":\"https:\\\/\\\/3zskadan.cz\\\/?p=6116#primaryimage\"},\"image\":{\"@id\":\"https:\\\/\\\/3zskadan.cz\\\/?p=6116#primaryimage\"},\"thumbnailUrl\":\"https:\\\/\\\/i0.wp.com\\\/3zskadan.cz\\\/wp-content\\\/uploads\\\/2016\\\/10\\\/slunicka.jpg?fit=2048%2C1364&ssl=1\",\"datePublished\":\"2019-08-28T17:40:12+00:00\",\"dateModified\":\"2019-08-28T17:42:26+00:00\",\"author\":{\"@id\":\"https:\\\/\\\/3zskadan.cz\\\/#\\\/schema\\\/person\\\/a2724b0431f00279441bbceb4e37b1a5\"},\"breadcrumb\":{\"@id\":\"https:\\\/\\\/3zskadan.cz\\\/?p=6116#breadcrumb\"},\"inLanguage\":\"cs\",\"potentialAction\":[{\"@type\":\"ReadAction\",\"target\":[\"https:\\\/\\\/3zskadan.cz\\\/?p=6116\"]}]},{\"@type\":\"ImageObject\",\"inLanguage\":\"cs\",\"@id\":\"https:\\\/\\\/3zskadan.cz\\\/?p=6116#primaryimage\",\"url\":\"https:\\\/\\\/i0.wp.com\\\/3zskadan.cz\\\/wp-content\\\/uploads\\\/2016\\\/10\\\/slunicka.jpg?fit=2048%2C1364&ssl=1\",\"contentUrl\":\"https:\\\/\\\/i0.wp.com\\\/3zskadan.cz\\\/wp-content\\\/uploads\\\/2016\\\/10\\\/slunicka.jpg?fit=2048%2C1364&ssl=1\",\"width\":2048,\"height\":1364,\"caption\":\"D\u011bti Slun\u00ed\u010dka nesou vlajku\"},{\"@type\":\"BreadcrumbList\",\"@id\":\"https:\\\/\\\/3zskadan.cz\\\/?p=6116#breadcrumb\",\"itemListElement\":[{\"@type\":\"ListItem\",\"position\":1,\"name\":\"Dom\u016f\",\"item\":\"https:\\\/\\\/3zskadan.cz\\\/\"},{\"@type\":\"ListItem\",\"position\":2,\"name\":\"Prvn\u00ed t\u00fdden ve \u0161kole\"}]},{\"@type\":\"WebSite\",\"@id\":\"https:\\\/\\\/3zskadan.cz\\\/#website\",\"url\":\"https:\\\/\\\/3zskadan.cz\\\/\",\"name\":\"Z\u00e1kladn\u00ed \u0161kola Kada\u0148, ul. Chomutovsk\u00e1 1683\",\"description\":\"\",\"potentialAction\":[{\"@type\":\"SearchAction\",\"target\":{\"@type\":\"EntryPoint\",\"urlTemplate\":\"https:\\\/\\\/3zskadan.cz\\\/?s={search_term_string}\"},\"query-input\":{\"@type\":\"PropertyValueSpecification\",\"valueRequired\":true,\"valueName\":\"search_term_string\"}}],\"inLanguage\":\"cs\"},{\"@type\":\"Person\",\"@id\":\"https:\\\/\\\/3zskadan.cz\\\/#\\\/schema\\\/person\\\/a2724b0431f00279441bbceb4e37b1a5\",\"name\":\"Radek Vinick\u00fd\",\"image\":{\"@type\":\"ImageObject\",\"inLanguage\":\"cs\",\"@id\":\"https:\\\/\\\/secure.gravatar.com\\\/avatar\\\/eda0a90e46343fd9908cdf92cc69b075f7f5b586cf33b05c8dd68cb1209f00d6?s=96&d=wavatar&r=g\",\"url\":\"https:\\\/\\\/secure.gravatar.com\\\/avatar\\\/eda0a90e46343fd9908cdf92cc69b075f7f5b586cf33b05c8dd68cb1209f00d6?s=96&d=wavatar&r=g\",\"contentUrl\":\"https:\\\/\\\/secure.gravatar.com\\\/avatar\\\/eda0a90e46343fd9908cdf92cc69b075f7f5b586cf33b05c8dd68cb1209f00d6?s=96&d=wavatar&r=g\",\"caption\":\"Radek Vinick\u00fd\"},\"url\":\"https:\\\/\\\/3zskadan.cz\\\/?author=1\"}]}<\/script>\n<!-- \/ Yoast SEO plugin. -->","yoast_head_json":{"title":"Prvn\u00ed t\u00fdden ve \u0161kole - Z\u00e1kladn\u00ed \u0161kola Kada\u0148, ul. Chomutovsk\u00e1 1683","robots":{"index":"index","follow":"follow","max-snippet":"max-snippet:-1","max-image-preview":"max-image-preview:large","max-video-preview":"max-video-preview:-1"},"canonical":"https:\/\/3zskadan.cz\/?p=6116","og_locale":"cs_CZ","og_type":"article","og_title":"Prvn\u00ed t\u00fdden ve \u0161kole - Z\u00e1kladn\u00ed \u0161kola Kada\u0148, ul. Chomutovsk\u00e1 1683","og_description":"Do konce pr\u00e1zdnin u\u017e zb\u00fdv\u00e1 jen p\u00e1r dn\u016f. \u0160kol\u00e1ci si je\u0161t\u011b u\u017e\u00edvaj\u00ed zaslou\u017een\u00e9 pr\u00e1zdniny, ale ve \u0161kole se piln\u011b pracuje. U\u017e je vymalov\u00e1no. V n\u011bkolika t\u0159\u00edd\u00e1ch m\u00e1me nov\u00e9 osv\u011btlen\u00ed. Zedn\u00edci b\u011bhem pr\u00e1zdnin stihli upravit \u010d\u00e1st jednoho kabinetu na sklad recyklovan\u00e9ho pap\u00edru. V\u00fdrobci n\u00e1bytku nainstalovali nov\u00e9 sk\u0159\u00edn\u011b do kabinetu chemie. Do sousedn\u00ed p\u0159\u00edrodov\u011bdn\u00e9 u\u010debny p\u0159ibyla nov\u00e1 [&hellip;]","og_url":"https:\/\/3zskadan.cz\/?p=6116","og_site_name":"Z\u00e1kladn\u00ed \u0161kola Kada\u0148, ul. Chomutovsk\u00e1 1683","article_published_time":"2019-08-28T17:40:12+00:00","article_modified_time":"2019-08-28T17:42:26+00:00","og_image":[{"width":2048,"height":1364,"url":"https:\/\/i0.wp.com\/3zskadan.cz\/wp-content\/uploads\/2016\/10\/slunicka.jpg?fit=2048%2C1364&ssl=1","type":"image\/jpeg"}],"author":"Radek Vinick\u00fd","twitter_card":"summary_large_image","twitter_misc":{"Napsal(a)":"Radek Vinick\u00fd","Odhadovan\u00e1 doba \u010dten\u00ed":"2 minuty"},"schema":{"@context":"https:\/\/schema.org","@graph":[{"@type":"Article","@id":"https:\/\/3zskadan.cz\/?p=6116#article","isPartOf":{"@id":"https:\/\/3zskadan.cz\/?p=6116"},"author":{"name":"Radek Vinick\u00fd","@id":"https:\/\/3zskadan.cz\/#\/schema\/person\/a2724b0431f00279441bbceb4e37b1a5"},"headline":"Prvn\u00ed t\u00fdden ve \u0161kole","datePublished":"2019-08-28T17:40:12+00:00","dateModified":"2019-08-28T17:42:26+00:00","mainEntityOfPage":{"@id":"https:\/\/3zskadan.cz\/?p=6116"},"wordCount":447,"commentCount":0,"image":{"@id":"https:\/\/3zskadan.cz\/?p=6116#primaryimage"},"thumbnailUrl":"https:\/\/i0.wp.com\/3zskadan.cz\/wp-content\/uploads\/2016\/10\/slunicka.jpg?fit=2048%2C1364&ssl=1","keywords":["Aktuality","Informace","zah\u00e1jen\u00ed roku"],"articleSection":["Aktuality","Informace"],"inLanguage":"cs","potentialAction":[{"@type":"CommentAction","name":"Comment","target":["https:\/\/3zskadan.cz\/?p=6116#respond"]}]},{"@type":"WebPage","@id":"https:\/\/3zskadan.cz\/?p=6116","url":"https:\/\/3zskadan.cz\/?p=6116","name":"Prvn\u00ed t\u00fdden ve \u0161kole - Z\u00e1kladn\u00ed \u0161kola Kada\u0148, ul. Chomutovsk\u00e1 1683","isPartOf":{"@id":"https:\/\/3zskadan.cz\/#website"},"primaryImageOfPage":{"@id":"https:\/\/3zskadan.cz\/?p=6116#primaryimage"},"image":{"@id":"https:\/\/3zskadan.cz\/?p=6116#primaryimage"},"thumbnailUrl":"https:\/\/i0.wp.com\/3zskadan.cz\/wp-content\/uploads\/2016\/10\/slunicka.jpg?fit=2048%2C1364&ssl=1","datePublished":"2019-08-28T17:40:12+00:00","dateModified":"2019-08-28T17:42:26+00:00","author":{"@id":"https:\/\/3zskadan.cz\/#\/schema\/person\/a2724b0431f00279441bbceb4e37b1a5"},"breadcrumb":{"@id":"https:\/\/3zskadan.cz\/?p=6116#breadcrumb"},"inLanguage":"cs","potentialAction":[{"@type":"ReadAction","target":["https:\/\/3zskadan.cz\/?p=6116"]}]},{"@type":"ImageObject","inLanguage":"cs","@id":"https:\/\/3zskadan.cz\/?p=6116#primaryimage","url":"https:\/\/i0.wp.com\/3zskadan.cz\/wp-content\/uploads\/2016\/10\/slunicka.jpg?fit=2048%2C1364&ssl=1","contentUrl":"https:\/\/i0.wp.com\/3zskadan.cz\/wp-content\/uploads\/2016\/10\/slunicka.jpg?fit=2048%2C1364&ssl=1","width":2048,"height":1364,"caption":"D\u011bti Slun\u00ed\u010dka nesou vlajku"},{"@type":"BreadcrumbList","@id":"https:\/\/3zskadan.cz\/?p=6116#breadcrumb","itemListElement":[{"@type":"ListItem","position":1,"name":"Dom\u016f","item":"https:\/\/3zskadan.cz\/"},{"@type":"ListItem","position":2,"name":"Prvn\u00ed t\u00fdden ve \u0161kole"}]},{"@type":"WebSite","@id":"https:\/\/3zskadan.cz\/#website","url":"https:\/\/3zskadan.cz\/","name":"Z\u00e1kladn\u00ed \u0161kola Kada\u0148, ul. Chomutovsk\u00e1 1683","description":"","potentialAction":[{"@type":"SearchAction","target":{"@type":"EntryPoint","urlTemplate":"https:\/\/3zskadan.cz\/?s={search_term_string}"},"query-input":{"@type":"PropertyValueSpecification","valueRequired":true,"valueName":"search_term_string"}}],"inLanguage":"cs"},{"@type":"Person","@id":"https:\/\/3zskadan.cz\/#\/schema\/person\/a2724b0431f00279441bbceb4e37b1a5","name":"Radek Vinick\u00fd","image":{"@type":"ImageObject","inLanguage":"cs","@id":"https:\/\/secure.gravatar.com\/avatar\/eda0a90e46343fd9908cdf92cc69b075f7f5b586cf33b05c8dd68cb1209f00d6?s=96&d=wavatar&r=g","url":"https:\/\/secure.gravatar.com\/avatar\/eda0a90e46343fd9908cdf92cc69b075f7f5b586cf33b05c8dd68cb1209f00d6?s=96&d=wavatar&r=g","contentUrl":"https:\/\/secure.gravatar.com\/avatar\/eda0a90e46343fd9908cdf92cc69b075f7f5b586cf33b05c8dd68cb1209f00d6?s=96&d=wavatar&r=g","caption":"Radek Vinick\u00fd"},"url":"https:\/\/3zskadan.cz\/?author=1"}]}},"jetpack_publicize_connections":[],"jetpack_featured_media_url":"https:\/\/i0.wp.com\/3zskadan.cz\/wp-content\/uploads\/2016\/10\/slunicka.jpg?fit=2048%2C1364&ssl=1","jetpack_sharing_enabled":true,"jetpack_shortlink":"https:\/\/wp.me\/p7YYLP-1AE","_links":{"self":[{"href":"https:\/\/3zskadan.cz\/index.php?rest_route=\/wp\/v2\/posts\/6116","targetHints":{"allow":["GET"]}}],"collection":[{"href":"https:\/\/3zskadan.cz\/index.php?rest_route=\/wp\/v2\/posts"}],"about":[{"href":"https:\/\/3zskadan.cz\/index.php?rest_route=\/wp\/v2\/types\/post"}],"author":[{"embeddable":true,"href":"https:\/\/3zskadan.cz\/index.php?rest_route=\/wp\/v2\/users\/1"}],"replies":[{"embeddable":true,"href":"https:\/\/3zskadan.cz\/index.php?rest_route=%2Fwp%2Fv2%2Fcomments&post=6116"}],"version-history":[{"count":0,"href":"https:\/\/3zskadan.cz\/index.php?rest_route=\/wp\/v2\/posts\/6116\/revisions"}],"wp:featuredmedia":[{"embeddable":true,"href":"https:\/\/3zskadan.cz\/index.php?rest_route=\/wp\/v2\/media\/517"}],"wp:attachment":[{"href":"https:\/\/3zskadan.cz\/index.php?rest_route=%2Fwp%2Fv2%2Fmedia&parent=6116"}],"wp:term":[{"taxonomy":"category","embeddable":true,"href":"https:\/\/3zskadan.cz\/index.php?rest_route=%2Fwp%2Fv2%2Fcategories&post=6116"},{"taxonomy":"post_tag","embeddable":true,"href":"https:\/\/3zskadan.cz\/index.php?rest_route=%2Fwp%2Fv2%2Ftags&post=6116"}],"curies":[{"name":"wp","href":"https:\/\/api.w.org\/{rel}","templated":true}]}}