{"id":8394,"date":"2021-06-21T15:39:57","date_gmt":"2021-06-21T13:39:57","guid":{"rendered":"https:\/\/3zskadan.cz\/?p=8394"},"modified":"2021-06-21T15:39:57","modified_gmt":"2021-06-21T13:39:57","slug":"primestske-tabory","status":"publish","type":"post","link":"https:\/\/3zskadan.cz\/?p=8394","title":{"rendered":"P\u0159\u00edm\u011bstsk\u00e9 t\u00e1bory"},"content":{"rendered":"<p>Nem\u00e1te je\u0161t\u011b program na pr\u00e1zdniny? Je v\u00e1m <strong>6 a\u017e 12 let<\/strong>? R\u00e1di tvo\u0159\u00edte? R\u00e1di objevujete? Pak pro v\u00e1s m\u00e1me mimo\u0159\u00e1dnou nab\u00eddku. Poda\u0159ilo se n\u00e1m pro v\u00e1s p\u0159ipravit <strong>dva term\u00edny p\u0159\u00edm\u011bstsk\u00fdch t\u00e1bor\u016f<\/strong>.<\/p>\n<p><strong>Od 2. do 6. 8. 2021<\/strong> m\u016f\u017eete tvo\u0159it na akci <strong>KREATIVN\u00cd MYSL<\/strong> s\u00a0na\u0161\u00ed pan\u00ed vychovatelkou <strong>Monikou \u0160m\u00eddovu<\/strong>. <strong>Od\u00a0 9. do 13. 8. 2021<\/strong> se m\u016f\u017eete vydat na objevitelsk\u00e9 putov\u00e1n\u00ed na t\u00e1bo\u0159e <strong>MAL\u00dd OBJEVITEL<\/strong> \u00a0s\u00a0pan\u00ed vychovatelkou <strong>Veronikou Stra\u0161kovou<\/strong>.\u00a0 B\u011b\u017en\u00e1 cena t\u011bchto t\u00e1bor\u016f je 3500,- K\u010d, ale u n\u00e1s to budou m\u00edt d\u011bti d\u00edky spolupr\u00e1ci se spole\u010dnost\u00ed V\u011bda n\u00e1s bav\u00ed o.p.s. a podpo\u0159e M\u0160MT <strong>zdarma<\/strong>. Akce prob\u011bhnou v\u00a0na\u0161em are\u00e1lu v\u00a0uveden\u00fdch term\u00ednech, j\u00eddlo bude zaji\u0161t\u011bno a o d\u011bti bude postar\u00e1no <strong>od 7.30 do 16 h<\/strong>. Ka\u017ed\u00e9ho turnusu se m\u016f\u017ee z\u00fa\u010dastnit max. 15 d\u011bt\u00ed a m\u00edsta se rychle pln\u00ed. Tak nev\u00e1hejte a vyu\u017eijte tuto jedine\u010dnou nab\u00eddku.<\/p>\n<p>V\u00edce informac\u00ed najdete na <a href=\"https:\/\/www.vedanasbavi.cz\/primestsky-tabor-maly-objevitel-terminy?ID_mesta=563\">zde<\/a> a <strong>p\u0159ihl\u00e1\u0161ky vypl\u0148te<\/strong> na odkazu <a href=\"https:\/\/www.vedanasbavi.cz\/primestske-tabory-prihlaska?ID=3186\">MAL\u00dd OBJEVITEL<\/a> a na odkazu <a href=\"https:\/\/www.vedanasbavi.cz\/primestske-tabory-prihlaska?ID=3188\">KREATIVN\u00cd MYSL<\/a><\/p>\n","protected":false},"excerpt":{"rendered":"<p>Nem\u00e1te je\u0161t\u011b program na pr\u00e1zdniny? Je v\u00e1m 6 a\u017e 12 let? R\u00e1di tvo\u0159\u00edte? R\u00e1di objevujete? Pak pro v\u00e1s m\u00e1me mimo\u0159\u00e1dnou nab\u00eddku. Poda\u0159ilo se n\u00e1m pro v\u00e1s p\u0159ipravit dva term\u00edny p\u0159\u00edm\u011bstsk\u00fdch t\u00e1bor\u016f. Od 2. do 6. 8. 2021 m\u016f\u017eete tvo\u0159it na akci KREATIVN\u00cd MYSL s\u00a0na\u0161\u00ed pan\u00ed vychovatelkou Monikou \u0160m\u00eddovu. Od\u00a0 9. do 13. 8. 2021 se [&hellip;]<\/p>\n","protected":false},"author":3,"featured_media":3469,"comment_status":"open","ping_status":"open","sticky":false,"template":"","format":"standard","meta":{"jetpack_post_was_ever_published":false,"_jetpack_newsletter_access":"","_jetpack_dont_email_post_to_subs":false,"_jetpack_newsletter_tier_id":0,"_jetpack_memberships_contains_paywalled_content":false,"_jetpack_memberships_contains_paid_content":false,"footnotes":"","jetpack_publicize_message":"","jetpack_publicize_feature_enabled":true,"jetpack_social_post_already_shared":true,"jetpack_social_options":{"image_generator_settings":{"template":"highway","default_image_id":0,"font":"","enabled":false},"version":2}},"categories":[15],"tags":[],"class_list":{"0":"post-8394","1":"post","2":"type-post","3":"status-publish","4":"format-standard","5":"has-post-thumbnail","7":"category-aktuality","8":"czr-hentry"},"yoast_head":"<!-- This site is optimized with the Yoast SEO plugin v27.4 - https:\/\/yoast.com\/product\/yoast-seo-wordpress\/ -->\n<title>P\u0159\u00edm\u011bstsk\u00e9 t\u00e1bory - Z\u00e1kladn\u00ed \u0161kola Kada\u0148, ul. Chomutovsk\u00e1 1683<\/title>\n<meta name=\"robots\" content=\"index, follow, max-snippet:-1, max-image-preview:large, max-video-preview:-1\" \/>\n<link rel=\"canonical\" href=\"https:\/\/3zskadan.cz\/?p=8394\" \/>\n<meta property=\"og:locale\" content=\"cs_CZ\" \/>\n<meta property=\"og:type\" content=\"article\" \/>\n<meta property=\"og:title\" content=\"P\u0159\u00edm\u011bstsk\u00e9 t\u00e1bory - Z\u00e1kladn\u00ed \u0161kola Kada\u0148, ul. Chomutovsk\u00e1 1683\" \/>\n<meta property=\"og:description\" content=\"Nem\u00e1te je\u0161t\u011b program na pr\u00e1zdniny? Je v\u00e1m 6 a\u017e 12 let? R\u00e1di tvo\u0159\u00edte? R\u00e1di objevujete? Pak pro v\u00e1s m\u00e1me mimo\u0159\u00e1dnou nab\u00eddku. Poda\u0159ilo se n\u00e1m pro v\u00e1s p\u0159ipravit dva term\u00edny p\u0159\u00edm\u011bstsk\u00fdch t\u00e1bor\u016f. Od 2. do 6. 8. 2021 m\u016f\u017eete tvo\u0159it na akci KREATIVN\u00cd MYSL s\u00a0na\u0161\u00ed pan\u00ed vychovatelkou Monikou \u0160m\u00eddovu. Od\u00a0 9. do 13. 8. 2021 se [&hellip;]\" \/>\n<meta property=\"og:url\" content=\"https:\/\/3zskadan.cz\/?p=8394\" \/>\n<meta property=\"og:site_name\" content=\"Z\u00e1kladn\u00ed \u0161kola Kada\u0148, ul. Chomutovsk\u00e1 1683\" \/>\n<meta property=\"article:published_time\" content=\"2021-06-21T13:39:57+00:00\" \/>\n<meta property=\"og:image\" content=\"https:\/\/i2.wp.com\/3zskadan.cz\/wp-content\/uploads\/2018\/02\/slunicko_new.png?fit=450%2C400&ssl=1\" \/>\n\t<meta property=\"og:image:width\" content=\"450\" \/>\n\t<meta property=\"og:image:height\" content=\"400\" \/>\n\t<meta property=\"og:image:type\" content=\"image\/png\" \/>\n<meta name=\"author\" content=\"Alena Roub\u00ednov\u00e1\" \/>\n<meta name=\"twitter:card\" content=\"summary_large_image\" \/>\n<meta name=\"twitter:label1\" content=\"Napsal(a)\" \/>\n\t<meta name=\"twitter:data1\" content=\"Alena Roub\u00ednov\u00e1\" \/>\n\t<meta name=\"twitter:label2\" content=\"Odhadovan\u00e1 doba \u010dten\u00ed\" \/>\n\t<meta name=\"twitter:data2\" content=\"1 minuta\" \/>\n<script type=\"application\/ld+json\" class=\"yoast-schema-graph\">{\"@context\":\"https:\\\/\\\/schema.org\",\"@graph\":[{\"@type\":\"Article\",\"@id\":\"https:\\\/\\\/3zskadan.cz\\\/?p=8394#article\",\"isPartOf\":{\"@id\":\"https:\\\/\\\/3zskadan.cz\\\/?p=8394\"},\"author\":{\"name\":\"Alena Roub\u00ednov\u00e1\",\"@id\":\"https:\\\/\\\/3zskadan.cz\\\/#\\\/schema\\\/person\\\/804f7a434bfe58f7cd5b4d0465c804d9\"},\"headline\":\"P\u0159\u00edm\u011bstsk\u00e9 t\u00e1bory\",\"datePublished\":\"2021-06-21T13:39:57+00:00\",\"mainEntityOfPage\":{\"@id\":\"https:\\\/\\\/3zskadan.cz\\\/?p=8394\"},\"wordCount\":213,\"commentCount\":0,\"image\":{\"@id\":\"https:\\\/\\\/3zskadan.cz\\\/?p=8394#primaryimage\"},\"thumbnailUrl\":\"https:\\\/\\\/i0.wp.com\\\/3zskadan.cz\\\/wp-content\\\/uploads\\\/2018\\\/02\\\/slunicko_new.png?fit=450%2C400&ssl=1\",\"articleSection\":[\"Aktuality\"],\"inLanguage\":\"cs\",\"potentialAction\":[{\"@type\":\"CommentAction\",\"name\":\"Comment\",\"target\":[\"https:\\\/\\\/3zskadan.cz\\\/?p=8394#respond\"]}]},{\"@type\":\"WebPage\",\"@id\":\"https:\\\/\\\/3zskadan.cz\\\/?p=8394\",\"url\":\"https:\\\/\\\/3zskadan.cz\\\/?p=8394\",\"name\":\"P\u0159\u00edm\u011bstsk\u00e9 t\u00e1bory - Z\u00e1kladn\u00ed \u0161kola Kada\u0148, ul. Chomutovsk\u00e1 1683\",\"isPartOf\":{\"@id\":\"https:\\\/\\\/3zskadan.cz\\\/#website\"},\"primaryImageOfPage\":{\"@id\":\"https:\\\/\\\/3zskadan.cz\\\/?p=8394#primaryimage\"},\"image\":{\"@id\":\"https:\\\/\\\/3zskadan.cz\\\/?p=8394#primaryimage\"},\"thumbnailUrl\":\"https:\\\/\\\/i0.wp.com\\\/3zskadan.cz\\\/wp-content\\\/uploads\\\/2018\\\/02\\\/slunicko_new.png?fit=450%2C400&ssl=1\",\"datePublished\":\"2021-06-21T13:39:57+00:00\",\"author\":{\"@id\":\"https:\\\/\\\/3zskadan.cz\\\/#\\\/schema\\\/person\\\/804f7a434bfe58f7cd5b4d0465c804d9\"},\"breadcrumb\":{\"@id\":\"https:\\\/\\\/3zskadan.cz\\\/?p=8394#breadcrumb\"},\"inLanguage\":\"cs\",\"potentialAction\":[{\"@type\":\"ReadAction\",\"target\":[\"https:\\\/\\\/3zskadan.cz\\\/?p=8394\"]}]},{\"@type\":\"ImageObject\",\"inLanguage\":\"cs\",\"@id\":\"https:\\\/\\\/3zskadan.cz\\\/?p=8394#primaryimage\",\"url\":\"https:\\\/\\\/i0.wp.com\\\/3zskadan.cz\\\/wp-content\\\/uploads\\\/2018\\\/02\\\/slunicko_new.png?fit=450%2C400&ssl=1\",\"contentUrl\":\"https:\\\/\\\/i0.wp.com\\\/3zskadan.cz\\\/wp-content\\\/uploads\\\/2018\\\/02\\\/slunicko_new.png?fit=450%2C400&ssl=1\",\"width\":450,\"height\":400},{\"@type\":\"BreadcrumbList\",\"@id\":\"https:\\\/\\\/3zskadan.cz\\\/?p=8394#breadcrumb\",\"itemListElement\":[{\"@type\":\"ListItem\",\"position\":1,\"name\":\"Dom\u016f\",\"item\":\"https:\\\/\\\/3zskadan.cz\\\/\"},{\"@type\":\"ListItem\",\"position\":2,\"name\":\"P\u0159\u00edm\u011bstsk\u00e9 t\u00e1bory\"}]},{\"@type\":\"WebSite\",\"@id\":\"https:\\\/\\\/3zskadan.cz\\\/#website\",\"url\":\"https:\\\/\\\/3zskadan.cz\\\/\",\"name\":\"Z\u00e1kladn\u00ed \u0161kola Kada\u0148, ul. Chomutovsk\u00e1 1683\",\"description\":\"\",\"potentialAction\":[{\"@type\":\"SearchAction\",\"target\":{\"@type\":\"EntryPoint\",\"urlTemplate\":\"https:\\\/\\\/3zskadan.cz\\\/?s={search_term_string}\"},\"query-input\":{\"@type\":\"PropertyValueSpecification\",\"valueRequired\":true,\"valueName\":\"search_term_string\"}}],\"inLanguage\":\"cs\"},{\"@type\":\"Person\",\"@id\":\"https:\\\/\\\/3zskadan.cz\\\/#\\\/schema\\\/person\\\/804f7a434bfe58f7cd5b4d0465c804d9\",\"name\":\"Alena Roub\u00ednov\u00e1\",\"image\":{\"@type\":\"ImageObject\",\"inLanguage\":\"cs\",\"@id\":\"https:\\\/\\\/secure.gravatar.com\\\/avatar\\\/2ec66902849917a4684cb6f572112b34ff4bd6fc5a0f915378ebbdbf97c54a4a?s=96&d=wavatar&r=g\",\"url\":\"https:\\\/\\\/secure.gravatar.com\\\/avatar\\\/2ec66902849917a4684cb6f572112b34ff4bd6fc5a0f915378ebbdbf97c54a4a?s=96&d=wavatar&r=g\",\"contentUrl\":\"https:\\\/\\\/secure.gravatar.com\\\/avatar\\\/2ec66902849917a4684cb6f572112b34ff4bd6fc5a0f915378ebbdbf97c54a4a?s=96&d=wavatar&r=g\",\"caption\":\"Alena Roub\u00ednov\u00e1\"},\"url\":\"https:\\\/\\\/3zskadan.cz\\\/?author=3\"}]}<\/script>\n<!-- \/ Yoast SEO plugin. -->","yoast_head_json":{"title":"P\u0159\u00edm\u011bstsk\u00e9 t\u00e1bory - Z\u00e1kladn\u00ed \u0161kola Kada\u0148, ul. Chomutovsk\u00e1 1683","robots":{"index":"index","follow":"follow","max-snippet":"max-snippet:-1","max-image-preview":"max-image-preview:large","max-video-preview":"max-video-preview:-1"},"canonical":"https:\/\/3zskadan.cz\/?p=8394","og_locale":"cs_CZ","og_type":"article","og_title":"P\u0159\u00edm\u011bstsk\u00e9 t\u00e1bory - Z\u00e1kladn\u00ed \u0161kola Kada\u0148, ul. Chomutovsk\u00e1 1683","og_description":"Nem\u00e1te je\u0161t\u011b program na pr\u00e1zdniny? Je v\u00e1m 6 a\u017e 12 let? R\u00e1di tvo\u0159\u00edte? R\u00e1di objevujete? Pak pro v\u00e1s m\u00e1me mimo\u0159\u00e1dnou nab\u00eddku. Poda\u0159ilo se n\u00e1m pro v\u00e1s p\u0159ipravit dva term\u00edny p\u0159\u00edm\u011bstsk\u00fdch t\u00e1bor\u016f. Od 2. do 6. 8. 2021 m\u016f\u017eete tvo\u0159it na akci KREATIVN\u00cd MYSL s\u00a0na\u0161\u00ed pan\u00ed vychovatelkou Monikou \u0160m\u00eddovu. Od\u00a0 9. do 13. 8. 2021 se [&hellip;]","og_url":"https:\/\/3zskadan.cz\/?p=8394","og_site_name":"Z\u00e1kladn\u00ed \u0161kola Kada\u0148, ul. Chomutovsk\u00e1 1683","article_published_time":"2021-06-21T13:39:57+00:00","og_image":[{"width":450,"height":400,"url":"https:\/\/i2.wp.com\/3zskadan.cz\/wp-content\/uploads\/2018\/02\/slunicko_new.png?fit=450%2C400&ssl=1","type":"image\/png"}],"author":"Alena Roub\u00ednov\u00e1","twitter_card":"summary_large_image","twitter_misc":{"Napsal(a)":"Alena Roub\u00ednov\u00e1","Odhadovan\u00e1 doba \u010dten\u00ed":"1 minuta"},"schema":{"@context":"https:\/\/schema.org","@graph":[{"@type":"Article","@id":"https:\/\/3zskadan.cz\/?p=8394#article","isPartOf":{"@id":"https:\/\/3zskadan.cz\/?p=8394"},"author":{"name":"Alena Roub\u00ednov\u00e1","@id":"https:\/\/3zskadan.cz\/#\/schema\/person\/804f7a434bfe58f7cd5b4d0465c804d9"},"headline":"P\u0159\u00edm\u011bstsk\u00e9 t\u00e1bory","datePublished":"2021-06-21T13:39:57+00:00","mainEntityOfPage":{"@id":"https:\/\/3zskadan.cz\/?p=8394"},"wordCount":213,"commentCount":0,"image":{"@id":"https:\/\/3zskadan.cz\/?p=8394#primaryimage"},"thumbnailUrl":"https:\/\/i0.wp.com\/3zskadan.cz\/wp-content\/uploads\/2018\/02\/slunicko_new.png?fit=450%2C400&ssl=1","articleSection":["Aktuality"],"inLanguage":"cs","potentialAction":[{"@type":"CommentAction","name":"Comment","target":["https:\/\/3zskadan.cz\/?p=8394#respond"]}]},{"@type":"WebPage","@id":"https:\/\/3zskadan.cz\/?p=8394","url":"https:\/\/3zskadan.cz\/?p=8394","name":"P\u0159\u00edm\u011bstsk\u00e9 t\u00e1bory - Z\u00e1kladn\u00ed \u0161kola Kada\u0148, ul. Chomutovsk\u00e1 1683","isPartOf":{"@id":"https:\/\/3zskadan.cz\/#website"},"primaryImageOfPage":{"@id":"https:\/\/3zskadan.cz\/?p=8394#primaryimage"},"image":{"@id":"https:\/\/3zskadan.cz\/?p=8394#primaryimage"},"thumbnailUrl":"https:\/\/i0.wp.com\/3zskadan.cz\/wp-content\/uploads\/2018\/02\/slunicko_new.png?fit=450%2C400&ssl=1","datePublished":"2021-06-21T13:39:57+00:00","author":{"@id":"https:\/\/3zskadan.cz\/#\/schema\/person\/804f7a434bfe58f7cd5b4d0465c804d9"},"breadcrumb":{"@id":"https:\/\/3zskadan.cz\/?p=8394#breadcrumb"},"inLanguage":"cs","potentialAction":[{"@type":"ReadAction","target":["https:\/\/3zskadan.cz\/?p=8394"]}]},{"@type":"ImageObject","inLanguage":"cs","@id":"https:\/\/3zskadan.cz\/?p=8394#primaryimage","url":"https:\/\/i0.wp.com\/3zskadan.cz\/wp-content\/uploads\/2018\/02\/slunicko_new.png?fit=450%2C400&ssl=1","contentUrl":"https:\/\/i0.wp.com\/3zskadan.cz\/wp-content\/uploads\/2018\/02\/slunicko_new.png?fit=450%2C400&ssl=1","width":450,"height":400},{"@type":"BreadcrumbList","@id":"https:\/\/3zskadan.cz\/?p=8394#breadcrumb","itemListElement":[{"@type":"ListItem","position":1,"name":"Dom\u016f","item":"https:\/\/3zskadan.cz\/"},{"@type":"ListItem","position":2,"name":"P\u0159\u00edm\u011bstsk\u00e9 t\u00e1bory"}]},{"@type":"WebSite","@id":"https:\/\/3zskadan.cz\/#website","url":"https:\/\/3zskadan.cz\/","name":"Z\u00e1kladn\u00ed \u0161kola Kada\u0148, ul. Chomutovsk\u00e1 1683","description":"","potentialAction":[{"@type":"SearchAction","target":{"@type":"EntryPoint","urlTemplate":"https:\/\/3zskadan.cz\/?s={search_term_string}"},"query-input":{"@type":"PropertyValueSpecification","valueRequired":true,"valueName":"search_term_string"}}],"inLanguage":"cs"},{"@type":"Person","@id":"https:\/\/3zskadan.cz\/#\/schema\/person\/804f7a434bfe58f7cd5b4d0465c804d9","name":"Alena Roub\u00ednov\u00e1","image":{"@type":"ImageObject","inLanguage":"cs","@id":"https:\/\/secure.gravatar.com\/avatar\/2ec66902849917a4684cb6f572112b34ff4bd6fc5a0f915378ebbdbf97c54a4a?s=96&d=wavatar&r=g","url":"https:\/\/secure.gravatar.com\/avatar\/2ec66902849917a4684cb6f572112b34ff4bd6fc5a0f915378ebbdbf97c54a4a?s=96&d=wavatar&r=g","contentUrl":"https:\/\/secure.gravatar.com\/avatar\/2ec66902849917a4684cb6f572112b34ff4bd6fc5a0f915378ebbdbf97c54a4a?s=96&d=wavatar&r=g","caption":"Alena Roub\u00ednov\u00e1"},"url":"https:\/\/3zskadan.cz\/?author=3"}]}},"jetpack_publicize_connections":[],"jetpack_featured_media_url":"https:\/\/i0.wp.com\/3zskadan.cz\/wp-content\/uploads\/2018\/02\/slunicko_new.png?fit=450%2C400&ssl=1","jetpack_sharing_enabled":true,"jetpack_shortlink":"https:\/\/wp.me\/p7YYLP-2bo","_links":{"self":[{"href":"https:\/\/3zskadan.cz\/index.php?rest_route=\/wp\/v2\/posts\/8394","targetHints":{"allow":["GET"]}}],"collection":[{"href":"https:\/\/3zskadan.cz\/index.php?rest_route=\/wp\/v2\/posts"}],"about":[{"href":"https:\/\/3zskadan.cz\/index.php?rest_route=\/wp\/v2\/types\/post"}],"author":[{"embeddable":true,"href":"https:\/\/3zskadan.cz\/index.php?rest_route=\/wp\/v2\/users\/3"}],"replies":[{"embeddable":true,"href":"https:\/\/3zskadan.cz\/index.php?rest_route=%2Fwp%2Fv2%2Fcomments&post=8394"}],"version-history":[{"count":0,"href":"https:\/\/3zskadan.cz\/index.php?rest_route=\/wp\/v2\/posts\/8394\/revisions"}],"wp:featuredmedia":[{"embeddable":true,"href":"https:\/\/3zskadan.cz\/index.php?rest_route=\/wp\/v2\/media\/3469"}],"wp:attachment":[{"href":"https:\/\/3zskadan.cz\/index.php?rest_route=%2Fwp%2Fv2%2Fmedia&parent=8394"}],"wp:term":[{"taxonomy":"category","embeddable":true,"href":"https:\/\/3zskadan.cz\/index.php?rest_route=%2Fwp%2Fv2%2Fcategories&post=8394"},{"taxonomy":"post_tag","embeddable":true,"href":"https:\/\/3zskadan.cz\/index.php?rest_route=%2Fwp%2Fv2%2Ftags&post=8394"}],"curies":[{"name":"wp","href":"https:\/\/api.w.org\/{rel}","templated":true}]}}