{"id":9855,"date":"2022-06-07T15:00:00","date_gmt":"2022-06-07T13:00:00","guid":{"rendered":"https:\/\/3zskadan.cz\/?p=9855"},"modified":"2022-06-07T15:00:04","modified_gmt":"2022-06-07T13:00:04","slug":"vytvarna-dilna","status":"publish","type":"post","link":"https:\/\/3zskadan.cz\/?p=9855","title":{"rendered":"V\u00fdtvarn\u00e1 d\u00edlna"},"content":{"rendered":"<p>Na\u0161i druh\u00e1\u010dci se 24. kv\u011btna z\u00fa\u010dastnili v\u00fdtvarn\u00e9 d\u00edlny, kterou po\u0159\u00e1dala Galerie Josefa Lieslera. D\u011bti dostaly za \u00fakol namalovat Karla IV. Dle slov poroty byl v\u00fdb\u011br v\u00edt\u011bzn\u00e9ho obr\u00e1zku opravdu t\u011b\u017ek\u00fd. V\u0161echny v\u00fdkresy byly moc hezk\u00e9. Hlavn\u00ed v\u00edt\u011bzkou se stala Val\u00e9rie Mu\u017e\u00edkov\u00e1 ze 2. A. Jej\u00ed obr\u00e1zek bude pou\u017eit na plak\u00e1t a pozv\u00e1nku v\u00fdstavy 30. v\u00fdro\u010d\u00ed C\u00edsa\u0159sk\u00e9ho dne. K\u00a0vid\u011bn\u00ed bude od 29. \u010dervna na Studentsk\u00e9m n\u00e1m\u011bst\u00ed ve vitr\u00edn\u011b v\u00a0Galerii pod \u0161ir\u00fdm nebem. Zhruba 10 dn\u00ed p\u0159ed v\u00fdstavou budou po Kadani vylepen\u00e9 plak\u00e1ty, kter\u00e9 rovn\u011b\u017e ozdob\u00ed\u00a0Valin\u010dina kresba. A aby to ostatn\u00edm mal\u00ed\u0159\u016fm a mal\u00ed\u0159k\u00e1m nebylo l\u00edto, tak porotu napadlo, \u017ee by se v\u0161echna d\u00edla vystavila p\u0159\u00ed\u0161t\u00ed rok v\u00a0l\u00e9t\u011b. Chvili\u010dku si sice na tuto v\u00fdstavu po\u010dk\u00e1me, ale u\u017e te\u010f se na ni velice t\u011b\u0161\u00edme. Moc gratuluji Valince a v\u0161em druh\u00e1\u010dk\u016fm.<\/p>\n<p>\u00a0Mgr. Kate\u0159ina Goldmannov\u00e1<\/p>\n\n\n<figure class=\"wp-block-gallery has-nested-images columns-default is-cropped wp-block-gallery-1 is-layout-flex wp-block-gallery-is-layout-flex\">\n<figure class=\"wp-block-image size-large\"><img data-recalc-dims=\"1\" fetchpriority=\"high\" decoding=\"async\" width=\"1170\" height=\"1655\" data-attachment-id=\"9846\" data-permalink=\"https:\/\/3zskadan.cz\/?attachment_id=9846\" data-orig-file=\"https:\/\/i0.wp.com\/3zskadan.cz\/wp-content\/uploads\/Navrh-bez-nazvu-1.jpg?fit=1587%2C2245&amp;ssl=1\" data-orig-size=\"1587,2245\" data-comments-opened=\"1\" data-image-meta=\"{&quot;aperture&quot;:&quot;0&quot;,&quot;credit&quot;:&quot;&quot;,&quot;camera&quot;:&quot;&quot;,&quot;caption&quot;:&quot;&quot;,&quot;created_timestamp&quot;:&quot;0&quot;,&quot;copyright&quot;:&quot;&quot;,&quot;focal_length&quot;:&quot;0&quot;,&quot;iso&quot;:&quot;0&quot;,&quot;shutter_speed&quot;:&quot;0&quot;,&quot;title&quot;:&quot;&quot;,&quot;orientation&quot;:&quot;0&quot;}\" data-image-title=\"Karel IV.\" data-image-description=\"\" data-image-caption=\"\" data-large-file=\"https:\/\/i0.wp.com\/3zskadan.cz\/wp-content\/uploads\/Navrh-bez-nazvu-1.jpg?fit=724%2C1024&amp;ssl=1\" data-id=\"9846\" src=\"https:\/\/i0.wp.com\/3zskadan.cz\/wp-content\/uploads\/Navrh-bez-nazvu-1.jpg?resize=1170%2C1655&#038;ssl=1\" alt=\"\" class=\"wp-image-9846\" srcset=\"https:\/\/i0.wp.com\/3zskadan.cz\/wp-content\/uploads\/Navrh-bez-nazvu-1.jpg?w=1587&amp;ssl=1 1587w, https:\/\/i0.wp.com\/3zskadan.cz\/wp-content\/uploads\/Navrh-bez-nazvu-1.jpg?resize=212%2C300&amp;ssl=1 212w, https:\/\/i0.wp.com\/3zskadan.cz\/wp-content\/uploads\/Navrh-bez-nazvu-1.jpg?resize=724%2C1024&amp;ssl=1 724w, https:\/\/i0.wp.com\/3zskadan.cz\/wp-content\/uploads\/Navrh-bez-nazvu-1.jpg?resize=768%2C1086&amp;ssl=1 768w, https:\/\/i0.wp.com\/3zskadan.cz\/wp-content\/uploads\/Navrh-bez-nazvu-1.jpg?resize=1086%2C1536&amp;ssl=1 1086w, https:\/\/i0.wp.com\/3zskadan.cz\/wp-content\/uploads\/Navrh-bez-nazvu-1.jpg?resize=1448%2C2048&amp;ssl=1 1448w\" sizes=\"(max-width: 1170px) 100vw, 1170px\" \/><\/figure>\n\n\n\n<figure class=\"wp-block-image size-large\"><img data-recalc-dims=\"1\" decoding=\"async\" width=\"1170\" height=\"878\" data-attachment-id=\"9847\" data-permalink=\"https:\/\/3zskadan.cz\/?attachment_id=9847\" data-orig-file=\"https:\/\/i0.wp.com\/3zskadan.cz\/wp-content\/uploads\/285712492_573733804175600_3921277623127344998_n.jpg?fit=1824%2C1368&amp;ssl=1\" data-orig-size=\"1824,1368\" data-comments-opened=\"1\" data-image-meta=\"{&quot;aperture&quot;:&quot;0&quot;,&quot;credit&quot;:&quot;&quot;,&quot;camera&quot;:&quot;&quot;,&quot;caption&quot;:&quot;&quot;,&quot;created_timestamp&quot;:&quot;0&quot;,&quot;copyright&quot;:&quot;&quot;,&quot;focal_length&quot;:&quot;0&quot;,&quot;iso&quot;:&quot;0&quot;,&quot;shutter_speed&quot;:&quot;0&quot;,&quot;title&quot;:&quot;&quot;,&quot;orientation&quot;:&quot;0&quot;}\" data-image-title=\"Karel IV.\" data-image-description=\"\" data-image-caption=\"\" data-large-file=\"https:\/\/i0.wp.com\/3zskadan.cz\/wp-content\/uploads\/285712492_573733804175600_3921277623127344998_n.jpg?fit=1024%2C768&amp;ssl=1\" data-id=\"9847\" src=\"https:\/\/i0.wp.com\/3zskadan.cz\/wp-content\/uploads\/285712492_573733804175600_3921277623127344998_n.jpg?resize=1170%2C878&#038;ssl=1\" alt=\"\" class=\"wp-image-9847\" srcset=\"https:\/\/i0.wp.com\/3zskadan.cz\/wp-content\/uploads\/285712492_573733804175600_3921277623127344998_n.jpg?w=1824&amp;ssl=1 1824w, https:\/\/i0.wp.com\/3zskadan.cz\/wp-content\/uploads\/285712492_573733804175600_3921277623127344998_n.jpg?resize=300%2C225&amp;ssl=1 300w, https:\/\/i0.wp.com\/3zskadan.cz\/wp-content\/uploads\/285712492_573733804175600_3921277623127344998_n.jpg?resize=1024%2C768&amp;ssl=1 1024w, https:\/\/i0.wp.com\/3zskadan.cz\/wp-content\/uploads\/285712492_573733804175600_3921277623127344998_n.jpg?resize=768%2C576&amp;ssl=1 768w, https:\/\/i0.wp.com\/3zskadan.cz\/wp-content\/uploads\/285712492_573733804175600_3921277623127344998_n.jpg?resize=1536%2C1152&amp;ssl=1 1536w\" sizes=\"(max-width: 1170px) 100vw, 1170px\" \/><\/figure>\n\n\n\n<figure class=\"wp-block-image size-large\"><img data-recalc-dims=\"1\" decoding=\"async\" width=\"1170\" height=\"878\" data-attachment-id=\"9848\" data-permalink=\"https:\/\/3zskadan.cz\/?attachment_id=9848\" data-orig-file=\"https:\/\/i0.wp.com\/3zskadan.cz\/wp-content\/uploads\/285578655_1065569654036210_5030619707889941285_n.jpg?fit=1824%2C1368&amp;ssl=1\" data-orig-size=\"1824,1368\" data-comments-opened=\"1\" data-image-meta=\"{&quot;aperture&quot;:&quot;0&quot;,&quot;credit&quot;:&quot;&quot;,&quot;camera&quot;:&quot;&quot;,&quot;caption&quot;:&quot;&quot;,&quot;created_timestamp&quot;:&quot;0&quot;,&quot;copyright&quot;:&quot;&quot;,&quot;focal_length&quot;:&quot;0&quot;,&quot;iso&quot;:&quot;0&quot;,&quot;shutter_speed&quot;:&quot;0&quot;,&quot;title&quot;:&quot;&quot;,&quot;orientation&quot;:&quot;0&quot;}\" data-image-title=\"Karel IV.\" data-image-description=\"\" data-image-caption=\"\" data-large-file=\"https:\/\/i0.wp.com\/3zskadan.cz\/wp-content\/uploads\/285578655_1065569654036210_5030619707889941285_n.jpg?fit=1024%2C768&amp;ssl=1\" data-id=\"9848\" src=\"https:\/\/i0.wp.com\/3zskadan.cz\/wp-content\/uploads\/285578655_1065569654036210_5030619707889941285_n.jpg?resize=1170%2C878&#038;ssl=1\" alt=\"\" class=\"wp-image-9848\" srcset=\"https:\/\/i0.wp.com\/3zskadan.cz\/wp-content\/uploads\/285578655_1065569654036210_5030619707889941285_n.jpg?w=1824&amp;ssl=1 1824w, https:\/\/i0.wp.com\/3zskadan.cz\/wp-content\/uploads\/285578655_1065569654036210_5030619707889941285_n.jpg?resize=300%2C225&amp;ssl=1 300w, https:\/\/i0.wp.com\/3zskadan.cz\/wp-content\/uploads\/285578655_1065569654036210_5030619707889941285_n.jpg?resize=1024%2C768&amp;ssl=1 1024w, https:\/\/i0.wp.com\/3zskadan.cz\/wp-content\/uploads\/285578655_1065569654036210_5030619707889941285_n.jpg?resize=768%2C576&amp;ssl=1 768w, https:\/\/i0.wp.com\/3zskadan.cz\/wp-content\/uploads\/285578655_1065569654036210_5030619707889941285_n.jpg?resize=1536%2C1152&amp;ssl=1 1536w\" sizes=\"(max-width: 1170px) 100vw, 1170px\" \/><\/figure>\n\n\n\n<figure class=\"wp-block-image size-large\"><img data-recalc-dims=\"1\" loading=\"lazy\" decoding=\"async\" width=\"1170\" height=\"878\" data-attachment-id=\"9849\" data-permalink=\"https:\/\/3zskadan.cz\/?attachment_id=9849\" data-orig-file=\"https:\/\/i0.wp.com\/3zskadan.cz\/wp-content\/uploads\/285698169_540434910988934_5470995251630750299_n.jpg?fit=1824%2C1368&amp;ssl=1\" data-orig-size=\"1824,1368\" data-comments-opened=\"1\" data-image-meta=\"{&quot;aperture&quot;:&quot;0&quot;,&quot;credit&quot;:&quot;&quot;,&quot;camera&quot;:&quot;&quot;,&quot;caption&quot;:&quot;&quot;,&quot;created_timestamp&quot;:&quot;0&quot;,&quot;copyright&quot;:&quot;&quot;,&quot;focal_length&quot;:&quot;0&quot;,&quot;iso&quot;:&quot;0&quot;,&quot;shutter_speed&quot;:&quot;0&quot;,&quot;title&quot;:&quot;&quot;,&quot;orientation&quot;:&quot;0&quot;}\" data-image-title=\"Karel IV.\" data-image-description=\"\" data-image-caption=\"\" data-large-file=\"https:\/\/i0.wp.com\/3zskadan.cz\/wp-content\/uploads\/285698169_540434910988934_5470995251630750299_n.jpg?fit=1024%2C768&amp;ssl=1\" data-id=\"9849\" src=\"https:\/\/i0.wp.com\/3zskadan.cz\/wp-content\/uploads\/285698169_540434910988934_5470995251630750299_n.jpg?resize=1170%2C878&#038;ssl=1\" alt=\"\" class=\"wp-image-9849\" srcset=\"https:\/\/i0.wp.com\/3zskadan.cz\/wp-content\/uploads\/285698169_540434910988934_5470995251630750299_n.jpg?w=1824&amp;ssl=1 1824w, https:\/\/i0.wp.com\/3zskadan.cz\/wp-content\/uploads\/285698169_540434910988934_5470995251630750299_n.jpg?resize=300%2C225&amp;ssl=1 300w, https:\/\/i0.wp.com\/3zskadan.cz\/wp-content\/uploads\/285698169_540434910988934_5470995251630750299_n.jpg?resize=1024%2C768&amp;ssl=1 1024w, https:\/\/i0.wp.com\/3zskadan.cz\/wp-content\/uploads\/285698169_540434910988934_5470995251630750299_n.jpg?resize=768%2C576&amp;ssl=1 768w, https:\/\/i0.wp.com\/3zskadan.cz\/wp-content\/uploads\/285698169_540434910988934_5470995251630750299_n.jpg?resize=1536%2C1152&amp;ssl=1 1536w\" sizes=\"(max-width: 1170px) 100vw, 1170px\" \/><\/figure>\n\n\n\n<figure class=\"wp-block-image size-large\"><img data-recalc-dims=\"1\" loading=\"lazy\" decoding=\"async\" width=\"1170\" height=\"878\" data-attachment-id=\"9851\" data-permalink=\"https:\/\/3zskadan.cz\/?attachment_id=9851\" data-orig-file=\"https:\/\/i0.wp.com\/3zskadan.cz\/wp-content\/uploads\/285754442_548205946894832_9120781020195979214_n.jpg?fit=1824%2C1368&amp;ssl=1\" data-orig-size=\"1824,1368\" data-comments-opened=\"1\" data-image-meta=\"{&quot;aperture&quot;:&quot;0&quot;,&quot;credit&quot;:&quot;&quot;,&quot;camera&quot;:&quot;&quot;,&quot;caption&quot;:&quot;&quot;,&quot;created_timestamp&quot;:&quot;0&quot;,&quot;copyright&quot;:&quot;&quot;,&quot;focal_length&quot;:&quot;0&quot;,&quot;iso&quot;:&quot;0&quot;,&quot;shutter_speed&quot;:&quot;0&quot;,&quot;title&quot;:&quot;&quot;,&quot;orientation&quot;:&quot;0&quot;}\" data-image-title=\"Karel IV.\" data-image-description=\"\" data-image-caption=\"\" data-large-file=\"https:\/\/i0.wp.com\/3zskadan.cz\/wp-content\/uploads\/285754442_548205946894832_9120781020195979214_n.jpg?fit=1024%2C768&amp;ssl=1\" data-id=\"9851\" src=\"https:\/\/i0.wp.com\/3zskadan.cz\/wp-content\/uploads\/285754442_548205946894832_9120781020195979214_n.jpg?resize=1170%2C878&#038;ssl=1\" alt=\"\" class=\"wp-image-9851\" srcset=\"https:\/\/i0.wp.com\/3zskadan.cz\/wp-content\/uploads\/285754442_548205946894832_9120781020195979214_n.jpg?w=1824&amp;ssl=1 1824w, https:\/\/i0.wp.com\/3zskadan.cz\/wp-content\/uploads\/285754442_548205946894832_9120781020195979214_n.jpg?resize=300%2C225&amp;ssl=1 300w, https:\/\/i0.wp.com\/3zskadan.cz\/wp-content\/uploads\/285754442_548205946894832_9120781020195979214_n.jpg?resize=1024%2C768&amp;ssl=1 1024w, https:\/\/i0.wp.com\/3zskadan.cz\/wp-content\/uploads\/285754442_548205946894832_9120781020195979214_n.jpg?resize=768%2C576&amp;ssl=1 768w, https:\/\/i0.wp.com\/3zskadan.cz\/wp-content\/uploads\/285754442_548205946894832_9120781020195979214_n.jpg?resize=1536%2C1152&amp;ssl=1 1536w\" sizes=\"(max-width: 1170px) 100vw, 1170px\" \/><\/figure>\n<\/figure>\n","protected":false},"excerpt":{"rendered":"<p>Na\u0161i druh\u00e1\u010dci se 24. kv\u011btna z\u00fa\u010dastnili v\u00fdtvarn\u00e9 d\u00edlny, kterou po\u0159\u00e1dala Galerie Josefa Lieslera. D\u011bti dostaly za \u00fakol namalovat Karla IV. Dle slov poroty byl v\u00fdb\u011br v\u00edt\u011bzn\u00e9ho obr\u00e1zku opravdu t\u011b\u017ek\u00fd. V\u0161echny v\u00fdkresy byly moc hezk\u00e9. Hlavn\u00ed v\u00edt\u011bzkou se stala Val\u00e9rie Mu\u017e\u00edkov\u00e1 ze 2. A. Jej\u00ed obr\u00e1zek bude pou\u017eit na plak\u00e1t a pozv\u00e1nku v\u00fdstavy 30. v\u00fdro\u010d\u00ed C\u00edsa\u0159sk\u00e9ho [&hellip;]<\/p>\n","protected":false},"author":1,"featured_media":9846,"comment_status":"open","ping_status":"open","sticky":false,"template":"","format":"standard","meta":{"jetpack_post_was_ever_published":false,"_jetpack_newsletter_access":"","_jetpack_dont_email_post_to_subs":false,"_jetpack_newsletter_tier_id":0,"_jetpack_memberships_contains_paywalled_content":false,"_jetpack_memberships_contains_paid_content":false,"footnotes":"","jetpack_publicize_message":"","jetpack_publicize_feature_enabled":true,"jetpack_social_post_already_shared":true,"jetpack_social_options":{"image_generator_settings":{"template":"highway","default_image_id":0,"font":"","enabled":false},"version":2}},"categories":[15,4],"tags":[223],"class_list":{"0":"post-9855","1":"post","2":"type-post","3":"status-publish","4":"format-standard","5":"has-post-thumbnail","7":"category-aktuality","8":"category-informace","9":"tag-dilna","10":"czr-hentry"},"yoast_head":"<!-- This site is optimized with the Yoast SEO plugin v27.4 - https:\/\/yoast.com\/product\/yoast-seo-wordpress\/ -->\n<title>V\u00fdtvarn\u00e1 d\u00edlna - Z\u00e1kladn\u00ed \u0161kola Kada\u0148, ul. Chomutovsk\u00e1 1683<\/title>\n<meta name=\"robots\" content=\"index, follow, max-snippet:-1, max-image-preview:large, max-video-preview:-1\" \/>\n<link rel=\"canonical\" href=\"https:\/\/3zskadan.cz\/?p=9855\" \/>\n<meta property=\"og:locale\" content=\"cs_CZ\" \/>\n<meta property=\"og:type\" content=\"article\" \/>\n<meta property=\"og:title\" content=\"V\u00fdtvarn\u00e1 d\u00edlna - Z\u00e1kladn\u00ed \u0161kola Kada\u0148, ul. Chomutovsk\u00e1 1683\" \/>\n<meta property=\"og:description\" content=\"Na\u0161i druh\u00e1\u010dci se 24. kv\u011btna z\u00fa\u010dastnili v\u00fdtvarn\u00e9 d\u00edlny, kterou po\u0159\u00e1dala Galerie Josefa Lieslera. D\u011bti dostaly za \u00fakol namalovat Karla IV. Dle slov poroty byl v\u00fdb\u011br v\u00edt\u011bzn\u00e9ho obr\u00e1zku opravdu t\u011b\u017ek\u00fd. V\u0161echny v\u00fdkresy byly moc hezk\u00e9. Hlavn\u00ed v\u00edt\u011bzkou se stala Val\u00e9rie Mu\u017e\u00edkov\u00e1 ze 2. A. Jej\u00ed obr\u00e1zek bude pou\u017eit na plak\u00e1t a pozv\u00e1nku v\u00fdstavy 30. v\u00fdro\u010d\u00ed C\u00edsa\u0159sk\u00e9ho [&hellip;]\" \/>\n<meta property=\"og:url\" content=\"https:\/\/3zskadan.cz\/?p=9855\" \/>\n<meta property=\"og:site_name\" content=\"Z\u00e1kladn\u00ed \u0161kola Kada\u0148, ul. Chomutovsk\u00e1 1683\" \/>\n<meta property=\"article:published_time\" content=\"2022-06-07T13:00:00+00:00\" \/>\n<meta property=\"article:modified_time\" content=\"2022-06-07T13:00:04+00:00\" \/>\n<meta property=\"og:image\" content=\"https:\/\/3zskadan.cz\/wp-content\/uploads\/Navrh-bez-nazvu-1.jpg\" \/>\n\t<meta property=\"og:image:width\" content=\"1587\" \/>\n\t<meta property=\"og:image:height\" content=\"2245\" \/>\n\t<meta property=\"og:image:type\" content=\"image\/jpeg\" \/>\n<meta name=\"author\" content=\"Radek Vinick\u00fd\" \/>\n<meta name=\"twitter:card\" content=\"summary_large_image\" \/>\n<meta name=\"twitter:label1\" content=\"Napsal(a)\" \/>\n\t<meta name=\"twitter:data1\" content=\"Radek Vinick\u00fd\" \/>\n\t<meta name=\"twitter:label2\" content=\"Odhadovan\u00e1 doba \u010dten\u00ed\" \/>\n\t<meta name=\"twitter:data2\" content=\"2 minuty\" \/>\n<script type=\"application\/ld+json\" class=\"yoast-schema-graph\">{\"@context\":\"https:\\\/\\\/schema.org\",\"@graph\":[{\"@type\":\"Article\",\"@id\":\"https:\\\/\\\/3zskadan.cz\\\/?p=9855#article\",\"isPartOf\":{\"@id\":\"https:\\\/\\\/3zskadan.cz\\\/?p=9855\"},\"author\":{\"name\":\"Radek Vinick\u00fd\",\"@id\":\"https:\\\/\\\/3zskadan.cz\\\/#\\\/schema\\\/person\\\/a2724b0431f00279441bbceb4e37b1a5\"},\"headline\":\"V\u00fdtvarn\u00e1 d\u00edlna\",\"datePublished\":\"2022-06-07T13:00:00+00:00\",\"dateModified\":\"2022-06-07T13:00:04+00:00\",\"mainEntityOfPage\":{\"@id\":\"https:\\\/\\\/3zskadan.cz\\\/?p=9855\"},\"wordCount\":190,\"commentCount\":0,\"image\":{\"@id\":\"https:\\\/\\\/3zskadan.cz\\\/?p=9855#primaryimage\"},\"thumbnailUrl\":\"https:\\\/\\\/i0.wp.com\\\/3zskadan.cz\\\/wp-content\\\/uploads\\\/Navrh-bez-nazvu-1.jpg?fit=1587%2C2245&ssl=1\",\"keywords\":[\"D\u00edlna\"],\"articleSection\":[\"Aktuality\",\"Informace\"],\"inLanguage\":\"cs\",\"potentialAction\":[{\"@type\":\"CommentAction\",\"name\":\"Comment\",\"target\":[\"https:\\\/\\\/3zskadan.cz\\\/?p=9855#respond\"]}]},{\"@type\":\"WebPage\",\"@id\":\"https:\\\/\\\/3zskadan.cz\\\/?p=9855\",\"url\":\"https:\\\/\\\/3zskadan.cz\\\/?p=9855\",\"name\":\"V\u00fdtvarn\u00e1 d\u00edlna - Z\u00e1kladn\u00ed \u0161kola Kada\u0148, ul. Chomutovsk\u00e1 1683\",\"isPartOf\":{\"@id\":\"https:\\\/\\\/3zskadan.cz\\\/#website\"},\"primaryImageOfPage\":{\"@id\":\"https:\\\/\\\/3zskadan.cz\\\/?p=9855#primaryimage\"},\"image\":{\"@id\":\"https:\\\/\\\/3zskadan.cz\\\/?p=9855#primaryimage\"},\"thumbnailUrl\":\"https:\\\/\\\/i0.wp.com\\\/3zskadan.cz\\\/wp-content\\\/uploads\\\/Navrh-bez-nazvu-1.jpg?fit=1587%2C2245&ssl=1\",\"datePublished\":\"2022-06-07T13:00:00+00:00\",\"dateModified\":\"2022-06-07T13:00:04+00:00\",\"author\":{\"@id\":\"https:\\\/\\\/3zskadan.cz\\\/#\\\/schema\\\/person\\\/a2724b0431f00279441bbceb4e37b1a5\"},\"breadcrumb\":{\"@id\":\"https:\\\/\\\/3zskadan.cz\\\/?p=9855#breadcrumb\"},\"inLanguage\":\"cs\",\"potentialAction\":[{\"@type\":\"ReadAction\",\"target\":[\"https:\\\/\\\/3zskadan.cz\\\/?p=9855\"]}]},{\"@type\":\"ImageObject\",\"inLanguage\":\"cs\",\"@id\":\"https:\\\/\\\/3zskadan.cz\\\/?p=9855#primaryimage\",\"url\":\"https:\\\/\\\/i0.wp.com\\\/3zskadan.cz\\\/wp-content\\\/uploads\\\/Navrh-bez-nazvu-1.jpg?fit=1587%2C2245&ssl=1\",\"contentUrl\":\"https:\\\/\\\/i0.wp.com\\\/3zskadan.cz\\\/wp-content\\\/uploads\\\/Navrh-bez-nazvu-1.jpg?fit=1587%2C2245&ssl=1\",\"width\":1587,\"height\":2245},{\"@type\":\"BreadcrumbList\",\"@id\":\"https:\\\/\\\/3zskadan.cz\\\/?p=9855#breadcrumb\",\"itemListElement\":[{\"@type\":\"ListItem\",\"position\":1,\"name\":\"Dom\u016f\",\"item\":\"https:\\\/\\\/3zskadan.cz\\\/\"},{\"@type\":\"ListItem\",\"position\":2,\"name\":\"V\u00fdtvarn\u00e1 d\u00edlna\"}]},{\"@type\":\"WebSite\",\"@id\":\"https:\\\/\\\/3zskadan.cz\\\/#website\",\"url\":\"https:\\\/\\\/3zskadan.cz\\\/\",\"name\":\"Z\u00e1kladn\u00ed \u0161kola Kada\u0148, ul. Chomutovsk\u00e1 1683\",\"description\":\"\",\"potentialAction\":[{\"@type\":\"SearchAction\",\"target\":{\"@type\":\"EntryPoint\",\"urlTemplate\":\"https:\\\/\\\/3zskadan.cz\\\/?s={search_term_string}\"},\"query-input\":{\"@type\":\"PropertyValueSpecification\",\"valueRequired\":true,\"valueName\":\"search_term_string\"}}],\"inLanguage\":\"cs\"},{\"@type\":\"Person\",\"@id\":\"https:\\\/\\\/3zskadan.cz\\\/#\\\/schema\\\/person\\\/a2724b0431f00279441bbceb4e37b1a5\",\"name\":\"Radek Vinick\u00fd\",\"image\":{\"@type\":\"ImageObject\",\"inLanguage\":\"cs\",\"@id\":\"https:\\\/\\\/secure.gravatar.com\\\/avatar\\\/eda0a90e46343fd9908cdf92cc69b075f7f5b586cf33b05c8dd68cb1209f00d6?s=96&d=wavatar&r=g\",\"url\":\"https:\\\/\\\/secure.gravatar.com\\\/avatar\\\/eda0a90e46343fd9908cdf92cc69b075f7f5b586cf33b05c8dd68cb1209f00d6?s=96&d=wavatar&r=g\",\"contentUrl\":\"https:\\\/\\\/secure.gravatar.com\\\/avatar\\\/eda0a90e46343fd9908cdf92cc69b075f7f5b586cf33b05c8dd68cb1209f00d6?s=96&d=wavatar&r=g\",\"caption\":\"Radek Vinick\u00fd\"},\"url\":\"https:\\\/\\\/3zskadan.cz\\\/?author=1\"}]}<\/script>\n<!-- \/ Yoast SEO plugin. -->","yoast_head_json":{"title":"V\u00fdtvarn\u00e1 d\u00edlna - Z\u00e1kladn\u00ed \u0161kola Kada\u0148, ul. Chomutovsk\u00e1 1683","robots":{"index":"index","follow":"follow","max-snippet":"max-snippet:-1","max-image-preview":"max-image-preview:large","max-video-preview":"max-video-preview:-1"},"canonical":"https:\/\/3zskadan.cz\/?p=9855","og_locale":"cs_CZ","og_type":"article","og_title":"V\u00fdtvarn\u00e1 d\u00edlna - Z\u00e1kladn\u00ed \u0161kola Kada\u0148, ul. Chomutovsk\u00e1 1683","og_description":"Na\u0161i druh\u00e1\u010dci se 24. kv\u011btna z\u00fa\u010dastnili v\u00fdtvarn\u00e9 d\u00edlny, kterou po\u0159\u00e1dala Galerie Josefa Lieslera. D\u011bti dostaly za \u00fakol namalovat Karla IV. Dle slov poroty byl v\u00fdb\u011br v\u00edt\u011bzn\u00e9ho obr\u00e1zku opravdu t\u011b\u017ek\u00fd. V\u0161echny v\u00fdkresy byly moc hezk\u00e9. Hlavn\u00ed v\u00edt\u011bzkou se stala Val\u00e9rie Mu\u017e\u00edkov\u00e1 ze 2. A. Jej\u00ed obr\u00e1zek bude pou\u017eit na plak\u00e1t a pozv\u00e1nku v\u00fdstavy 30. v\u00fdro\u010d\u00ed C\u00edsa\u0159sk\u00e9ho [&hellip;]","og_url":"https:\/\/3zskadan.cz\/?p=9855","og_site_name":"Z\u00e1kladn\u00ed \u0161kola Kada\u0148, ul. Chomutovsk\u00e1 1683","article_published_time":"2022-06-07T13:00:00+00:00","article_modified_time":"2022-06-07T13:00:04+00:00","og_image":[{"width":1587,"height":2245,"url":"https:\/\/3zskadan.cz\/wp-content\/uploads\/Navrh-bez-nazvu-1.jpg","type":"image\/jpeg"}],"author":"Radek Vinick\u00fd","twitter_card":"summary_large_image","twitter_misc":{"Napsal(a)":"Radek Vinick\u00fd","Odhadovan\u00e1 doba \u010dten\u00ed":"2 minuty"},"schema":{"@context":"https:\/\/schema.org","@graph":[{"@type":"Article","@id":"https:\/\/3zskadan.cz\/?p=9855#article","isPartOf":{"@id":"https:\/\/3zskadan.cz\/?p=9855"},"author":{"name":"Radek Vinick\u00fd","@id":"https:\/\/3zskadan.cz\/#\/schema\/person\/a2724b0431f00279441bbceb4e37b1a5"},"headline":"V\u00fdtvarn\u00e1 d\u00edlna","datePublished":"2022-06-07T13:00:00+00:00","dateModified":"2022-06-07T13:00:04+00:00","mainEntityOfPage":{"@id":"https:\/\/3zskadan.cz\/?p=9855"},"wordCount":190,"commentCount":0,"image":{"@id":"https:\/\/3zskadan.cz\/?p=9855#primaryimage"},"thumbnailUrl":"https:\/\/i0.wp.com\/3zskadan.cz\/wp-content\/uploads\/Navrh-bez-nazvu-1.jpg?fit=1587%2C2245&ssl=1","keywords":["D\u00edlna"],"articleSection":["Aktuality","Informace"],"inLanguage":"cs","potentialAction":[{"@type":"CommentAction","name":"Comment","target":["https:\/\/3zskadan.cz\/?p=9855#respond"]}]},{"@type":"WebPage","@id":"https:\/\/3zskadan.cz\/?p=9855","url":"https:\/\/3zskadan.cz\/?p=9855","name":"V\u00fdtvarn\u00e1 d\u00edlna - Z\u00e1kladn\u00ed \u0161kola Kada\u0148, ul. Chomutovsk\u00e1 1683","isPartOf":{"@id":"https:\/\/3zskadan.cz\/#website"},"primaryImageOfPage":{"@id":"https:\/\/3zskadan.cz\/?p=9855#primaryimage"},"image":{"@id":"https:\/\/3zskadan.cz\/?p=9855#primaryimage"},"thumbnailUrl":"https:\/\/i0.wp.com\/3zskadan.cz\/wp-content\/uploads\/Navrh-bez-nazvu-1.jpg?fit=1587%2C2245&ssl=1","datePublished":"2022-06-07T13:00:00+00:00","dateModified":"2022-06-07T13:00:04+00:00","author":{"@id":"https:\/\/3zskadan.cz\/#\/schema\/person\/a2724b0431f00279441bbceb4e37b1a5"},"breadcrumb":{"@id":"https:\/\/3zskadan.cz\/?p=9855#breadcrumb"},"inLanguage":"cs","potentialAction":[{"@type":"ReadAction","target":["https:\/\/3zskadan.cz\/?p=9855"]}]},{"@type":"ImageObject","inLanguage":"cs","@id":"https:\/\/3zskadan.cz\/?p=9855#primaryimage","url":"https:\/\/i0.wp.com\/3zskadan.cz\/wp-content\/uploads\/Navrh-bez-nazvu-1.jpg?fit=1587%2C2245&ssl=1","contentUrl":"https:\/\/i0.wp.com\/3zskadan.cz\/wp-content\/uploads\/Navrh-bez-nazvu-1.jpg?fit=1587%2C2245&ssl=1","width":1587,"height":2245},{"@type":"BreadcrumbList","@id":"https:\/\/3zskadan.cz\/?p=9855#breadcrumb","itemListElement":[{"@type":"ListItem","position":1,"name":"Dom\u016f","item":"https:\/\/3zskadan.cz\/"},{"@type":"ListItem","position":2,"name":"V\u00fdtvarn\u00e1 d\u00edlna"}]},{"@type":"WebSite","@id":"https:\/\/3zskadan.cz\/#website","url":"https:\/\/3zskadan.cz\/","name":"Z\u00e1kladn\u00ed \u0161kola Kada\u0148, ul. Chomutovsk\u00e1 1683","description":"","potentialAction":[{"@type":"SearchAction","target":{"@type":"EntryPoint","urlTemplate":"https:\/\/3zskadan.cz\/?s={search_term_string}"},"query-input":{"@type":"PropertyValueSpecification","valueRequired":true,"valueName":"search_term_string"}}],"inLanguage":"cs"},{"@type":"Person","@id":"https:\/\/3zskadan.cz\/#\/schema\/person\/a2724b0431f00279441bbceb4e37b1a5","name":"Radek Vinick\u00fd","image":{"@type":"ImageObject","inLanguage":"cs","@id":"https:\/\/secure.gravatar.com\/avatar\/eda0a90e46343fd9908cdf92cc69b075f7f5b586cf33b05c8dd68cb1209f00d6?s=96&d=wavatar&r=g","url":"https:\/\/secure.gravatar.com\/avatar\/eda0a90e46343fd9908cdf92cc69b075f7f5b586cf33b05c8dd68cb1209f00d6?s=96&d=wavatar&r=g","contentUrl":"https:\/\/secure.gravatar.com\/avatar\/eda0a90e46343fd9908cdf92cc69b075f7f5b586cf33b05c8dd68cb1209f00d6?s=96&d=wavatar&r=g","caption":"Radek Vinick\u00fd"},"url":"https:\/\/3zskadan.cz\/?author=1"}]}},"jetpack_publicize_connections":[],"jetpack_featured_media_url":"https:\/\/i0.wp.com\/3zskadan.cz\/wp-content\/uploads\/Navrh-bez-nazvu-1.jpg?fit=1587%2C2245&ssl=1","jetpack_sharing_enabled":true,"jetpack_shortlink":"https:\/\/wp.me\/p7YYLP-2yX","_links":{"self":[{"href":"https:\/\/3zskadan.cz\/index.php?rest_route=\/wp\/v2\/posts\/9855","targetHints":{"allow":["GET"]}}],"collection":[{"href":"https:\/\/3zskadan.cz\/index.php?rest_route=\/wp\/v2\/posts"}],"about":[{"href":"https:\/\/3zskadan.cz\/index.php?rest_route=\/wp\/v2\/types\/post"}],"author":[{"embeddable":true,"href":"https:\/\/3zskadan.cz\/index.php?rest_route=\/wp\/v2\/users\/1"}],"replies":[{"embeddable":true,"href":"https:\/\/3zskadan.cz\/index.php?rest_route=%2Fwp%2Fv2%2Fcomments&post=9855"}],"version-history":[{"count":0,"href":"https:\/\/3zskadan.cz\/index.php?rest_route=\/wp\/v2\/posts\/9855\/revisions"}],"wp:featuredmedia":[{"embeddable":true,"href":"https:\/\/3zskadan.cz\/index.php?rest_route=\/wp\/v2\/media\/9846"}],"wp:attachment":[{"href":"https:\/\/3zskadan.cz\/index.php?rest_route=%2Fwp%2Fv2%2Fmedia&parent=9855"}],"wp:term":[{"taxonomy":"category","embeddable":true,"href":"https:\/\/3zskadan.cz\/index.php?rest_route=%2Fwp%2Fv2%2Fcategories&post=9855"},{"taxonomy":"post_tag","embeddable":true,"href":"https:\/\/3zskadan.cz\/index.php?rest_route=%2Fwp%2Fv2%2Ftags&post=9855"}],"curies":[{"name":"wp","href":"https:\/\/api.w.org\/{rel}","templated":true}]}}